{"id":208,"date":"2011-04-28T15:03:58","date_gmt":"2011-04-28T14:03:58","guid":{"rendered":"http:\/\/www.mszporoszlany.hu\/?p=208"},"modified":"2012-07-11T22:35:12","modified_gmt":"2012-07-11T21:35:12","slug":"szamhaboru","status":"publish","type":"post","link":"https:\/\/www.mszporoszlany.hu\/?p=208","title":{"rendered":"Sz\u00e1mh\u00e1bor\u00fa"},"content":{"rendered":"<p><img loading=\"lazy\" decoding=\"async\" class=\"alignleft size-full wp-image-212\" title=\"markushegy\" src=\"https:\/\/www.mszporoszlany.hu\/wp-content\/uploads\/2012\/03\/markushegy.jpg\" alt=\"\" width=\"200\" height=\"120\" \/>Komoly v\u00e1ltoz\u00e1st tapasztalhattak az elm\u00falt egy \u00e9v sor\u00e1n mindazok, akik figyelemmel k\u00eds\u00e9rt\u00e9k a M\u00e1rskushegyi b\u00e1nya\u00fczem bez\u00e1r\u00e1s\u00e1nak id\u0151pontj\u00e1ra tett \u00edg\u00e9reteket. Ma m\u00e1r mindenki t\u00e9nyk\u00e9nt kezeli a 2012-es d\u00e1tumot. De nem volt ez mindig \u00edgy! Az oroszl\u00e1ny-sz\u00e1jt \u00f6ssze\u00e1ll\u00edt\u00e1sa seg\u00edt az eml\u00e9kek felid\u00e9z\u00e9s\u00e9ben.<\/p>\n<p><!--more--><\/p>\n<p style=\"padding-left: 30px;\"><em>A V\u00e9rtesi Er\u0151m\u0171 ugyanis eredetileg 2014-ig k\u00e9rte az uni\u00f3t\u00f3l a (sz\u00e9nfill\u00e9r &#8211; a szerk.) t\u00e1mogat\u00e1s fenntart\u00e1s\u00e1t, s a vonatkoz\u00f3 korm\u00e1nyhat\u00e1rozat is eddig az id\u0151pontig ir\u00e1nyozta el\u0151 a VE \u00e9s a b\u00e1nya m\u0171k\u00f6d\u00e9s\u00e9t, \u00e1m a t\u00e1rsas\u00e1g k\u00e9relm\u00e9t az EU csak 2010 v\u00e9g\u00e9ig hagyta j\u00f3v\u00e1. Azt viszont jelenleg m\u00e9g nem tudni, hogy az EU hajland\u00f3 lesz-e meghosszabb\u00edtani eme dokumentumot. Mindenesetre az egyeztet\u00e9sek err\u0151l m\u00e1r elkezd\u0151dtek az \u00fajonnan fel\u00e1llt eur\u00f3pai vezet\u0151 szervezetekkel. Magyarorsz\u00e1g nincs egyed\u00fcl eme probl\u00e9m\u00e1val, hiszen rajtunk k\u00edv\u00fcl n\u00e9gy-\u00f6t \u00e1llam &#8211; k\u00f6zt\u00fck tudom\u00e1sunk szerint N\u00e9metorsz\u00e1g, Spanyolorsz\u00e1g \u00e9s szeretn\u00e9 el\u00e9rni, hogy ez a fajta k\u00f6zvetett \u00e1llami t\u00e1mogat\u00e1s fennmaradhasson.<br \/>\n<\/em><strong>bencsikjanos.hu &#8211; 2009.08.17<\/strong><\/p>\n<p style=\"padding-left: 30px;\"><em>A nemr\u00e9giben lezajlott orsz\u00e1gy\u0171l\u00e9si v\u00e1laszt\u00e1sokon Keleti Gy\u00f6rgy\u00f6t legy\u0151z\u0151 fideszes k\u00e9pvisel\u0151, Czunyin\u00e9 dr. Bertalan Judit ugyanis egy helyi telev\u00edzi\u00f3s vita sor\u00e1n \u00edg\u00e9retet tett arra, hogy megv\u00e1laszt\u00e1sa eset\u00e9n 2014-ig gondoskodik az er\u0151m\u0171 \u00e9s a hozz\u00e1tartoz\u00f3 b\u00e1nya fennmarad\u00e1s\u00e1r\u00f3l.<br \/>\n<\/em><strong>N\u00c9PSZAVA &#8211; 2010.05.05<\/strong><\/p>\n<p style=\"padding-left: 30px;\"><em>2002-ben a c\u00e9g az \u00d6n\u00f6k korm\u00e1nyz\u00e1s\u00e1nak idej\u00e9n a retrofit-programnak k\u00f6sz\u00f6nhet\u0151en 2014-ig kapott es\u00e9lyt arra, hogy a technol\u00f3gia meg\u00faj\u00edt\u00e1sa mellett az egy\u00e9bk\u00e9nt val\u00f3ban neh\u00e9z helyzetben l\u00e9v\u0151 b\u00e1ny\u00e1szati szektor a villamos energiatermel\u00e9sben k\u00f6z\u00e9pt\u00e1v\u00fa szerepet kapjon. Tak\u00e1cs K\u00e1roly vez\u00e9rigazgat\u00f3s\u00e1ga idej\u00e9n a menedzsment azon dolgozott, hogy a munkav\u00e1llal\u00f3k \u00e9rdekeinek \u00e9s c\u00e9g lehet\u0151s\u00e9geinek egyeztet\u00e9se mellett milyen j\u00f6v\u0151k\u00e9pet meddig, \u00e9s milyen szerkezet\u00e1talak\u00edt\u00e1sok megval\u00f3s\u00edt\u00e1s\u00e1val lehet biztos\u00edtani.<br \/>\n<\/em><strong>Szakszervezeti lev\u00e9l a minisztereln\u00f6knek &#8211; 2010.05.07<br \/>\n<\/strong>Az al\u00e1\u00edr\u00f3k k\u00f6z\u00f6tt van Ill\u00e9s R\u00f3bert, az Oroszl\u00e1nyi B\u00e1nya \u00e9s Energiaipari Dolgoz\u00f3k Szakszervezet\u00e9nek eln\u00f6khelyettese is.<\/p>\n<p style=\"padding-left: 30px;\"><em>A Magyarorsz\u00e1gi B\u00e1ny\u00e1sztelep\u00fcl\u00e9sek Orsz\u00e1gos Sz\u00f6vets\u00e9g\u00e9nek az Eln\u00f6ks\u00e9ge szolid\u00e1ris Oroszl\u00e1ny v\u00e1ros \u00e9s a kist\u00e9rs\u00e9g telep\u00fcl\u00e9seivel, indokoltnak tartja k\u00f6vetel\u00e9s\u00fcket, hogy a kor\u00e1bbi korm\u00e1nyhat\u00e1rozatnak megfelel\u0151en a tulajdonos legal\u00e1bb 2014-ig biztos\u00edtsa a M\u00e1rkushegyi b\u00e1nya \u00e9s a V\u00e9rtesi Er\u0151m\u0171 Zrt. m\u0171k\u00f6d\u00e9s\u00e9t. Eddig az id\u0151pontig a b\u00e1ny\u00e1szok, az er\u0151m\u0171vi dolgoz\u00f3k saj\u00e1t, egy\u00e9ni \u00e9letp\u00e1ly\u00e1jukat is megtervezt\u00e9k, sz\u00e1m\u00edtva a hat\u00e1rozatban biztos\u00edtott er\u0151m\u0171vi m\u0171k\u00f6d\u00e9sre.<br \/>\n<\/em><strong>2005.05.11<\/strong><\/p>\n<p style=\"padding-left: 30px;\"><em>A t\u00e1j\u00e9koztat\u00f3n a polg\u00e1rmester r\u00e9sz\u00e9r\u0151l elhangzott: ha m\u00e9gis megsz\u00fcletik a d\u00f6nt\u00e9s \u2013 amit Keleti Gy\u00f6rgy szerint csak a hamarosan fel\u00e1ll\u00f3 jobboldali korm\u00e1ny nyom\u00e1s\u00e1ra \u00e9s j\u00f3v\u00e1hagy\u00e1s\u00e1val hozhat meg az MVM \u2013, akkor nem a \u201ecsup\u00e1n\u201d 1500 f\u0151 alkalmazott, a t\u00e1rsas\u00e1ghoz kapcsol\u00f3d\u00f3 v\u00e1llalkoz\u00f3i k\u00f6r marad munka n\u00e9lk\u00fcl, de a v\u00e1ros is elesik t\u00f6bb sz\u00e1zmilli\u00f3s ad\u00f3bev\u00e9telt\u0151l, s vesz\u00e9lybe ker\u00fcl Oroszl\u00e1ny, Bokod t\u00e1vf\u0171t\u00e9se. A v\u00e1ros gazdas\u00e1gi programj\u00e1t is \u00fagy alak\u00edtottuk ki, hogy a b\u00e1nya \u00edg\u00e9rt 2014-es bez\u00e1r\u00e1s\u00e1val sz\u00e1moltunk, arr\u00f3l nem besz\u00e9lve, hogy az er\u0151m\u0171vel k\u00f6t\u00f6tt garant\u00e1lt h\u0151\u00e1tv\u00e9teli meg\u00e1llapod\u00e1sunk 2020-ig sz\u00f3l. \u2013 sz\u00f6gezte le Rajnai G\u00e1bor.<\/em><\/p>\n<p style=\"padding-left: 30px;\"><em>Ill\u00e9s R\u00f3bert, az Oroszl\u00e1nyi B\u00e1nya \u00e9s Energiaipari Dolgoz\u00f3k Szakszervezet\u00e9nek eln\u00f6khelyettese azt is kijelentette, hogy mindannyian b\u00edznak a Fidesz sz\u00edneiben indul\u00f3, s hamarosan orsz\u00e1ggy\u0171l\u00e9si k\u00e9pvisel\u0151v\u00e9 v\u00e1l\u00f3 Czunyin\u00e9 dr. Bertalan Judit munk\u00e1j\u00e1ban, s b\u00edznak Orb\u00e1n Viktor minisztereln\u00f6k \u00farban.<br \/>\n<\/em><strong>B\u00e1ny\u00e1sz Klub \u2013 2010.05.11<\/strong><\/p>\n<p style=\"padding-left: 30px;\"><em>Kor\u00e1bban is tervezt\u00e9k m\u00e1r a b\u00e1nya bez\u00e1r\u00e1s\u00e1t, a v\u00e9gs\u0151 hat\u00e1rid\u0151t azonban 2014-ben hat\u00e1rozt\u00e1k meg. Tavaly a l\u00e9tsz\u00e1mle\u00e9p\u00edt\u00e9skor \u00e9ppen azt vett\u00fck figyelembe, hogy azok, akik vesz\u00e9lyeztetett kor\u00faak, 2014-ben korkedvezm\u00e9nnyel, esetleg rendesen elmehessenek nyugd\u00edjba. M\u00e9g \u00f6tezer m\u0171szakot \u00edg\u00e9rt sz\u00e1mukra a t\u00e1rsas\u00e1g. Hiszen a m\u00e1rkushegyi haz\u00e1nkban az utols\u00f3 m\u00e9lym\u0171vel\u00e9s\u0171 sz\u00e9nb\u00e1nya, a szakma k\u00e9pvisel\u0151i m\u00e1sutt nemigen tudnak elhelyezkedni. Persze dolgoznak itt villanyszerel\u0151k, lakatosok is, \u0151k szerencs\u00e9sebbek. Az \u00e1tk\u00e9pz\u00e9s, majd az azt k\u00f6vet\u0151 elhelyezked\u00e9s azonban m\u00e1r nehezebb ebben a korban &#8211; jegyezte meg Ill\u00e9s R\u00f3bert.<br \/>\n<\/em><strong>fmh.hu \u2013 2010.05.20<\/strong><\/p>\n<p style=\"padding-left: 30px;\"><em>A V\u00e9rt legal\u00e1bb 2014-ig m\u0171k\u00f6dj\u00f6n sz\u00e9nb\u00e1zison. Ebben akt\u00edvan r\u00e9szt kell vennie a k\u00f6vetkez\u0151 polg\u00e1rmesternek.<br \/>\n<\/em><strong>Tak\u00e1cs K\u00e1roly v\u00e1laszt\u00e1si programja &#8211; 2010. augusztus<\/strong><\/p>\n<p style=\"padding-left: 30px;\"><em>V\u00e1llalhat\u00f3 kompromisszumnak nevezte a V\u00e9rtesi Er\u0151m\u0171 2014-ig \u00e9s a hozz\u00e1 tartoz\u00f3 M\u00e1rkushegyi b\u00e1nya 2012-ig tart\u00f3 tov\u00e1bbi m\u0171k\u00f6dtet\u00e9se \u00e9rdek\u00e9ben hozott korm\u00e1nyzati int\u00e9zked\u00e9seket h\u00e9tf\u0151n Bencsik J\u00e1nos, energia\u00fcgyek\u00e9rt felel\u0151s \u00e1llamtitk\u00e1r a b\u00e1nya gy\u00fclekez\u0151j\u00e9ben tartott munk\u00e1sgy\u0171l\u00e9sen. A politikus r\u00e1mutatott, igaza van mindazoknak, akik azt mondj\u00e1k, hogy a t\u00e1rsas\u00e1g gazdas\u00e1gos m\u0171k\u00f6dtet\u00e9s\u00e9hez a forr\u00e1sokat nem lehet \u00f6r\u00f6kk\u00e9 garant\u00e1lni \u00e9s abban is van igazs\u00e1g, hogy az er\u0151m\u0171 m\u0171szaki \u00e1llapota \u00e9s a l\u00e9gszennyez\u00e9sben val\u00f3 r\u00e9szv\u00e9tele nem teszi lehet\u0151v\u00e9 a hossz\u00fa t\u00e1v\u00fa m\u0171k\u00f6d\u00e9st, de a megold\u00e1shoz az itt dolgoz\u00f3 1200 embert \u00e9s csal\u00e1djuk \u00e9let\u00e9t is figyelembe kellett venni. &#8222;Az els\u0151 Orb\u00e1n-korm\u00e1ny hozta meg a d\u00f6nt\u00e9st, hogy a retrofit beruh\u00e1z\u00e1st meg kell val\u00f3s\u00edtani \u00e9s ennek k\u00f6vetkezt\u00e9ben 2014-ig fog m\u0171k\u00f6dni az er\u0151m\u0171 \u00e9s b\u00e1nya integr\u00e1ci\u00f3ja. Nyolc \u00e9v \u00e1tmeneti, bizonytalan helyzetet k\u00f6vet\u0151en \u00e9s a t\u00e1rsas\u00e1g ellehetetlen\u00fcl\u00e9s\u00e9t eredm\u00e9nyez\u0151 felel\u0151tlen v\u00e1llalatvezet\u00e9s ut\u00e1n eljutottunk od\u00e1ig, hogy a m\u00e1sodik Orb\u00e1n-korm\u00e1ny 2002-ben tett v\u00e1llal\u00e1s\u00e1t hajtja most v\u00e9gre \u00e9s ennek k\u00f6sz\u00f6nhet\u0151en 2012-ig m\u0171k\u00f6dhet a b\u00e1nya \u00e9s 2014-ig az er\u0151m\u0171&#8221; &#8211; jelentette ki Bencsik J\u00e1nos.<br \/>\n<\/em><strong>bencsikjanos.hu &#8211; 2011.01.31<\/strong><\/p>\n<p style=\"padding-left: 30px;\"><em>A reorganiz\u00e1ci\u00f3s tervek szerint a V\u00e9rtesi er\u0151m\u0171ben 2014-ig, a hozz\u00e1tartoz\u00f3 b\u00e1ny\u00e1ban, pedig 2012 \u00e9v v\u00e9g\u00e9ig folytat\u00f3dhat a munka. Ez \u00f6sszesen 1200 csal\u00e1d meg\u00e9lhet\u00e9s\u00e9t biztos\u00edtja. \u00d3ri\u00e1si nagy lelki teher volt az elm\u00falt id\u0151szakban, 2008 v\u00e9ge \u00f3ta a kolleg\u00e1kon. Ez a lelki teher most megsz\u0171nik \u00e9s egy biztons\u00e1gos egy kisz\u00e1m\u00edthat\u00f3 j\u00f6v\u0151 el\u0151tt \u00e1ll a M\u00e1rkus hegyi b\u00e1nya\u00fczem \u2013 jelentette ki Ill\u00e9s R\u00f3bert, a V\u00e9rtesi Er\u0151m\u0171 szakszervezeti eln\u00f6khelyettese.<br \/>\n<\/em><strong>Duna TV &#8211; 2011.02.01<\/strong><\/p>\n","protected":false},"excerpt":{"rendered":"<p>Komoly v\u00e1ltoz\u00e1st tapasztalhattak az elm\u00falt egy \u00e9v sor\u00e1n mindazok, akik figyelemmel k\u00eds\u00e9rt\u00e9k a M\u00e1rskushegyi b\u00e1nya\u00fczem bez\u00e1r\u00e1s\u00e1nak id\u0151pontj\u00e1ra tett \u00edg\u00e9reteket. Ma m\u00e1r mindenki t\u00e9nyk\u00e9nt kezeli a 2012-es d\u00e1tumot. De nem volt ez mindig \u00edgy! Az oroszl\u00e1ny-sz\u00e1jt \u00f6ssze\u00e1ll\u00edt\u00e1sa seg\u00edt az eml\u00e9kek felid\u00e9z\u00e9s\u00e9ben. <a href=\"https:\/\/www.mszporoszlany.hu\/?p=208\">Egy kattint\u00e1s ide a folytat\u00e1shoz&#8230;. <span class=\"meta-nav\">&rarr;<\/span><\/a><\/p>\n","protected":false},"author":35,"featured_media":0,"comment_status":"open","ping_status":"closed","sticky":false,"template":"","format":"standard","meta":{"footnotes":""},"categories":[196,194],"tags":[111,93,112,115,116,114,117,113,9,110],"class_list":["post-208","post","type-post","status-publish","format-standard","hentry","category-magyarorszag","category-oroszlany","tag-bencsik-janos","tag-czunyine-dr-bertalan-judit","tag-illes-robert","tag-keleti-gyorgy","tag-letszamleepites","tag-markushegyi-banyauzem","tag-orban-kormany","tag-retrofit","tag-takacs-karoly","tag-vertesi-eromu-zrt"],"_links":{"self":[{"href":"https:\/\/www.mszporoszlany.hu\/index.php?rest_route=\/wp\/v2\/posts\/208","targetHints":{"allow":["GET"]}}],"collection":[{"href":"https:\/\/www.mszporoszlany.hu\/index.php?rest_route=\/wp\/v2\/posts"}],"about":[{"href":"https:\/\/www.mszporoszlany.hu\/index.php?rest_route=\/wp\/v2\/types\/post"}],"author":[{"embeddable":true,"href":"https:\/\/www.mszporoszlany.hu\/index.php?rest_route=\/wp\/v2\/users\/35"}],"replies":[{"embeddable":true,"href":"https:\/\/www.mszporoszlany.hu\/index.php?rest_route=%2Fwp%2Fv2%2Fcomments&post=208"}],"version-history":[{"count":0,"href":"https:\/\/www.mszporoszlany.hu\/index.php?rest_route=\/wp\/v2\/posts\/208\/revisions"}],"wp:attachment":[{"href":"https:\/\/www.mszporoszlany.hu\/index.php?rest_route=%2Fwp%2Fv2%2Fmedia&parent=208"}],"wp:term":[{"taxonomy":"category","embeddable":true,"href":"https:\/\/www.mszporoszlany.hu\/index.php?rest_route=%2Fwp%2Fv2%2Fcategories&post=208"},{"taxonomy":"post_tag","embeddable":true,"href":"https:\/\/www.mszporoszlany.hu\/index.php?rest_route=%2Fwp%2Fv2%2Ftags&post=208"}],"curies":[{"name":"wp","href":"https:\/\/api.w.org\/{rel}","templated":true}]}}