{"id":2086,"date":"2013-03-05T06:15:49","date_gmt":"2013-03-05T05:15:49","guid":{"rendered":"http:\/\/www.mszporoszlany.hu\/?p=2086"},"modified":"2013-03-05T06:15:49","modified_gmt":"2013-03-05T05:15:49","slug":"sokmillios-kiserlet","status":"publish","type":"post","link":"https:\/\/www.mszporoszlany.hu\/?p=2086","title":{"rendered":"Sokmilli\u00f3s k\u00eds\u00e9rlet"},"content":{"rendered":"<p><img loading=\"lazy\" decoding=\"async\" class=\"alignleft size-full wp-image-2087\" alt=\"Mufuves\" src=\"https:\/\/www.mszporoszlany.hu\/wp-content\/uploads\/2013\/03\/Mufuves.jpg\" width=\"200\" height=\"120\" \/>A v\u00e1ros honlapj\u00e1ra felker\u00fclt egy el\u0151terjeszt\u00e9s a m\u00e1rcius 5-i \u00fcl\u00e9sre, aminek t\u00e1rgya: &#8222;Besz\u00e1mol\u00f3 a m\u0171f\u00fcves labdar\u00fag\u00f3 p\u00e1lya \u00fczemeltet\u00e9si tapasztalatair\u00f3l&#8221;. Mint ismeretes Oroszl\u00e1nyban az MLSZ \u00e9s a v\u00e1ros k\u00f6z\u00f6sen l\u00e9tes\u00edtett egy m\u0171f\u00fcves labdar\u00fag\u00f3 p\u00e1ly\u00e1t. Azt azonban a mai napig nem tudjuk, hogy konkr\u00e9tan mennyibe ker\u00fclt a beruh\u00e1z\u00e1s a v\u00e1rosnak, ugyanis t\u00f6bb sz\u00e1madatot lehetett hallani a t\u00e9m\u00e1val kapcsolatosan. A nyilv\u00e1noss\u00e1gra ker\u00fclt besz\u00e1mol\u00f3ban azonban t\u00f6bb \u00e9rdekes dologra is felfigyelhet\u00fcnk.<\/p>\n<p><!--more--><\/p>\n<p>Ha elkezdj\u00fck olvasni a besz\u00e1mol\u00f3t, akkor el\u0151sz\u00f6r az sz\u00farhat szemet, hogy v\u00e1rosunk g\u00e9niusza nem m\u00e9rte fel az er\u0151viszonyokat. Bizony\u00e1ra ennek tudhat\u00f3 be, hogy egy t\u00f6bb 10 milli\u00f3s fejleszt\u00e9sn\u00e9l az OSZ Zrt a koordin\u00e1ci\u00f3s feladatokat sz\u00f3beli megb\u00edz\u00e1s alapj\u00e1n l\u00e1tta el. Egy ekkora projekt eset\u00e9ben ez meglehet\u0151sen k\u00f6nnyelm\u0171 dolog, egy szerz\u0151d\u00e9st tal\u00e1n illett volna \u00edrni. Tak\u00e1cs K\u00e1roly eset\u00e9ben \u00e9rthet\u0151 a k\u00f6nnyelm\u0171s\u00e9g, hiszen aki havonta t\u00f6bb mint 600 ezer forintot aut\u00f3zik el, annak ez az \u00f6sszeg nem akkora nagys\u00e1grend\u0171, hogy a felhaszn\u00e1l\u00e1s koordin\u00e1l\u00e1s\u00e1r\u00f3l \u00edr\u00e1sbeli meg\u00e1llapod\u00e1s sz\u00fclessen. \u00c9rdekes dolog, hogy L\u00e1z\u00e1r M\u00f3zesnek sem jutott esz\u00e9be, hogy illene \u00edr\u00e1sban nyilatkozni a dologgal kapcsolatban. Az ilyen jelleg\u0171 jogi ismeretek nem f\u00e9rtek bele a feln\u0151ttk\u00e9pz\u00e9ses tanfolyamba, ahol a doktorij\u00e1t szerezte?<\/p>\n<p>Ezen a probl\u00e9m\u00e1n t\u00fall\u00e9pve a besz\u00e1mol\u00f3ban olvashat\u00f3ak a sz\u00f3beli megb\u00edz\u00e1s r\u00e9szletei. Az OSZ Zrt tartotta a kapcsolatot az MLSZ-szel, szakmai konzult\u00e1ci\u00f3kat tartott a kivitelez\u0151vel, ellen\u0151rizte a munkafolyamatot \u00e9s \u00e9szrev\u00e9teleket, javaslatokat gy\u0171jt\u00f6tt. A besz\u00e1mol\u00f3 tov\u00e1bb olvas\u00e1sa ut\u00e1n vil\u00e1goss\u00e1 v\u00e1lik, hogy az OSZ Zrt gyakorlatilag egyik feladat\u00e1t sem l\u00e1tta el megfelel\u0151en.<\/p>\n<p><strong>Rendszeres kapcsolattart\u00e1s az MLSZ-szel \u00e9s a kivitelez\u0151vel<\/strong><\/p>\n<p>Az OSZ Zrt sz\u00f3ban kapott megb\u00edz\u00e1sa alapj\u00e1n ez volt az els\u0151 kett\u0151 feladatk\u00f6r, amit el kellett l\u00e1tnia. A besz\u00e1mol\u00f3 olvas\u00e1sa ut\u00e1n kider\u00fcl, hogy pr\u00f3b\u00e1ltak ugyan probl\u00e9m\u00e1kat jelezni a fenn eml\u00edtett szerveztek fel\u00e9, de azokat nem hallgatt\u00e1k meg, mint \u00edrj\u00e1k &#8222;ink\u00e1bb alkalmazt\u00e1k a megszokott \u00e9s \u00e1ltaluk kialak\u00edtott m\u00f3dszereket minden r\u00e9szletk\u00e9rd\u00e9sben&#8221;. Ez a mondat jellemzi a m\u0171f\u00fcves focip\u00e1lya keletkez\u00e9s\u00e9nek eg\u00e9sz\u00e9t. A kivitelez\u0151 \u00e9s a megrendel\u0151 MLSZ nem vette figyelembe a helyi saj\u00e1toss\u00e1gokat, ig\u00e9nyeket.<\/p>\n<p><strong>A munkafolyamat ellen\u0151rz\u00e9se<\/strong><\/p>\n<p>A fenn felsorolt kommunik\u00e1ci\u00f3s zs\u00e1kutc\u00e1k a p\u00e1lya \u00e1tad\u00e1sa ut\u00e1n probl\u00e9m\u00e1kat okoztak: elszakadt a kapuh\u00e1l\u00f3, ki\u00e9gett a reflektor a felkapcsol\u00e1s sor\u00e1n. Vajon hogyan ellen\u0151rizte a munkafolyamatot a sz\u00f3ban megb\u00edzott OSZ Zrt, ha ezekre a hib\u00e1kra az \u00e1tad\u00e1s el\u0151tt nem der\u00fclt f\u00e9ny? Joggal vet\u0151dik fel a k\u00e9rd\u00e9s, hogy k\u00e9sz\u00fclt-e egy\u00e1ltal\u00e1n b\u00e1rmilyen \u00e1tad\u00e1s-\u00e1tv\u00e9teli jegyz\u0151k\u00f6nyv a p\u00e1lya &#8222;birtokba&#8221; v\u00e9tele el\u0151tt? Ha igen, akkor mi \u00e1ll ebben a jegyz\u0151k\u00f6nyvben? L\u00e1tta-e valaki az OSZ Zrt-n\u00e9l a kivitelez\u00e9si terveket? Igaz, a hib\u00e1k kijav\u00edt\u00e1s\u00e1ban m\u00e1r egy\u00fcttm\u0171k\u00f6d\u00f6tt az MLSZ, de ezt nem \u00e9rdemk\u00e9nt k\u00e9ne felsorolni. A garanci\u00e1lis jav\u00edt\u00e1s, a j\u00f3t\u00e1ll\u00e1s nem \u00e9rdem, hanem jogi k\u00f6telezetts\u00e9g!<\/p>\n<p><strong>\u00c9szrev\u00e9telek, javaslatok \u00f6sszegy\u0171jt\u00e9se<\/strong><\/p>\n<p>Ez az a pont a sz\u00f3beli megb\u00edz\u00e1sban, amire azt hihetn\u00e9nk, hogy nem lehet probl\u00e9ma az ell\u00e1t\u00e1s\u00e1val kapcsolatban. Azonban az OSZ Zrt-nek siker\u00fclt. A p\u00e1lya hi\u00e1nyoss\u00e1gainak felsorol\u00e1s\u00e1n\u00e1l szerepel, hogy nincs a p\u00e1lya mellet szoci\u00e1lis blokk, t\u00e1rol\u00f3 helys\u00e9g, lel\u00e1t\u00f3. Azon k\u00edv\u00fcl nem lehet a szakiskola \u00f6lt\u00f6z\u0151j\u00e9b\u0151l a p\u00e1ly\u00e1ra jutni, csak f\u00f6ldes \u00faton, \u00e9s a p\u00e1ly\u00e1ra felhordott s\u00e1r t\u00f6nkreteheti azt. Legy\u00fcnk \u0151szint\u00e9k: ezek a hi\u00e1nyoss\u00e1gok nem az \u00fczemeltet\u00e9s k\u00f6zben der\u00fclnek ki, ha valaki j\u00f3zan \u00e9sszel v\u00e9gig gondolja, mire van sz\u00fcks\u00e9g egy ilyen p\u00e1lya mellett, akkor ezek a dolgok ker\u00fclnek fel el\u0151sz\u00f6r a list\u00e1ra. Nem tudjuk, hogy k\u00e9sz\u00fclt-e ilyen lista, azt sem tudjuk pontosan, hogy OSZ Zrt, mint koordin\u00e1tor milyen konkr\u00e9t k\u00e9rd\u00e9seket, probl\u00e9m\u00e1kat k\u00f6z\u00f6lt az MLSZ \u00e9s a kivitelez\u0151 fel\u00e9, ugyanis ilyen dokumentumokat sem tartalmaz a besz\u00e1mol\u00f3.<\/p>\n<p><strong>\u00c9s a t\u00f6bbi \u2026<\/strong><\/p>\n<p>A besz\u00e1mol\u00f3ban van egy logikai bukfenc is. K\u00e9t bekezd\u00e9sen kereszt\u00fcl taglalj\u00e1k, hogy mik\u00e9nt n\u0151tt a p\u00e1lya kihaszn\u00e1lts\u00e1ga, ut\u00e1na pedig a cs\u00f6kkent \u00e9rdekl\u0151d\u00e9s okait taglalj\u00e1k. Akkor most vannak \u00e9rdekl\u0151d\u0151k vagy nincsenek? \u00c9rdemk\u00e9nt sorolj\u00e1k fel azt, hogy a testnevel\u00e9s\u00f3r\u00e1kon a di\u00e1kok ig\u00e9nybe veszik a p\u00e1ly\u00e1t. Azok ut\u00e1n, hogy a m\u0171f\u00fcves p\u00e1ly\u00e1t a szakiskola r\u00e9gi betonos focip\u00e1ly\u00e1j\u00e1ra \u00e9p\u00edtett\u00e9k ezen nem kellene csod\u00e1lkozni,m ugyanis csak ott lehet focizni. A pontoss\u00e1g itt is hi\u00e1nyzik, mert er\u0151sen f\u00e9lre\u00e9rthet\u0151 az &#8222;\u00f6rvendetes m\u00f3don megn\u00f6vekedett a fociz\u00f3 di\u00e1kok sz\u00e1ma\u201d. De mihez k\u00e9pest? Milyen kor\u00e1bbi felm\u00e9r\u00e9sek \u00e1lltak a besz\u00e1mol\u00f3-k\u00e9sz\u00edt\u0151k rendelkez\u00e9s\u00e9re a m\u0171f\u00fcves p\u00e1ly\u00e1t megel\u0151z\u0151 id\u0151szakb\u00f3l a ter\u00fclet haszn\u00e1lat\u00e1ra vonatkoz\u00f3an? A di\u00e1kok ugyanis nem d\u00e9lut\u00e1n j\u00f6nnek vissza focizni, hanem testnevel\u00e9s\u00f3r\u00e1n teszik ezt. A kett\u0151 k\u00f6z\u00f6tt az\u00e9rt van k\u00fcl\u00f6nbs\u00e9g, \u00e9s korrekt megfogalmaz\u00e1s tal\u00e1n elv\u00e1rhat\u00f3 lett volna besz\u00e1mol\u00f3 k\u00e9sz\u00edt\u0151j\u00e9t\u0151l.<\/p>\n<p>Annak idej\u00e9n, amikor az oroszl\u00e1nyi MSZP frakci\u00f3ja ellenezte a p\u00e1lya ilyen m\u00f3don t\u00f6rt\u00e9n\u0151 meg\u00e9p\u00edt\u00e9s\u00e9t \u00e9s \u00fczemeltet\u00e9si m\u00f3dszer\u00e9t, akkor ifj\u00fas\u00e1gellenesnek ki\u00e1ll\u00edtotta ki \u0151ket Papp P\u00e9ter \u00e9s Tak\u00e1cs K\u00e1roly. A besz\u00e1mol\u00f3b\u00f3l azonban megtudjuk, hogy a p\u00e1ly\u00e1t haszn\u00e1l\u00f3 bar\u00e1ti t\u00e1rsas\u00e1gok \u00e1tlag\u00e9letkora 30 \u00e9v felett van. \u00cdgy felmer\u00fcl egy k\u00e9rd\u00e9s: hol vannak a fiatalok?<\/p>\n<p>A besz\u00e1mol\u00f3 szakmai sz\u00ednvonal\u00e1t min\u0151s\u00edti, hogy elolvas\u00e1sa ut\u00e1n nem lehet objekt\u00edven eld\u00f6nteni, hogy meg\u00e9rte-e ide hozni a m\u0171f\u00fcves p\u00e1ly\u00e1t vagy sem! Ha egy szakmailag ig\u00e9nyes besz\u00e1mol\u00f3t terjesztenek a k\u00e9pvisel\u0151test\u00fclet el\u00e9, akkor annak tartalmazni kellett volna n\u00e9h\u00e1ny mell\u00e9kletet, csup\u00e1n a teljess\u00e9g ig\u00e9nye miatt! Illett volna csatolni hozz\u00e1 n\u00e9h\u00e1ny statisztik\u00e1t a p\u00e1lyakihaszn\u00e1lts\u00e1g tekintet\u00e9ben. A besz\u00e1mol\u00f3ban konkr\u00e9tumok a p\u00e1lya kihaszn\u00e1lts\u00e1g\u00e1t illet\u0151en nincsenek.<\/p>\n<p>\u00c9rdemes lett volna megvizsg\u00e1lni azt, hogy mennyi bev\u00e9tel sz\u00e1rmazott a p\u00e1lya \u00fczemeltet\u00e9s\u00e9b\u0151l, mekkor\u00e1k voltak a kiad\u00e1sok. Ebb\u0151l a k\u00e9t adatb\u00f3l tal\u00e1n l\u00e1tni lehetett volna, hogy megt\u00e9r\u00fcl\u0151\/\u00fczemeltethet\u0151 beruh\u00e1z\u00e1st hoztak-e l\u00e9tre vagy sem. Vil\u00e1goss\u00e1 v\u00e1lt volna, hogy besz\u00e9lhet\u00fcnk-e egy\u00e1ltal\u00e1n megt\u00e9r\u00fcl\u00e9si id\u0151r\u0151l! Mert az el\u0151zetesen beharangozott adatok alapj\u00e1n mindenki azt gondolhatta, hogy itt sorok fognak \u00e1llni, nem lehet majd elf\u00e9rni az iskola udvar\u00e1n a nagy t\u00f6megt\u0151l. Ehhez k\u00e9pest mi lett ebb\u0151l (is)?<\/p>\n<p>Izgatottan v\u00e1rjuk, hogy az egy\u00e9bk\u00e9nt m\u0171k\u00f6d\u0151k\u00e9pes, \u00e1m m\u00e9gis lebontott G\u00e1rdonyi iskola ter\u00fclet\u00e9n milyen p\u00e1lya fog meg\u00e9p\u00fclni, \u00e9s k\u00edv\u00e1ncsiak lesz\u00fcnk az ottani \u00fczemeltet\u00e9si tapasztalatokra.<\/p>\n","protected":false},"excerpt":{"rendered":"<p>A v\u00e1ros honlapj\u00e1ra felker\u00fclt egy el\u0151terjeszt\u00e9s a m\u00e1rcius 5-i \u00fcl\u00e9sre, aminek t\u00e1rgya: &#8222;Besz\u00e1mol\u00f3 a m\u0171f\u00fcves labdarug\u00f3 p\u00e1lya \u00fczemeltet\u00e9si tapasztalatair\u00f3l&#8221;. Mint ismeretes Oroszl\u00e1nyban az MLSZ \u00e9s a v\u00e1ros k\u00f6z\u00f6sen l\u00e9tes\u00edtett egy m\u0171f\u00fcves labdarug\u00f3 p\u00e1ly\u00e1t. Azt azonban a mai napig nem tudjuk, hogy konkr\u00e9tan mennyibe ker\u00fclt a beruh\u00e1z\u00e1s a v\u00e1rosnak, ugyanis t\u00f6bb sz\u00e1madatot lehetett hallani a t\u00e9m\u00e1val kapcsolatosan. A nyilv\u00e1noss\u00e1gra ker\u00fclt besz\u00e1mol\u00f3ban azonban t\u00f6bb \u00e9rdekes dologra is felfigyelhet\u00fcnk. <a href=\"https:\/\/www.mszporoszlany.hu\/?p=2086\">Egy kattint\u00e1s ide a folytat\u00e1shoz&#8230;. <span class=\"meta-nav\">&rarr;<\/span><\/a><\/p>\n","protected":false},"author":35,"featured_media":0,"comment_status":"open","ping_status":"closed","sticky":false,"template":"","format":"standard","meta":{"footnotes":""},"categories":[194],"tags":[1308,1309,1307,1310,92,649,1306,569,9,654],"class_list":["post-2086","post","type-post","status-publish","format-standard","hentry","category-oroszlany","tag-ellenorzes","tag-javaslatgyujtes","tag-kapcsolattartas","tag-kihasznaltsag","tag-lazar-mozes","tag-mlsz","tag-mufuves-labdarugo-palya","tag-osz-zrt","tag-takacs-karoly","tag-uzemeltetes"],"_links":{"self":[{"href":"https:\/\/www.mszporoszlany.hu\/index.php?rest_route=\/wp\/v2\/posts\/2086","targetHints":{"allow":["GET"]}}],"collection":[{"href":"https:\/\/www.mszporoszlany.hu\/index.php?rest_route=\/wp\/v2\/posts"}],"about":[{"href":"https:\/\/www.mszporoszlany.hu\/index.php?rest_route=\/wp\/v2\/types\/post"}],"author":[{"embeddable":true,"href":"https:\/\/www.mszporoszlany.hu\/index.php?rest_route=\/wp\/v2\/users\/35"}],"replies":[{"embeddable":true,"href":"https:\/\/www.mszporoszlany.hu\/index.php?rest_route=%2Fwp%2Fv2%2Fcomments&post=2086"}],"version-history":[{"count":0,"href":"https:\/\/www.mszporoszlany.hu\/index.php?rest_route=\/wp\/v2\/posts\/2086\/revisions"}],"wp:attachment":[{"href":"https:\/\/www.mszporoszlany.hu\/index.php?rest_route=%2Fwp%2Fv2%2Fmedia&parent=2086"}],"wp:term":[{"taxonomy":"category","embeddable":true,"href":"https:\/\/www.mszporoszlany.hu\/index.php?rest_route=%2Fwp%2Fv2%2Fcategories&post=2086"},{"taxonomy":"post_tag","embeddable":true,"href":"https:\/\/www.mszporoszlany.hu\/index.php?rest_route=%2Fwp%2Fv2%2Ftags&post=2086"}],"curies":[{"name":"wp","href":"https:\/\/api.w.org\/{rel}","templated":true}]}}