{"id":2090,"date":"2013-03-05T06:36:24","date_gmt":"2013-03-05T05:36:24","guid":{"rendered":"http:\/\/www.mszporoszlany.hu\/?p=2090"},"modified":"2013-03-05T06:36:24","modified_gmt":"2013-03-05T05:36:24","slug":"megyejaras","status":"publish","type":"post","link":"https:\/\/www.mszporoszlany.hu\/?p=2090","title":{"rendered":"Megyej\u00e1r\u00e1s"},"content":{"rendered":"<p><img loading=\"lazy\" decoding=\"async\" class=\"alignleft size-full wp-image-2091\" alt=\"KEM\" src=\"https:\/\/www.mszporoszlany.hu\/wp-content\/uploads\/2013\/03\/KEM.jpg\" width=\"200\" height=\"120\" \/>A Magyar Szocialista P\u00e1rt vezet\u00e9se 2013. febru\u00e1r 21-\u00e9n Kom\u00e1rom-Esztergom megy\u00e9ben folytatta vid\u00e9kj\u00e1r\u00e1si akci\u00f3j\u00e1t. A megye 3. v\u00e1laszt\u00f3k\u00f6rzet\u00e9ben, melybe Kisb\u00e9r, Kom\u00e1rom \u00e9s Oroszl\u00e1ny mellett tov\u00e1bbi 38 telep\u00fcl\u00e9s tartozik, h\u00e1rom helysz\u00ednen voltak f\u00f3rumok, tal\u00e1lkoz\u00f3k. A megyej\u00e1r\u00e1s c\u00e9lja az volt, hogy a p\u00e1rt vezet\u00e9se megismerje az emberek probl\u00e9m\u00e1it a helysz\u00edneken. Az \u00e9rdekl\u0151d\u0151knek lehet\u0151s\u00e9g\u00fck ad\u00f3dott arra, hogy feltegy\u00e9k k\u00e9rd\u00e9seiket, \u00e9szrev\u00e9teleiket.<\/p>\n<p><!--more--><\/p>\n<p><strong>Kisb\u00e9r<\/strong><\/p>\n<p>V\u00e1laszt\u00f3k\u00f6rzet\u00fcnkben a h\u00e1rom helysz\u00edn k\u00f6z\u00fcl az els\u0151 Kisb\u00e9r volt, ahol a helyi p\u00e1rtszervezet eln\u00f6ke, Fallmann J\u00f3zsef Ujhelyi Istv\u00e1nt, a magyar orsz\u00e1ggy\u0171l\u00e9s aleln\u00f6k\u00e9t l\u00e1tta vend\u00e9g\u00fcl. Reggel a piacon hazai \u00edzekkel er\u0151s\u00edtettek, majd a Laci konyh\u00e1k ut\u00e1n a kisb\u00e9ri emberekkel ismerkedtek. A piacoz\u00e1s ut\u00e1n Ujhelyi a kisb\u00e9ri IPOSZ sz\u00e9kh\u00e1zban tartott egy p\u00f3diumbesz\u00e9lget\u00e9st, ahol a f\u0151 t\u00e9ma az orsz\u00e1g jelenlegi helyzete \u00e9s a 2014-es v\u00e1laszt\u00e1sok volak. Kifejtette, hogy a v\u00e1laszt\u00e1sokat szerinte csak programalapon egy\u00fcttm\u0171k\u00f6dve lehet megnyerni, mivel a Fidesz-KDNP frakci\u00f3sz\u00f6vets\u00e9g olyan t\u00f6rv\u00e9nyeket hozott, amelyekkel alapjaiban v\u00e1ltoztatta meg a magyar k\u00f6zjogi rendszert, \u00e9s a vissza\u00e1ll\u00edt\u00e1shoz nem el\u00e9gs\u00e9ges az egyszer\u0171 t\u00f6bbs\u00e9g. A 10 \u00f3ra ut\u00e1n v\u00e9get \u00e9r\u0151 f\u00f3rumon a r\u00e9sztvev\u0151k nagyon j\u00f3l \u00e9rezt\u00e9k magukat, \u00e9s hasznosnak nevezt\u00e9k az esem\u00e9nyt. Ujhelyi Istv\u00e1n a kisb\u00e9ri tal\u00e1lkoz\u00f3 ut\u00e1n egy tatai iskola tantest\u00fclet\u00e9vel besz\u00e9lgetett, ez\u00e9rt sietnie kellett, de a jelenl\u00e9v\u0151knek lett volna m\u00e9g k\u00e9rd\u00e9s\u00fck.<\/p>\n<p>Sz\u00e9kely Antal, a v\u00e1laszt\u00f3ker\u00fclet felel\u0151se szerint a 2014-es kamp\u00e1nyban nagyon intenz\u00edven kell majd dolgozni, hiszen a m\u00e9diumok jelent\u0151s r\u00e9sz\u00e9t a korm\u00e1ny \u00e1ltal deleg\u00e1lt m\u00e9diahat\u00f3s\u00e1g fel\u00fcgyeli. \u00cdgy nem lesz lehet\u0151s\u00e9g a p\u00e1rt v\u00e9lem\u00e9ny\u00e9t az eddig szok\u00e1sos csatorn\u00e1kon eljuttatni az emberekhez. Oroszl\u00e1nyi p\u00e9ld\u00e1t hozva megeml\u00edtette az \u00daj K\u00e9thetes nev\u0171 kiadv\u00e1nyt, amely k\u00f6zp\u00e9nzb\u0151l fizetett helyi \u00fajs\u00e1g, azonban a Fidesz saj\u00e1t sz\u00f3cs\u00f6vek\u00e9nt haszn\u00e1lja. Sz\u00e9kely Antal szerint a v\u00e9giggondolt \u00e9s teljes\u00edthet\u0151 programot ez\u00e9rt lak\u00e1st\u00f3l lak\u00e1sig kell majd elvinni. Ez sok munk\u00e1t jelent 2014-ig, de a Fidesz lev\u00e1lt\u00e1sa az orsz\u00e1g \u00e9rdeke.<\/p>\n<p>A besz\u00e9lget\u00e9s v\u00e9g\u00e9n bejelentett\u00e9k, hogy 2013. m\u00e1rcius 21-\u00e9n G\u0151g\u00f6s Zolt\u00e1nt a Mez\u0151gazdas\u00e1gi bizotts\u00e1g aleln\u00f6k\u00e9t fogj\u00e1k vend\u00e9g\u00fcl l\u00e1tni Kisb\u00e9ren.<\/p>\n<p><strong>T\u00e1rk\u00e1ny<\/strong><\/p>\n<p>A m\u00e1sodik helysz\u00edn T\u00e1rk\u00e1ny volt, ahol V\u00f6r\u00f6s Istv\u00e1nnal a megyei cig\u00e1ny \u00f6nkorm\u00e1nyzat eln\u00f6k\u00e9vel besz\u00e9lgetett Teleki L\u00e1szl\u00f3 az MSZP eln\u00f6ks\u00e9gi tagja, volt roma\u00fcgyi \u00e1llamtitk\u00e1r, \u00e9s Varga L\u00e1szl\u00f3 Borsod megyei MSZP-s orsz\u00e1ggy\u0171l\u00e9si k\u00e9pvisel\u0151. V\u00f6r\u00f6s Istv\u00e1n ismertette a helyi probl\u00e9m\u00e1kat, amelyek a majd 1600 f\u0151s telep\u00fcl\u00e9s mindennapjait nehez\u00edtik meg. A besz\u00e9lget\u0151 felek meg\u00e1llap\u00edtott\u00e1k, hogy am\u00edg a sok \u00e9ve tervezett csatornarendszer nem \u00e9p\u00fcl meg a telep\u00fcl\u00e9sen, addig nem fog ipar telep\u00fclni a k\u00f6rny\u00e9kre, \u00edgy a magas munkan\u00e9lk\u00fclis\u00e9g sem fog cs\u00f6kkenni. Az itt dolgoz\u00f3k egy jelent\u0151s r\u00e9sz\u00e9t a helyi \u00f6nkorm\u00e1nyzat foglalkoztatja. V\u00f6r\u00f6s Istv\u00e1n kifejtette, hogy annak idej\u00e9n Keleti Gy\u00f6rgy MSZP-s k\u00e9pvisel\u0151 nagyon sokat lobbizott a k\u00f6rzet falvai\u00e9rt, amely\u00e9rt h\u00e1l\u00e1sak, egy\u00fattal rem\u00e9ny\u00e9t fejezte ki, hogy a j\u00f6v\u0151ben is nagy hangs\u00falyt fognak fektetni a kistelep\u00fcl\u00e9sek felz\u00e1rk\u00f3ztat\u00e1s\u00e1ra.<br \/>\nTeleki L\u00e1szl\u00f3 elmondta, hogy a mai Magyarorsz\u00e1gon a szeg\u00e9nys\u00e9g m\u00e1r nemcsak roma probl\u00e9ma, hiszen majd 4 milli\u00f3 ember \u00e9l a l\u00e9tminimum alatt. Kifejtette tov\u00e1bb\u00e1, hogy a cig\u00e1nys\u00e1g \u00fcgye addig nem fog megnyugtat\u00f3an rendez\u0151dni, am\u00edg nem k\u00e9pesek az \u00f6sszefog\u00e1sra.<\/p>\n<p>Varga L\u00e1szl\u00f3 elmondta, hogy a korm\u00e1ny gazdas\u00e1gpolitik\u00e1ja, amely szerint a gazdagoknak t\u00f6bb p\u00e9nzt biztos\u00edtanak, \u00e9s \u00edgy majd jut a szeg\u00e9nyebb r\u00e9tegeknek is, megbukott. Az \u00faj korm\u00e1nynak els\u0151dleges feladata lesz a gazdas\u00e1gpolitika \u00e9s a bizalom helyre\u00e1ll\u00edt\u00e1sa, ugyanis megfelel\u0151 forr\u00e1sok n\u00e9lk\u00fcl nincs oktat\u00e1s, eg\u00e9szs\u00e9g\u00fcgy \u00e9s szoci\u00e1lis felz\u00e1rk\u00f3ztat\u00e1s.<br \/>\nA tal\u00e1lkoz\u00f3t hasznosnak nevezt\u00e9k a felek, \u00e9s rem\u00e9ny\u00fcket fejezt\u00e9k ki, hogy a k\u00e9s\u0151bbiekben is lesznek hasonl\u00f3 konzult\u00e1ci\u00f3k.<\/p>\n<p><strong>Kom\u00e1rom<\/strong><\/p>\n<p>A harmadik helysz\u00ednnek Kom\u00e1romban a k\u00f6z\u00f6ss\u00e9gi h\u00e1z adott otthon. A f\u00f3rum h\u00e1zigazd\u00e1ja Dr. M\u00e9sz\u00e1ros Gyula volt. Kor\u00f3zs Lajost, az MSZP eln\u00f6ks\u00e9g\u00e9nek tagj\u00e1t, szociol\u00f3gust \u00e9s szoci\u00e1lpolitikai szakembert fogadta, aki t\u00f6bbsz\u00f6r volt a szakter\u00fcleten \u00e1llamtitk\u00e1r. R\u00f6vid bevezet\u0151j\u00e9ben megeml\u00edtette, hogy a v\u00e1laszt\u00e1sokra k\u00e9sz\u00fclve el\u0151z\u0151 nap \u00e9ppen demokratikus p\u00e1rtokkal k\u00f6z\u00f6sen folytatott egyeztet\u00e9seken megnyitott\u00e1k a szoci\u00e1lis ter\u00fcletet is. A megbesz\u00e9l\u00e9sen r\u00f6gz\u00edtett\u00e9k, hogy t\u00f6bb mint 4 milli\u00f3 ember \u00e9l a l\u00e9tminimum alatt, 3 milli\u00f3 embert fenyeget tart\u00f3s leszakad\u00e1s, 1,5 milli\u00f3an m\u00e9lyszeg\u00e9nys\u00e9gben \u00e9lnek. Hatalmas probl\u00e9ma, hogy 500 ezren \u00e9heznek, amelyb\u0151l mintegy 100 ezer a gyermek. Ilyen adatok a m\u00e1sodik vil\u00e1gh\u00e1bor\u00fa idej\u00e9n jellemezt\u00e9k haz\u00e1nkat.<\/p>\n<p>Bevezet\u0151j\u00e9nek m\u00e1sodik fel\u00e9ben a nyugd\u00edjrendszerr\u0151l besz\u00e9lt a szakpolitikus, amellyel kapcsolatosan kritik\u00e1n alulinak \u00e9s dilett\u00e1nsnak nevezete a korm\u00e1ny munk\u00e1j\u00e1t. Megl\u00e1t\u00e1sa szerint az eddigi int\u00e9zked\u00e9seknek bel\u00e1thatatlan k\u00f6vetkezm\u00e9nyei lesznek. Ami m\u00e1r ismert a v\u00e1ltoz\u00e1sok kapcs\u00e1n: \u2013 a korm\u00e1ny felsz\u00e1molta a h\u00e1rompill\u00e9res nyugd\u00edjmodellt; \u2013 eltapsolta azt a mintegy 3000 milli\u00e1rd forintot, amely a kor\u00e1bbi \u00e9vek megtakar\u00edt\u00e1sak\u00e9nt a felel\u0151sen gondolkod\u00f3 \u00e1llampolg\u00e1rok \u00e9s korm\u00e1nyok munk\u00e1j\u00e1nak eredm\u00e9nyek\u00e9nt j\u00f6tt l\u00e9tre. \u00d3ri\u00e1si hib\u00e1nak tartja, hogy az orsz\u00e1g engedte a korm\u00e1nynak a nyugell\u00e1t\u00e1s t\u00f6rv\u00e9nyi garanci\u00e1inak felsz\u00e1mol\u00e1s\u00e1t. Mint ismeretes, az alkotm\u00e1nyt felv\u00e1lt\u00f3 alapt\u00f6rv\u00e9ny m\u00e1r csak \u00e9s kiz\u00e1r\u00f3lag az \u00f6regs\u00e9gi nyugell\u00e1t\u00e1st neves\u00edti, mint alapjogot. Minden m\u00e1s ell\u00e1t\u00e1st kivettek a t\u00f6rv\u00e9ny sz\u00f6veg\u00e9b\u0151l. Ennek k\u00f6sz\u00f6nhet\u0151, hogy a kor\u00e1bban ell\u00e1tott mintegy 2 milli\u00f3 900 ezer emberb\u0151l 1 \u00e9v alatt t\u00f6bb mint 1 milli\u00f3t kiz\u00e1rtak a rendszerb\u0151l. Felh\u00edvta a figyelmet arra, hogy megsz\u00fcntett\u00e9k az el\u0151rehozott \u00f6regs\u00e9gi nyugd\u00edjat, a korengedm\u00e9nyes, a korkedvezm\u00e9nyes nyugd\u00edjat, a b\u00e1ny\u00e1sznyugd\u00edjat, a m\u0171v\u00e9sznyugd\u00edjat, az \u00e1llam szolg\u00e1lat\u00e1ban \u00e1ll\u00f3k szolg\u00e1lati nyugd\u00edj\u00e1t. \u00c9s ami a vil\u00e1g sz\u00e9gyene: Magyarorsz\u00e1g az egyetlen orsz\u00e1g a vil\u00e1gon, ahol nincs rokkants\u00e1gi \u00e9s baleseti nyugd\u00edj, mert elt\u00f6r\u00f6lt\u00e9k. Megl\u00e1t\u00e1sa szerint a k\u00f6vetkez\u0151 korm\u00e1nynak komoly k\u00f6teless\u00e9ge van abban, hogy ezt a sz\u00e9gyent orvosolja.<\/p>\n<p>A f\u00f3rum r\u00e9sztvev\u0151 k\u00f6z\u00fcl t\u00f6bben is jelezt\u00e9k, hogy a t\u00f6bbsz\u00f6r elhangzott er\u0151s b\u00edr\u00e1latokkal kapcsolatosan j\u00f3 lenne olyan fel\u00fcleteket l\u00e9trehozni (mivel a m\u00e9dia szinte teljes m\u00e9rt\u00e9kben a jelenlegi korm\u00e1ny kez\u00e9ben van), ahol mindenki sz\u00e1m\u00e1ra \u00e9rthet\u0151 form\u00e1ban, b\u00e1rmikor megismerhet\u0151 m\u00f3don, r\u00f6viden hozz\u00e1f\u00e9rhet\u0151ek lenn\u00e9nek a szakpolitikailag is al\u00e1t\u00e1masztott \u00e9rvek. Mint a hozz\u00e1sz\u00f3l\u00f3k is elmondt\u00e1k, az emberek sz\u00f3b\u00f3l \u00e9rtenek, \u00edgy a kor\u00e1bban megjelent Balegyenes, El\u00e9g volt! kiadv\u00e1nyoknak megfelel\u0151 lapokat kellene megjelentetni. Egy hozz\u00e1sz\u00f3l\u00f3 k\u00e9rte a szakpolitikust, hasson oda, hogy az ilyen anyagok mindegyike elektronikus form\u00e1ban is el\u00e9rhet\u0151 lehessen (vide\u00f3, hanganyag, dokumentumok). Kor\u00f3zs Lajos \u00edg\u00e9retet tett a k\u00e9r\u00e9sek tolm\u00e1csol\u00e1s\u00e1ra, \u00e9s egyben jelezte, hogy a k\u00f6zelj\u00f6v\u0151ben teljes\u00edtik e k\u00e9r\u00e9seket.<\/p>\n","protected":false},"excerpt":{"rendered":"<p>A Magyar Szocialista P\u00e1rt vezet\u00e9se 2013. febru\u00e1r 21-\u00e9n Kom\u00e1rom-Esztergom megy\u00e9ben folytatta vid\u00e9kj\u00e1r\u00e1si akci\u00f3j\u00e1t. A megye 3. v\u00e1laszt\u00f3k\u00f6rzet\u00e9ben, melybe Kisb\u00e9r, Kom\u00e1rom \u00e9s Oroszl\u00e1ny mellett tov\u00e1bbi 38 telep\u00fcl\u00e9s tartozik, h\u00e1rom helysz\u00ednen voltak f\u00f3rumok, tal\u00e1lkoz\u00f3k. A megyej\u00e1r\u00e1s c\u00e9lja az volt, hogy a p\u00e1rt vezet\u00e9se megismerje az emberek probl\u00e9m\u00e1it a helysz\u00edneken. Az \u00e9rdekl\u0151d\u0151knek lehet\u0151s\u00e9g\u00fck ad\u00f3dott arra, hogy feltegy\u00e9k k\u00e9rd\u00e9seiket, \u00e9szrev\u00e9teleiket. <a href=\"https:\/\/www.mszporoszlany.hu\/?p=2090\">Egy kattint\u00e1s ide a folytat\u00e1shoz&#8230;. <span class=\"meta-nav\">&rarr;<\/span><\/a><\/p>\n","protected":false},"author":35,"featured_media":0,"comment_status":"open","ping_status":"closed","sticky":false,"template":"","format":"standard","meta":{"footnotes":""},"categories":[195],"tags":[1321,1313,60,151,1315,115,1311,1312,1765,1322,715,1318,1764,61,1316,1319,105,1314,1320,1317],"class_list":["post-2090","post","type-post","status-publish","format-standard","hentry","category-komarom-esztergom-megye","tag-dr-meszaros-gyula","tag-fallmann-jozsef","tag-fidesz","tag-fidesz-kdnp","tag-gogos-zoltan","tag-keleti-gyorgy","tag-kisber","tag-komarom","tag-komarom-esztergom-megye","tag-korozs-lajos","tag-magyar-szocialista-part","tag-megyei-cigany-onkormanyzat-elnoke","tag-oroszlany","tag-szekely-antal","tag-tarkany","tag-teleki-laszlo","tag-uj-kethetes","tag-ujhelyi-istvan","tag-varga-laszlo","tag-voros-istvan"],"_links":{"self":[{"href":"https:\/\/www.mszporoszlany.hu\/index.php?rest_route=\/wp\/v2\/posts\/2090","targetHints":{"allow":["GET"]}}],"collection":[{"href":"https:\/\/www.mszporoszlany.hu\/index.php?rest_route=\/wp\/v2\/posts"}],"about":[{"href":"https:\/\/www.mszporoszlany.hu\/index.php?rest_route=\/wp\/v2\/types\/post"}],"author":[{"embeddable":true,"href":"https:\/\/www.mszporoszlany.hu\/index.php?rest_route=\/wp\/v2\/users\/35"}],"replies":[{"embeddable":true,"href":"https:\/\/www.mszporoszlany.hu\/index.php?rest_route=%2Fwp%2Fv2%2Fcomments&post=2090"}],"version-history":[{"count":0,"href":"https:\/\/www.mszporoszlany.hu\/index.php?rest_route=\/wp\/v2\/posts\/2090\/revisions"}],"wp:attachment":[{"href":"https:\/\/www.mszporoszlany.hu\/index.php?rest_route=%2Fwp%2Fv2%2Fmedia&parent=2090"}],"wp:term":[{"taxonomy":"category","embeddable":true,"href":"https:\/\/www.mszporoszlany.hu\/index.php?rest_route=%2Fwp%2Fv2%2Fcategories&post=2090"},{"taxonomy":"post_tag","embeddable":true,"href":"https:\/\/www.mszporoszlany.hu\/index.php?rest_route=%2Fwp%2Fv2%2Ftags&post=2090"}],"curies":[{"name":"wp","href":"https:\/\/api.w.org\/{rel}","templated":true}]}}