{"id":2093,"date":"2013-03-06T11:08:35","date_gmt":"2013-03-06T10:08:35","guid":{"rendered":"http:\/\/www.mszporoszlany.hu\/?p=2093"},"modified":"2013-03-06T11:08:35","modified_gmt":"2013-03-06T10:08:35","slug":"remondis","status":"publish","type":"post","link":"https:\/\/www.mszporoszlany.hu\/?p=2093","title":{"rendered":"Remondis"},"content":{"rendered":"<p><img loading=\"lazy\" decoding=\"async\" class=\"alignleft size-full wp-image-2094\" alt=\"Remondis\" src=\"https:\/\/www.mszporoszlany.hu\/wp-content\/uploads\/2013\/03\/Remondis.jpg\" width=\"200\" height=\"120\" \/>Annak ellen\u00e9re, hogy csak a k\u00f6zelm\u00faltban fogadt\u00e1k el a hullad\u00e9kt\u00f6rv\u00e9nyt, m\u00e1r legal\u00e1bb m\u00e1sf\u00e9l, de ink\u00e1bb k\u00e9t \u00e9ve tudni lehet, hogy 2014-t\u0151l csak t\u00f6bbs\u00e9gi \u00f6nkorm\u00e1nyzati, vagy \u00e1llami tulajdon\u00fa c\u00e9gek v\u00e9gezhetik a hullad\u00e9kgy\u0171jt\u00e9si \u00e9s kezel\u00e9si tev\u00e9kenys\u00e9get.<\/p>\n<p><!--more--><\/p>\n<p>Oroszl\u00e1ny menedzsment szeml\u00e9let\u0171 v\u00e1rosvezet\u00e9s\u00e9nek, \u00e9s k\u00fcl\u00f6n\u00f6sen a g\u00e9niusz polg\u00e1rmesternek, Tak\u00e1cs K\u00e1rolynak k\u00e9t \u00e9ve lett volna arra, hogy kidolgozza azt a strat\u00e9gi\u00e1t, amely lehet\u0151v\u00e9 teszi, hogy a v\u00e1ros a lehet\u0151 legolcs\u00f3bban szerezze meg a tev\u00e9kenys\u00e9g v\u00e9gz\u00e9s\u00e9hez sz\u00fcks\u00e9ges enged\u00e9lyeket, \u00e9s eszk\u00f6z\u00f6ket.<\/p>\n<p>Ehhez k\u00e9pest mit l\u00e1tunk? Tak\u00e1cs K\u00e1roly egy nappal a k\u00f6lts\u00e9gvet\u00e9s elfogad\u00e1sa el\u0151tt, a P\u00e9nz\u00fcgyi Bizotts\u00e1g \u00fcl\u00e9s\u00e9n kioszt egy pap\u00edrlapot, amelyen 5 k\u00f6lts\u00e9gvet\u00e9s m\u00f3dos\u00edt\u00f3 pont szerepel. Az 1. pont mindj\u00e1rt egy 576 milli\u00f3s hitel felv\u00e9tele a Remondis 75%-\u00e1nak megv\u00e1s\u00e1rl\u00e1s\u00e1ra.<\/p>\n<p>Mire k\u00f6vetkeztethet\u00fcnk ebb\u0151l: Tak\u00e1cs \u00farnak, ennek a zseni\u00e1lis elm\u00e9nek minden idej\u00e9t \u00e9s gondolat\u00e1t lefoglalta a folyamatos feljelentget\u00e9s \u00e9s a v\u00e9g n\u00e9lk\u00fcli aut\u00f3zgat\u00e1s, \u00edgy nem volt ideje a t\u00e9nyleg fontos \u00fcgyekre koncentr\u00e1lni. Vagy ami rosszabb, mint az elm\u00falt k\u00e9t \u00e9vben oly sokszor, most sem a v\u00e1ros, hanem valaki m\u00e1s, jelen esetben egy k\u00fclf\u00f6ldi t\u0151k\u00e9s \u00e9rdekeit n\u00e9zi.<\/p>\n<p>Ne feledj\u00fck, hogy a V\u00e9rt cs\u0151dj\u00e9n\u00e9l az MVM \u00e9rdekeit k\u00e9pviselte, ha rajta m\u00falik a v\u00e1ros a k\u00f6vetel\u00e9seinek csak 10%-\u00e1t kapja meg, a szakrendel\u0151 \u00e1llamos\u00edt\u00e1sakor a korm\u00e1nyt igyekezett maxim\u00e1lisan kiszolg\u00e1lni &#8211; sajnos teljes sikerrel -, most pedig egy k\u00fclf\u00f6ldi tulajdonosnak akar kedvezni.<\/p>\n<p>A Remondis Zrt. val\u00f3di \u00e9rt\u00e9ke meg sem k\u00f6zel\u00edti a fenti \u00f6sszeget. Ugyanis az eszk\u00f6zein \u00e9s az ingatlan\u00e1n k\u00edv\u00fcl m\u00e1s, a v\u00e1ros sz\u00e1m\u00e1ra \u00e9rt\u00e9kes dologgal elvileg nem kellene rendelkeznie. Egy c\u00e9g \u00e9rt\u00e9k\u00e9t ugyanis a vagyon\u00e1n k\u00edv\u00fcl sz\u00e1mos egy\u00e9b dolog, pl. a tev\u00e9kenys\u00e9gre vonatkoz\u00f3 jogosults\u00e1gai, a piaca, a hossz\u00fa t\u00e1v\u00fa \u00fczleti lehet\u0151s\u00e9gei, stb. adj\u00e1k. A Remondis azonban mindezek k\u00f6z\u00fcl j\u00f6v\u0151re semmivel nem fog rendelkezni, hiszen a t\u00f6rv\u00e9nyi v\u00e1ltoz\u00e1sok miatt ezt a tev\u00e9kenys\u00e9get jelenlegi tulajdonosi strukt\u00far\u00e1j\u00e1ban a j\u00f6v\u0151ben nem folytathatn\u00e1, \u00edgy a piac\u00e1t sem kell t\u0151le megvenni.<\/p>\n<p>R\u00e1ad\u00e1sul tov\u00e1bbi \u00e9rt\u00e9kcs\u00f6kkent\u0151 t\u00e9nyez\u0151, hogy a hullad\u00e9kkezel\u00e9si tev\u00e9kenys\u00e9get j\u00f6v\u0151 \u00e9vt\u0151l kezdve csak nonprofit jelleggel lehet v\u00e9gezni, \u00edgy egy\u00e1ltal\u00e1n nem mondhat\u00f3 bomba\u00fczletnek sem, \u00e9s a v\u00e9teli \u00e1rat sem lehet majd kitermelni bel\u0151le. A rezsi-cs\u00f6kkent\u00e9s miatt az eredm\u00e9nyess\u00e9ge romlani fog.<\/p>\n<p>Ha nagyon \u0151szint\u00e9k akarunk lenni, akkor tulajdonk\u00e9ppen semmi sz\u00fcks\u00e9g\u00fcnk nem lenne a c\u00e9g megv\u00e1s\u00e1rl\u00e1s\u00e1ra, mert:<\/p>\n<ul>\n<li>a hullad\u00e9kelsz\u00e1ll\u00edt\u00e1shoz \u00e9s kezel\u00e9shez sz\u00fcks\u00e9ges eszk\u00f6z\u00f6ket a v\u00e1ros, illetve a v\u00e1ros saj\u00e1t c\u00e9ge fenti \u00e1rn\u00e1l j\u00f3val olcs\u00f3bban be tudn\u00e1 szerezni, ak\u00e1r \u00fajonnan is<\/li>\n<\/ul>\n<ul>\n<li>a Remondis telephely\u00e9re semmi sz\u00fcks\u00e9g nincs, a v\u00e1ros t\u00f6bb hasznos\u00edtatlan \u00f6nkorm\u00e1nyzati \u00e9p\u00fclettel, ter\u00fclettel rendelkezik, ahol a szem\u00e9tsz\u00e1ll\u00edt\u00f3 aut\u00f3kat, park \u00e9s \u00fatkatbarbantart\u00f3 g\u00e9peket t\u00e1rolni lehet, illetve a dolgoz\u00f3k szoci\u00e1lis blokkjait ki lehet alak\u00edtani (pl. sporttelep volt stadion \u00e9p\u00fclet, \u00e9s az el\u0151tte elter\u00fcl\u0151 hatalmas hasznos\u00edtatlan ter\u00fclet)<\/li>\n<\/ul>\n<ul>\n<li>a &#8222;szem\u00e9ttelep&#8221; eleve a v\u00e1ros tulajdona.<\/li>\n<\/ul>\n<p>Ami miatt m\u00e9gis egyess\u00e9gre kell jutni a Remondis Oroszl\u00e1ny Zrt. tulajdonosaival, az nem m\u00e1s, mint a tev\u00e9kenys\u00e9ghez sz\u00fcks\u00e9ges enged\u00e9ly. A hullad\u00e9kt\u00f6rv\u00e9ny j\u00f6v\u0151 \u00e9vi \u00e9letbel\u00e9p\u00e9se ut\u00e1n az v\u00e9gezhet majd ilyen tev\u00e9kenys\u00e9get, aki t\u00f6bbs\u00e9gi \u00e1llami vagy \u00f6nkorm\u00e1nyzati tulajdonban van, \u00e9s 2012. j\u00fanius 30-\u00e1n m\u00e1r megvolt erre az enged\u00e9lye. Ez az egyetlen ok, ami miatt a v\u00e1ros nem nyer\u0151 poz\u00edci\u00f3b\u00f3l t\u00e1rgyalhat, hanem ink\u00e1bb vesztes poz\u00edci\u00f3b\u00f3l. \u00c9s ez\u00e9rt van az, hogy nem mondhatjuk azt a Remondisnak, hogy ennyi\u00e9rt nem kell a c\u00e9g, vigy\u00e9tek el mindeneteket magatokkal, vagy adj\u00e1tok sokkal olcs\u00f3bban.<\/p>\n<p>A szomor\u00fa az, hogy van ennek a v\u00e1rosnak egy saj\u00e1t c\u00e9ge, aminek a r\u00e9sz\u00e9re tavaly minden gond n\u00e9lk\u00fcl megk\u00e9rhett\u00e9k volna ezt az enged\u00e9lyt. De nem tett\u00e9k, \u00e9s ennek a mulaszt\u00e1snak az \u00e1ra bizony s\u00falyos sz\u00e1zmilli\u00f3kban lesz m\u00e9rhet\u0151. Pedig ha megtett\u00e9k volna, akkor nem kellene minden\u00e1ron megv\u00e1s\u00e1rolnunk a Remondist, csak ha akarn\u00e1nk, a legjobb \u00e1ron.<\/p>\n","protected":false},"excerpt":{"rendered":"<p>Annak ellen\u00e9re, hogy csak a k\u00f6zelm\u00faltban fogadt\u00e1k el a hullad\u00e9kt\u00f6rv\u00e9nyt, m\u00e1r legal\u00e1bb m\u00e1sf\u00e9l, de ink\u00e1bb k\u00e9t \u00e9ve tudni lehet, hogy 2014-t\u0151l csak t\u00f6bbs\u00e9gi \u00f6nkorm\u00e1nyzati, vagy \u00e1llami tulajdon\u00fa c\u00e9gek v\u00e9gezhetik a hullad\u00e9kgy\u0171jt\u00e9si \u00e9s kezel\u00e9si tev\u00e9kenys\u00e9get. <a href=\"https:\/\/www.mszporoszlany.hu\/?p=2093\">Egy kattint\u00e1s ide a folytat\u00e1shoz&#8230;. <span class=\"meta-nav\">&rarr;<\/span><\/a><\/p>\n","protected":false},"author":35,"featured_media":0,"comment_status":"open","ping_status":"closed","sticky":false,"template":"","format":"standard","meta":{"footnotes":""},"categories":[196,197,194],"tags":[1323,1764,1324,9],"class_list":["post-2093","post","type-post","status-publish","format-standard","hentry","category-magyarorszag","category-nemzetkozi","category-oroszlany","tag-hulladektorveny","tag-oroszlany","tag-remondis-zrt","tag-takacs-karoly"],"_links":{"self":[{"href":"https:\/\/www.mszporoszlany.hu\/index.php?rest_route=\/wp\/v2\/posts\/2093","targetHints":{"allow":["GET"]}}],"collection":[{"href":"https:\/\/www.mszporoszlany.hu\/index.php?rest_route=\/wp\/v2\/posts"}],"about":[{"href":"https:\/\/www.mszporoszlany.hu\/index.php?rest_route=\/wp\/v2\/types\/post"}],"author":[{"embeddable":true,"href":"https:\/\/www.mszporoszlany.hu\/index.php?rest_route=\/wp\/v2\/users\/35"}],"replies":[{"embeddable":true,"href":"https:\/\/www.mszporoszlany.hu\/index.php?rest_route=%2Fwp%2Fv2%2Fcomments&post=2093"}],"version-history":[{"count":0,"href":"https:\/\/www.mszporoszlany.hu\/index.php?rest_route=\/wp\/v2\/posts\/2093\/revisions"}],"wp:attachment":[{"href":"https:\/\/www.mszporoszlany.hu\/index.php?rest_route=%2Fwp%2Fv2%2Fmedia&parent=2093"}],"wp:term":[{"taxonomy":"category","embeddable":true,"href":"https:\/\/www.mszporoszlany.hu\/index.php?rest_route=%2Fwp%2Fv2%2Fcategories&post=2093"},{"taxonomy":"post_tag","embeddable":true,"href":"https:\/\/www.mszporoszlany.hu\/index.php?rest_route=%2Fwp%2Fv2%2Ftags&post=2093"}],"curies":[{"name":"wp","href":"https:\/\/api.w.org\/{rel}","templated":true}]}}