{"id":2097,"date":"2013-03-06T21:17:40","date_gmt":"2013-03-06T20:17:40","guid":{"rendered":"http:\/\/www.mszporoszlany.hu\/?p=2097"},"modified":"2013-03-06T21:22:27","modified_gmt":"2013-03-06T20:22:27","slug":"vegjatek-velemeny","status":"publish","type":"post","link":"https:\/\/www.mszporoszlany.hu\/?p=2097","title":{"rendered":"V\u00e9gj\u00e1t\u00e9k v\u00e9lem\u00e9ny!?"},"content":{"rendered":"<p><img loading=\"lazy\" decoding=\"async\" class=\"alignleft size-full wp-image-2098\" alt=\"Celpont\" src=\"https:\/\/www.mszporoszlany.hu\/wp-content\/uploads\/2013\/03\/Celpont.jpg\" width=\"200\" height=\"120\" \/>Tak\u00e1cs K\u00e1rolyt lenull\u00e1zt\u00e1k. Mind erk\u00f6lcsileg, mind mor\u00e1lisan \u2013 ezt mindazok l\u00e1thatt\u00e1k, akik k\u00f6vett\u00e9k a telev\u00edzi\u00f3ban a k\u00e9pvisel\u0151-test\u00fclet k\u00f6lts\u00e9gvet\u00e9si \u00fcl\u00e9s\u00e9t. Ilyenkor persze az a szok\u00e1sos sz\u00f6veg, hogy &#8222;<em>a szocialist\u00e1k aknamunk\u00e1ja meg az em\u00fat ny\u00f3c\u00e9v<\/em>&#8221; \u2013 most azonban nem ez t\u00f6rt\u00e9nt. Saj\u00e1tjai d\u00f6ng\u00f6lt\u00e9k f\u00f6ldbe a v\u00e1rosvezet\u0151t. Azt azonban senki se k\u00e9pzelje, hogy az \u00fcgy el\u0151zm\u00e9nyek n\u00e9lk\u00fcli.<\/p>\n<p><!--more--><\/p>\n<p>A 2010-es \u00f6nkorm\u00e1nyzati v\u00e1laszt\u00e1sok el\u0151tt inform\u00e1ci\u00f3ink szerint tartott egy szavaz\u00e1st a helyi Fidesz frakci\u00f3. Ekkor egys\u00e9ges t\u00e1mogat\u00e1st kapott Papp P\u00e9ter polg\u00e1rmesteri jel\u00f6l\u00e9se. Azt\u00e1n hogy-hogy nem, a p\u00e1rtk\u00f6zpont melegen aj\u00e1nlotta figyelm\u00fckbe Tak\u00e1cs K\u00e1rolyt. Persze a frakci\u00f3 ezt is egyhang\u00falag t\u00e1mogatta, s akkor m\u00e1r n\u00e9mi fogalmunk arr\u00f3l is lehetett, milyen is val\u00f3j\u00e1ban ez a frakci\u00f3. V\u00e9g\u00fcl mintegy 160 szavazattal nyert Tak\u00e1cs K\u00e1roly, vigaszd\u00edjk\u00e9nt pedig alpolg\u00e1rmesterr\u00e9 avanzs\u00e1lt a Borosty\u00e1n vend\u00e9gl\u0151 tulajdonosa, j\u00f3csk\u00e1n megemelt tiszteletd\u00edjjal.<\/p>\n<p>Hogy jutott el id\u00e1ig a polg\u00e1ri frakci\u00f3 Oroszl\u00e1nyban? Lehet m\u00e9gsem volt olyan egyhang\u00fa a polg\u00e1rmester jel\u00f6lt megv\u00e1laszt\u00e1sa 2010-ben? Esetleg t\u00f6bb k\u00f6r\u00f6s volt a t\u00f6rt\u00e9net? A k\u00f6zelm\u00falt esem\u00e9nyei miatt jogosan vet\u0151dnek fel ilyen k\u00e9rd\u00e9sek az \u00e1rtatlan szeml\u00e9l\u0151ben.<\/p>\n<p>A figyelmes polg\u00e1r hamar \u00e9szrevehette, hogy m\u00e1r akkor megindult Tak\u00e1cs tekint\u00e9ly\u00e9nek rombol\u00e1sa. A hivatalban kialakultak a Tak\u00e1cs p\u00e1rtiak \u00e9s a Papp p\u00e1rtiak csoportjai, \u00faj aut\u00f3t kapott a v\u00e1ros els\u0151 embere, hogy kedv\u00e9re furik\u00e1zzon \u2013 csak ne legyen itt \u2013, a v\u00e1rosi telev\u00edzi\u00f3ban kezdet\u00e9t vette a Papp, L\u00e1z\u00e1r, Orb\u00e1n, \u00e9s \u00fajabban Czunyin\u00e9 betelefon\u00e1l\u00f3s, e-mailez\u0151 talk show-ja, mindek\u00f6zben az appar\u00e1tus ir\u00e1ny\u00edt\u00e1sa sz\u00e9p lassan Papp P\u00e9ter kez\u00e9ben \u00f6sszpontosult. M\u00e1r csak annak ok\u00e1n is, hogy Tak\u00e1cs K\u00e1roly napk\u00f6zben folyamatosan t\u00e1vol van \u2013 ne feledj\u00fck, hogy napi \u00e1tlagban 250 km-t utazik.<\/p>\n<p>A l\u00e1tsz\u00f3lagos politikai egys\u00e9gen minden val\u00f3sz\u00edn\u0171s\u00e9g szerint a 2011-es ny\u00e1ri esem\u00e9nyek \u00fct\u00f6tt\u00e9k az els\u0151 komolyabb r\u00e9st, amikor k\u00fcl\u00f6n\u00f6sen nagy vagyoni h\u00e1tr\u00e1nyt okoz\u00f3 h\u0171tlen kezel\u00e9s gyan\u00faja miatt rendelt el nyomoz\u00e1st Oroszl\u00e1ny \u00f6nkorm\u00e1nyzatn\u00e1l a Kom\u00e1rom-Esztergom Megyei F\u0151\u00fcgy\u00e9szs\u00e9g. A nyomoz\u00e1st Tak\u00e1cs K\u00e1roly fideszes oroszl\u00e1nyi polg\u00e1rmester feljelent\u00e9se ut\u00e1n kezdt\u00e9k meg. A hat\u00f3s\u00e1gok az \u00f6nkorm\u00e1nyzat elm\u00falt 12 \u00e9vi gazd\u00e1lkod\u00e1s\u00e1ban kutattak vissza\u00e9l\u00e9sek ut\u00e1n. Vasv\u00e1ri Erika, a v\u00e1ros sajt\u00f3referense az MTI megkeres\u00e9s\u00e9re azt mondta, hogy egy vizsg\u00e1lat f\u00e9lmilli\u00e1rd forintos vesztes\u00e9get t\u00e1rt fel. A felk\u00e9rt k\u00f6nyvvizsg\u00e1l\u00f3 t\u00e1rsas\u00e1g sz\u00e1z\u00f6tven oldalas jelent\u00e9sben \u00f6sszegezte a polg\u00e1rmesteri hivatal \u00e9s az Oroszl\u00e1nyi Szolg\u00e1ltat\u00f3 (OSZ) Zrt elm\u00falt tizenk\u00e9t \u00e9v\u00e9nek vagyongazd\u00e1lkod\u00e1s\u00e1t. A jelent\u00e9s szerint becs\u00fclhet\u0151en legal\u00e1bb f\u00e9lmilli\u00e1rd forintos vesztes\u00e9g \u00e9rte a v\u00e1rost k\u00fcl\u00f6nb\u00f6z\u0151 gazdas\u00e1gi \u00fcgyletek sor\u00e1n \u2013 \u00e1ll\u00edtotta a sajt\u00f3referens. Ha l\u00fad, akkor legyen k\u00f6v\u00e9r, gondolhatta a fideszes v\u00e1rosvezet\u00e9s, hiszen a szocialist\u00e1k c\u00e1folat\u00e1t k\u00f6vet\u0151en Papp P\u00e9ter alpolg\u00e1rmester feljelent\u00e9skieg\u00e9sz\u00edt\u00e9st tett azzal az indokkal, hogy felt\u00e9telezhet\u0151en tov\u00e1bbi hatvanmilli\u00f3 forint nagys\u00e1grend\u0171 vagyoni h\u00e1tr\u00e1ny \u00e9rte a v\u00e1ros \u00f6nkorm\u00e1nyzat\u00e1t a vizsg\u00e1lt id\u0151szakban.<\/p>\n<p>A t\u00f6rt\u00e9net v\u00e9ge ismert: egy\u00e9vnyi nyomoz\u00f3munka, sz\u00e1mtalan tan\u00fa \u00e9s szak\u00e9rt\u0151 meghallgat\u00e1sa, sz\u00e9lesk\u00f6r\u0171 bizony\u00edt\u00e1si elj\u00e1r\u00e1s ut\u00e1n a rend\u0151rs\u00e9g megsz\u00fcntette a nyomoz\u00e1st a k\u00fcl\u00f6n\u00f6sen nagy vagyoni h\u00e1tr\u00e1nyt okoz\u00f3 h\u0171tlen kezel\u00e9s b\u0171ntette miatt. A megsz\u00fcntet\u0151 hat\u00e1rozat indokol\u00e1sa szerint nem t\u00f6rt\u00e9nt b\u0171ncselekm\u00e9ny. Persze ezt megpanaszolta a v\u00e1rosvezet\u00e9s. A f\u0151\u00fcgy\u00e9szs\u00e9g elutas\u00edtotta Oroszl\u00e1ny polg\u00e1rmester\u00e9nek panasz\u00e1t, aki azt kifog\u00e1solta, hogy az \u00e1ltala k\u00fcl\u00f6n\u00f6sen nagy vagyoni h\u00e1tr\u00e1nyt okoz\u00f3 h\u0171tlen kezel\u00e9s b\u0171ntett\u00e9r\u0151l tett feljelent\u00e9s nyom\u00e1n indult elj\u00e1r\u00e1st a rend\u0151rs\u00e9g megsz\u00fcntette. J\u00f6hetett volna m\u00e9g a p\u00f3tmag\u00e1nv\u00e1d, de h\u00e1t ugye ahhoz n\u00e9v, szem\u00e9ly, meg b\u00e1tors\u00e1g kellett volna \u2026 Az \u00faj tr\u00fckk pedig az, hogy az \u00fcgy\u00e9szs\u00e9g hat\u00e1rozat\u00e1val ellent\u00e9tes r\u00e1galmakat terjesztenek az \u00e1ltaluk haszn\u00e1lt m\u00e9diumokban. Ez a Fidesz m\u00f3dszer: ha nem tudod el\u00edt\u00e9ltetni, akkor j\u00e1rasd le!<\/p>\n<p>Sz\u00f3val, ekkor m\u00e1r 2012-\u0151t \u00edrtunk, s bizony eme fiask\u00f3 mellett mind t\u00f6bb dolog ker\u00fclt el\u0151t\u00e9rbe, amik rombolt\u00e1k a hatalmas hozz\u00e1\u00e9rt\u00e9s \u00e9s szakmais\u00e1g nimbusz\u00e1t \u2013 nem kicsit, nagyon!<\/p>\n<p>A tavalyi \u00e9v elej\u00e9n komoly felh\u00e1borod\u00e1st v\u00e1ltott ki Oroszl\u00e1ny polg\u00e1rmester\u00e9nek 2011-es g\u00e9pkocsi haszn\u00e1lata. Mint kider\u00fclt, Tak\u00e1cs K\u00e1roly mintegy nyolcmilli\u00f3 forintnyi k\u00f6zp\u00e9nz\u00e9rt r\u00f3tta \u00fatjait, azaz 638 ezer forintba ker\u00fclt havonta \u00e1tlagosan hivatalos \u00fcgyeinek aut\u00f3val val\u00f3 int\u00e9z\u00e9se. Ezt k\u00f6vette a 3 \u00e9ves Ford cser\u00e9je, amiben m\u00e9g csak 120 ezer kilom\u00e9ter volt. Az \u00faj udvari Skoda k\u00f6zel nyolcmilli\u00f3 forintba ker\u00fclt!<\/p>\n<p>Az sem v\u00e1ltott ki nagy szimp\u00e1ti\u00e1t, amikor d\u00f6nt\u00f6ttek a S\u00e1gv\u00e1ri Endre \u00c1ltal\u00e1nos Iskola, az Oroszl\u00e1ny V\u00e1ros Gimn\u00e1ziuma \u00e9s Szakk\u00e9pz\u0151 Iskol\u00e1ja, az Oroszl\u00e1nyi Szakorvosi \u00e9s \u00c1pol\u00e1si Kft., a F\u0151 t\u00e9r, a S\u00e1gv\u00e1ri Endre utca nev\u00e9nek megv\u00e1ltoztat\u00e1s\u00e1r\u00f3l, valamint a v\u00e1rosi uszoda, a sportcsarnok \u00e9s a sporttelep elnevez\u00e9s\u00e9r\u0151l. \u00c9s akkor m\u00e9g nem besz\u00e9lt\u00fcnk az int\u00e9zm\u00e9nyi \u00f6sszevon\u00e1sr\u00f3l, a szakk\u00e9pz\u00e9s le\u00e9p\u00edt\u00e9s\u00e9r\u0151l, az ipari parki kapcsolatok annul\u00e1l\u00e1s\u00e1r\u00f3l, a szaktan\u00e1rok t\u00e1voz\u00e1s\u00e1r\u00f3l \u00e9s egykori iskol\u00e1jukb\u00f3l val\u00f3 kitilt\u00e1s\u00e1r\u00f3l.<\/p>\n<p>A mai napig k\u00f6zr\u00f6hej t\u00e1rgy\u00e1t k\u00e9pezi az Oroszl\u00e1ny\u2013V\u00e9rtessoml\u00f3 \u00f6sszek\u00f6t\u0151 gazdas\u00e1gi \u00fat fejleszt\u00e9si projektje, amire k\u00f6zel 25 milli\u00f3t k\u00f6lt\u00f6tt az \u00f6nkorm\u00e1nyzat \u2013 a jelz\u00e9sek \u00e9s v\u00e9lem\u00e9nyek szerint teljesen feleslegesen, s ez \u00fcgyben az igazi sz\u00e1nd\u00e9k \u00e9s ind\u00edt\u00e9k m\u00e1ig felt\u00e1ratlan, mik\u00f6zben a v\u00e1rosi k\u00f6zutak \u00e1llapota folyamatosan romlik.<\/p>\n<p>Ahogy felt\u00e1ratlan maradt a V\u00e9rtes-TV megalakul\u00e1s\u00e1nak h\u00e1ttere, L\u00e1z\u00e1r M\u00f3zes doktori jelz\u0151je \u00e9s &#8222;feln\u0151ttk\u00e9pz\u00e9sben szerzett&#8221; PhD titulusa, a hatalmas k\u00f6lts\u00e9geket felem\u00e9szt\u0151 m\u0171f\u00fcves focip\u00e1ly\u00e1k t\u00f6rt\u00e9nete, a rendel\u0151int\u00e9zet rekvir\u00e1l\u00e1sa p\u00e9nztartal\u00e9kaival egy\u00fctt, fel\u00faj\u00edtott iskol\u00e1ink \u00e1llamos\u00edt\u00e1s\u00e1nak \u00e9s a szennyv\u00edztiszt\u00edt\u00f3 telep elveszt\u00e9s\u00e9nek k\u00f6r\u00fclm\u00e9nyei \u2013 hogy csak p\u00e1rat emelj\u00fcnk ki a b\u0151 k\u00e9t \u00e9ves fideszes regn\u00e1l\u00e1sb\u00f3l.<\/p>\n<p>Hogy ebb\u0151l a katyvasz halmazb\u00f3l mennyivel r\u00e9szesedik Tak\u00e1cs K\u00e1roly \u00e9s mennyi Papp P\u00e9ter sara, ma m\u00e9g nem tudjuk, annyit azonban igen, hogy a frakci\u00f3 szolgaian alkalmazkodik a frakci\u00f3vezet\u0151j\u00e9hez, nem egyszer szembemenve a polg\u00e1rmesteri elk\u00e9pzel\u00e9sekkel. Ennek nem egy alkalommal l\u00e1ttuk jel\u00e9t.<\/p>\n<p>A v\u00e1laszt\u00e1sok el\u0151tt k\u00f6zpontilag megsz\u00e9gyen\u00edtett, Papp P\u00e9ter vezette frakci\u00f3 \u00e9s a polg\u00e1rmester k\u00f6z\u00f6tt pedig folyamatosan n\u0151tt a szakad\u00e9k. Nap k\u00f6zben Papp ir\u00e1ny\u00edtja a hivatalt, majd est\u00e9re meg\u00e9rkezik a nagy utaz\u00f3, akinek z\u00f6m\u00e9ben \u00e9jjel jutnak esz\u00e9be a magvas gondolatok, az oszt\u00e1lyvezet\u0151k r\u00e9m\u00fclet\u00e9re, mert sorra kapj\u00e1k a hajnali uk\u00e1zokat.<\/p>\n<p>Aki m\u00e9g tudja n\u00e9zni a v\u00e1rosi t\u00e9v\u00e9t, annak felt\u0171nhetett, hogy saj\u00e1tjai ek\u00e9zik rendszeresen K\u00e1rolyunkat, aminek a f\u00fcggetlen st\u00e1b persze vid\u00e1man ad helyet, hiszen komoly h\u00e1tter\u00fck a Papp f\u00e9le csapat. R\u00e9g\u00f3ta tudott, hogy a t\u00e9v\u00e9 k\u00f6lts\u00e9gvet\u00e9s\u00e9t megnyirb\u00e1ln\u00e1 a polg\u00e1rmester, mint tett erre egy halv\u00e1ny k\u00eds\u00e9rletet az idei k\u00f6lts\u00e9gvet\u00e9s t\u00e1rgyal\u00e1sakor is.<\/p>\n<p>Az ellent\u00e9t od\u00e1ig fajult, hogy az egykori k\u00e9t elvbar\u00e1t ma m\u00e1r csak elv\u00e9tve \u00e9rintkezik sz\u00f3ban. S hogy ennek mi lesz a v\u00e9ge? Erre t\u00f6bb forgat\u00f3k\u00f6nyv is van, de legval\u00f3sz\u00edn\u0171bb, hogy Tak\u00e1csot politikailag tot\u00e1lisan hiteltelen\u00edti a frakci\u00f3vezet\u00e9s, s mivel t\u00f6bbsz\u00f6r jelezte, hogy nem indul a 2014-es v\u00e1laszt\u00e1sokon, megpr\u00f3b\u00e1lnak egy (r\u00e9gi)\u00faj \u00fcst\u00f6k\u00f6st, megment\u0151t lenyomni az emberek tork\u00e1n.<\/p>\n<p>Hogy kit? Azt hiszen \u00d6nnek err\u0151l m\u00e1r van fogalma.<\/p>\n","protected":false},"excerpt":{"rendered":"<p>Tak\u00e1cs K\u00e1rolyt lenull\u00e1zt\u00e1k. Mind erk\u00f6lcsileg, mind mor\u00e1lisan \u2013 ezt mindazok l\u00e1thatt\u00e1k, akik k\u00f6vett\u00e9k a telev\u00edzi\u00f3ban a k\u00e9pvisel\u0151-test\u00fclet k\u00f6lts\u00e9gvet\u00e9si \u00fcl\u00e9s\u00e9t. Ilyenkor persze az a szok\u00e1sos sz\u00f6veg, hogy &#8222;a szocialist\u00e1k aknamunk\u00e1ja meg az em\u00fat ny\u00f3c\u00e9v&#8221; \u2013 most azonban nem ez t\u00f6rt\u00e9nt. Saj\u00e1tjai d\u00f6ng\u00f6lt\u00e9k f\u00f6ldbe a v\u00e1rosvezet\u0151t. Azt azonban senki se k\u00e9pzelje, hogy az \u00fcgy el\u0151zm\u00e9nyek n\u00e9lk\u00fcli. <a href=\"https:\/\/www.mszporoszlany.hu\/?p=2097\">Egy kattint\u00e1s ide a folytat\u00e1shoz&#8230;. <span class=\"meta-nav\">&rarr;<\/span><\/a><\/p>\n","protected":false},"author":35,"featured_media":0,"comment_status":"open","ping_status":"closed","sticky":false,"template":"","format":"standard","meta":{"footnotes":""},"categories":[194],"tags":[1339,1333,1325,1129,1340,1343,60,1338,502,1331,92,1337,1341,1335,1332,1330,56,1327,633,1336,1342,79,1344,9,1334,1329,262,1326,43,318,1328],"class_list":["post-2097","post","type-post","status-publish","format-standard","hentry","category-oroszlany","tag-25-millios-utberuhazas","tag-czunyine","tag-emut-nyocev","tag-feljelentes","tag-felnottkepzesi-phd","tag-felujitott-iskolak-allamositasa","tag-fidesz","tag-gepkocsi-hasznalat","tag-komarom-esztergom-megyei-fougyeszseg","tag-lazar","tag-lazar-mozes","tag-lejaratas","tag-mufuves-focipalyak","tag-napi-atlagban-250-km","tag-orban","tag-papp","tag-papp-peter","tag-polgarmesterjelolt","tag-potmaganvad","tag-ragalmak","tag-rendelointezet-rekviralasa","tag-sajtoreferens","tag-szennyviztisztito-telep-elvesztese","tag-takacs-karoly","tag-talk-show","tag-tekintelyrombolas","tag-uj-auto","tag-varosvezeto","tag-vasvari-erika","tag-vertes-tv","tag-vigaszdij"],"_links":{"self":[{"href":"https:\/\/www.mszporoszlany.hu\/index.php?rest_route=\/wp\/v2\/posts\/2097","targetHints":{"allow":["GET"]}}],"collection":[{"href":"https:\/\/www.mszporoszlany.hu\/index.php?rest_route=\/wp\/v2\/posts"}],"about":[{"href":"https:\/\/www.mszporoszlany.hu\/index.php?rest_route=\/wp\/v2\/types\/post"}],"author":[{"embeddable":true,"href":"https:\/\/www.mszporoszlany.hu\/index.php?rest_route=\/wp\/v2\/users\/35"}],"replies":[{"embeddable":true,"href":"https:\/\/www.mszporoszlany.hu\/index.php?rest_route=%2Fwp%2Fv2%2Fcomments&post=2097"}],"version-history":[{"count":0,"href":"https:\/\/www.mszporoszlany.hu\/index.php?rest_route=\/wp\/v2\/posts\/2097\/revisions"}],"wp:attachment":[{"href":"https:\/\/www.mszporoszlany.hu\/index.php?rest_route=%2Fwp%2Fv2%2Fmedia&parent=2097"}],"wp:term":[{"taxonomy":"category","embeddable":true,"href":"https:\/\/www.mszporoszlany.hu\/index.php?rest_route=%2Fwp%2Fv2%2Fcategories&post=2097"},{"taxonomy":"post_tag","embeddable":true,"href":"https:\/\/www.mszporoszlany.hu\/index.php?rest_route=%2Fwp%2Fv2%2Ftags&post=2097"}],"curies":[{"name":"wp","href":"https:\/\/api.w.org\/{rel}","templated":true}]}}