{"id":2112,"date":"2013-03-11T21:06:58","date_gmt":"2013-03-11T20:06:58","guid":{"rendered":"http:\/\/www.mszporoszlany.hu\/?p=2112"},"modified":"2013-03-11T21:14:09","modified_gmt":"2013-03-11T20:14:09","slug":"evertekeles","status":"publish","type":"post","link":"https:\/\/www.mszporoszlany.hu\/?p=2112","title":{"rendered":"\u00c9v\u00e9rt\u00e9kel\u00e9s"},"content":{"rendered":"<p><img loading=\"lazy\" decoding=\"async\" class=\"alignleft size-full wp-image-2113\" alt=\"Evertekeles\" src=\"https:\/\/www.mszporoszlany.hu\/wp-content\/uploads\/2013\/03\/Evertekeles.png\" width=\"200\" height=\"120\" \/>Budapesten a Sportar\u00e9n\u00e1ban 2013. m\u00e1rcius 09-\u00e9n az MSZP megtartotta &#8222;\u00c9v\u00e9rt\u00e9kel\u0151&#8221; rendezv\u00e9ny\u00e9t. A rendezv\u00e9ny sz\u00f3sz\u00f3l\u00f3j\u00e1nak Mesterh\u00e1zy Attila p\u00e1rteln\u00f6knek teljes besz\u00e9de el\u00e9rhet\u0151 az MSZP hivatalos <a title=\"Vide\u00f3 megtekint\u00e9se\" href=\"http:\/\/www.youtube.com\/watch?v=bNkmS2W_5_w\" target=\"_blank\">Youtube<\/a> csatorn\u00e1j\u00e1n.<\/p>\n","protected":false},"excerpt":{"rendered":"<p>Budapesten a Sportar\u00e9n\u00e1ban 2013. m\u00e1rcius 09-\u00e9n az MSZP megtartotta &#8222;\u00c9v\u00e9rt\u00e9kel\u0151&#8221; rendezv\u00e9ny\u00e9t. A rendezv\u00e9ny sz\u00f3sz\u00f3l\u00f3j\u00e1nak Mesterh\u00e1zy Attila p\u00e1rteln\u00f6knek teljes besz\u00e9de el\u00e9rhet\u0151 az MSZP hivatalos Youtube csatorn\u00e1j\u00e1n. <a href=\"https:\/\/www.mszporoszlany.hu\/?p=2112\">Egy kattint\u00e1s ide a folytat\u00e1shoz&#8230;. <span class=\"meta-nav\">&rarr;<\/span><\/a><\/p>\n","protected":false},"author":35,"featured_media":0,"comment_status":"open","ping_status":"closed","sticky":false,"template":"","format":"standard","meta":{"footnotes":""},"categories":[196,58],"tags":[1156,1345,722,1763,1346],"class_list":["post-2112","post","type-post","status-publish","format-standard","hentry","category-magyarorszag","category-mszp","tag-budapest","tag-evertekeles","tag-mesterhazy-attila","tag-mszp","tag-sportarena"],"_links":{"self":[{"href":"https:\/\/www.mszporoszlany.hu\/index.php?rest_route=\/wp\/v2\/posts\/2112","targetHints":{"allow":["GET"]}}],"collection":[{"href":"https:\/\/www.mszporoszlany.hu\/index.php?rest_route=\/wp\/v2\/posts"}],"about":[{"href":"https:\/\/www.mszporoszlany.hu\/index.php?rest_route=\/wp\/v2\/types\/post"}],"author":[{"embeddable":true,"href":"https:\/\/www.mszporoszlany.hu\/index.php?rest_route=\/wp\/v2\/users\/35"}],"replies":[{"embeddable":true,"href":"https:\/\/www.mszporoszlany.hu\/index.php?rest_route=%2Fwp%2Fv2%2Fcomments&post=2112"}],"version-history":[{"count":0,"href":"https:\/\/www.mszporoszlany.hu\/index.php?rest_route=\/wp\/v2\/posts\/2112\/revisions"}],"wp:attachment":[{"href":"https:\/\/www.mszporoszlany.hu\/index.php?rest_route=%2Fwp%2Fv2%2Fmedia&parent=2112"}],"wp:term":[{"taxonomy":"category","embeddable":true,"href":"https:\/\/www.mszporoszlany.hu\/index.php?rest_route=%2Fwp%2Fv2%2Fcategories&post=2112"},{"taxonomy":"post_tag","embeddable":true,"href":"https:\/\/www.mszporoszlany.hu\/index.php?rest_route=%2Fwp%2Fv2%2Ftags&post=2112"}],"curies":[{"name":"wp","href":"https:\/\/api.w.org\/{rel}","templated":true}]}}