{"id":2122,"date":"2013-03-17T21:58:25","date_gmt":"2013-03-17T20:58:25","guid":{"rendered":"http:\/\/www.mszporoszlany.hu\/?p=2122"},"modified":"2013-03-17T21:58:53","modified_gmt":"2013-03-17T20:58:53","slug":"euro-arfolyam","status":"publish","type":"post","link":"https:\/\/www.mszporoszlany.hu\/?p=2122","title":{"rendered":"Eur\u00f3 \u00e1rfolyam"},"content":{"rendered":"<p><img loading=\"lazy\" decoding=\"async\" class=\"alignleft size-full wp-image-2123\" alt=\"arfolyam\" src=\"https:\/\/www.mszporoszlany.hu\/wp-content\/uploads\/2013\/03\/arfolyam.png\" width=\"200\" height=\"120\" \/>&#8222;Egykor \u00e9s Ma&#8221; sorozatunk m\u00e1sodik r\u00e9sz\u00e9ben Navracsics Tibor minisztereln\u00f6k-helyettes, k\u00f6zigazgat\u00e1si \u00e9s igazs\u00e1g\u00fcgyi miniszter &#8222;elh\u00edres\u00fclt&#8221; mondatait vessz\u00fck kicsit g\u00f3rcs\u0151 al\u00e1. A &#8222;felel\u0151sen&#8221; gondolkod\u00f3 \u00e9s nyilatkoz\u00f3 miniszter 2009. febru\u00e1rj\u00e1ban fogalmazta meg magvas gondolatait az eur\u00f3 \u00e1rfolyam\u00e1nak &#8222;szomor\u00fa&#8221; alakul\u00e1sa miatt.<\/p>\n<p><!--more--><\/p>\n<p><strong>Eur\u00f3 \u00e1rfolyam egykor \u00e9s ma<\/strong><\/p>\n<p><strong>2009. febru\u00e1r 3.<\/strong><\/p>\n<p>Ma d\u00e9lre a forint el\u00e9rte a 300-as eur\u00f3-\u00e1tv\u00e1lt\u00e1si \u00e1rfolyamot. Senki sem tagadhatja, hogy ez egy l\u00e9lektani hat\u00e1r. Egyr\u00e9szt az\u00e9rt, mert a devizahitelesek neh\u00e9zs\u00e9geit tov\u00e1bb fokozza, m\u00e1sr\u00e9szt az\u00e9rt, mert ez az egyetlen sz\u00e1m j\u00f3l jelzi a korm\u00e1nyzati politika kudarc\u00e1t &#8211; mondta a Navracsics Tibor sajt\u00f3t\u00e1j\u00e9koztat\u00f3j\u00e1n. Az elm\u00falt k\u00e9t nap abb\u00f3l \u00e1llt, hogy Gyurcs\u00e1ny Ferenc a bank\u00e1rokkal \u00e9s gazdas\u00e1gi szerepl\u0151kkel tal\u00e1lkozott, mik\u00f6zben a forint \u00e1rfolyama folyamatosan zuhant &#8211; emelte ki a politikus.<\/p>\n<p>A magyar valuta gyeng\u00fcl\u00e9s\u00e9nek \u00fajabb lend\u00fcletet a rendk\u00edv\u00fcli parlamenti \u00fcl\u00e9s adott. Ez az\u00e9rt t\u00f6rt\u00e9nhetett, mert a piac m\u00e9g egyszer, rem\u00e9lj\u00fck utolj\u00e1ra, bizalmat szavazott a minisztereln\u00f6knek. A bankok megv\u00e1rt\u00e1k, mit mond Gyurcs\u00e1ny Ferenc, milyen kiutat aj\u00e1nl a v\u00e1ls\u00e1gb\u00f3l, \u00e1m semmi olyat nem tudott \u00edg\u00e9rni, ami megnyugtatta volna a gazdas\u00e1gi szerepl\u0151ket. A korm\u00e1nyf\u0151 m\u00e9ltatlan volt a piac bizalm\u00e1ra. Ennek k\u00f6vetkezt\u00e9ben a forint m\u00e9g aznap d\u00e9lut\u00e1n esni kezdett &#8211; fogalmazott a Fidesz frakci\u00f3vezet\u0151je.<\/p>\n<p>Forr\u00e1s: <a title=\"Oldal megnyit\u00e1sa\" href=\"http:\/\/www.fidesz.hu\/index.php?Cikk=128212\" target=\"_blank\">Fidesz.hu<\/a><\/p>\n<p><strong>2013. m\u00e1rcius 12.<\/strong><\/p>\n<p>Orb\u00e1n Viktor kedd d\u00e9lel\u0151tti, a kereskedelmi kamara \u00e9vadnyit\u00f3j\u00e1n elmondott szavai tov\u00e1bb fokozt\u00e1k a Matolcsy Gy\u00f6rgy jegybankeln\u00f6ki kinevez\u00e9se miatti piaci f\u00e9lelmeket. A szak\u00e9rt\u0151k szerint ez lehet az oka annak, hogy 305,5 forint f\u00f6l\u00e9 ment kedden az eur\u00f3 \u00e1rfolyama. Orb\u00e1n elmondta, hogy b\u00e1r nem akar belesz\u00f3lni a jegybank munk\u00e1j\u00e1ba, alacsonyabb hitelkamatokat szeretne, \u00e9s min\u00e9l el\u0151bb rendezn\u00e9 a devizahitelesek \u00fcgy\u00e9t, hogy ut\u00e1na akt\u00edvabb monet\u00e1ris politika j\u00f6hessen. Ezt az elemz\u0151k \u00fagy \u00e9rtelmezt\u00e9k, hogy a korm\u00e1ny gyeng\u00e9bb \u00e1rfolyamot akar, aminek egy\u00e9bk\u00e9nt a mi eset\u00fcnkben n\u00f6veked\u00e9si szempontb\u00f3l nincs sok \u00e9rtelme, viszont vesz\u00e9lyes.<\/p>\n<p>A h\u00e9t eleji forintgyeng\u00fcl\u00e9s ut\u00e1n kedden ism\u00e9t kilenchavi m\u00e9lypontra s\u00fcllyedt a magyar p\u00e9nz eur\u00f3val szembeni \u00e9rt\u00e9ke. Az uni\u00f3s deviza \u00e1rfolyama kedd d\u00e9lel\u0151tt l\u00e9pte \u00e1t 305 forintos szintet, \u00e9s d\u00e9lut\u00e1n, cikk\u00fcnk megjelen\u00e9sekor m\u00e1r 306 forint f\u00f6l\u00f6tt j\u00e1rt. J\u00f3 es\u00e9llyel hat\u00e1ssal volt a forint \u00e1rfolyam\u00e1nak alakul\u00e1s\u00e1ra, hogy Orb\u00e1n Viktor d\u00e9lel\u0151tt egy konferenci\u00e1n a jelenlegin\u00e9l j\u00f3val alacsonyabb v\u00e1llalati hitelkamatok sz\u00fcks\u00e9gess\u00e9g\u00e9r\u0151l besz\u00e9lt.<\/p>\n<p>Forr\u00e1s: <a title=\"Oldal megnyit\u00e1sa\" href=\"http:\/\/index.hu\/gazdasag\/2013\/03\/12\/forintgyengules\/\" target=\"_blank\">Index.hu<\/a><\/p>\n","protected":false},"excerpt":{"rendered":"<p>&#8222;Egykor \u00e9s Ma&#8221; sorozatunk m\u00e1sodik r\u00e9sz\u00e9ben Navracsics Tibor minisztereln\u00f6k-helyettes, k\u00f6zigazgat\u00e1si \u00e9s igazs\u00e1g\u00fcgyi miniszter &#8222;elh\u00edres\u00fclt&#8221; mondatait vessz\u00fck kicsit g\u00f3rcs\u0151 al\u00e1. A &#8222;felel\u0151sen&#8221; gondolkod\u00f3 \u00e9s nyilatkoz\u00f3 miniszter 2009. febru\u00e1rj\u00e1ban fogalmazta meg magvas gondolatait az eur\u00f3 \u00e1rfolyam\u00e1nak &#8222;szomor\u00fa&#8221; alakul\u00e1sa miatt: <a href=\"https:\/\/www.mszporoszlany.hu\/?p=2122\">Egy kattint\u00e1s ide a folytat\u00e1shoz&#8230;. <span class=\"meta-nav\">&rarr;<\/span><\/a><\/p>\n","protected":false},"author":35,"featured_media":0,"comment_status":"open","ping_status":"closed","sticky":false,"template":"","format":"standard","meta":{"footnotes":""},"categories":[1082,196],"tags":[1350,1349,159,306,317],"class_list":["post-2122","post","type-post","status-publish","format-standard","hentry","category-egykor-es-ma","category-magyarorszag","tag-arfolyam","tag-euro","tag-matolcsy-gyorgy","tag-navracsics-tibor","tag-orban-viktor"],"_links":{"self":[{"href":"https:\/\/www.mszporoszlany.hu\/index.php?rest_route=\/wp\/v2\/posts\/2122","targetHints":{"allow":["GET"]}}],"collection":[{"href":"https:\/\/www.mszporoszlany.hu\/index.php?rest_route=\/wp\/v2\/posts"}],"about":[{"href":"https:\/\/www.mszporoszlany.hu\/index.php?rest_route=\/wp\/v2\/types\/post"}],"author":[{"embeddable":true,"href":"https:\/\/www.mszporoszlany.hu\/index.php?rest_route=\/wp\/v2\/users\/35"}],"replies":[{"embeddable":true,"href":"https:\/\/www.mszporoszlany.hu\/index.php?rest_route=%2Fwp%2Fv2%2Fcomments&post=2122"}],"version-history":[{"count":0,"href":"https:\/\/www.mszporoszlany.hu\/index.php?rest_route=\/wp\/v2\/posts\/2122\/revisions"}],"wp:attachment":[{"href":"https:\/\/www.mszporoszlany.hu\/index.php?rest_route=%2Fwp%2Fv2%2Fmedia&parent=2122"}],"wp:term":[{"taxonomy":"category","embeddable":true,"href":"https:\/\/www.mszporoszlany.hu\/index.php?rest_route=%2Fwp%2Fv2%2Fcategories&post=2122"},{"taxonomy":"post_tag","embeddable":true,"href":"https:\/\/www.mszporoszlany.hu\/index.php?rest_route=%2Fwp%2Fv2%2Ftags&post=2122"}],"curies":[{"name":"wp","href":"https:\/\/api.w.org\/{rel}","templated":true}]}}