{"id":2127,"date":"2013-03-17T22:15:56","date_gmt":"2013-03-17T21:15:56","guid":{"rendered":"http:\/\/www.mszporoszlany.hu\/?p=2127"},"modified":"2013-03-17T22:15:56","modified_gmt":"2013-03-17T21:15:56","slug":"ho-kaosz-esz-kaosz","status":"publish","type":"post","link":"https:\/\/www.mszporoszlany.hu\/?p=2127","title":{"rendered":"H\u00f3 k\u00e1osz \u2013 \u00e9sz k\u00e1osz"},"content":{"rendered":"<p><img loading=\"lazy\" decoding=\"async\" class=\"alignleft size-full wp-image-2128\" alt=\"hovihar\" src=\"https:\/\/www.mszporoszlany.hu\/wp-content\/uploads\/2013\/03\/hovihar.png\" width=\"200\" height=\"120\" \/>Az Orsz\u00e1gos Rend\u0151r-f\u0151kapit\u00e1nys\u00e1g \u00f6sszes\u00edt\u00e9se szerint orsz\u00e1gszerte mintegy 14 \u00e9s f\u00e9lezer szem\u00e9lyt, valamint k\u00f6zel n\u00e9gyezer j\u00e1rm\u0171vet szabad\u00edtottak ki a h\u00f3 fogs\u00e1g\u00e1b\u00f3l az elm\u00falt napokban, s vas\u00e1rnapra v\u00e9gre normaliz\u00e1l\u00f3dott a helyzet. Ugyanakkor egyre t\u00f6bben a hat\u00f3s\u00e1gok felel\u0151ss\u00e9g\u00e9t firtatt\u00e1k \u00e9s firtatj\u00e1k, s azt k\u00e9rdezik, Pint\u00e9r S\u00e1ndor mi\u00e9rt csak p\u00e9ntek 11 \u00f3rakor f\u00fajt riad\u00f3t, nem lehetett volna megel\u0151zni a k\u00e1oszt? A bel\u00fcgyminiszter szerint ugyanakkor a ment\u00e9sre indul\u00f3 egys\u00e9gek jelesre vizsg\u00e1ztak. Arra a k\u00e9rd\u00e9sre, hogy mi\u00e9rt nem rendelt\u00e9k el a m\u00e9di\u00e1ban kor\u00e1bban m\u00e1r kipr\u00f3b\u00e1lt katasztr\u00f3fariad\u00f3-tervet, Pint\u00e9r azt v\u00e1laszolta, hogy a rendk\u00edv\u00fcli id\u0151j\u00e1r\u00e1s nem \u00e9rintette a teljes orsz\u00e1got.<\/p>\n<p><!--more--><\/p>\n<p>Az internetes k\u00f6z\u00f6ss\u00e9g azt\u00e1n beindult, m\u00e9mek sz\u00e1zai k\u00e9sz\u00fcltek, nem besz\u00e9lve a 24, 36 \u00f3r\u00e1t a h\u00f3 fogs\u00e1g\u00e1ban t\u00f6lt\u0151k szem\u00e9lyes besz\u00e1mol\u00f3ir\u00f3l, melyek nem igaz\u00e1n igazolj\u00e1k a hivatalos gy\u0151zelmi jelent\u00e9seket, a katasztr\u00f3fav\u00e9delem felk\u00e9sz\u00fclts\u00e9g\u00e9t.<\/p>\n<p>De n\u00e9zz\u00fcnk sz\u00e9t sz\u0171kebb haz\u00e1nkban is. 14-\u00e9n ugyeb\u00e1r elkezdett esni a h\u00f3, j\u00f6tt a sz\u00e9l, de miut\u00e1n Zala megy\u00e9ben m\u00e1r t\u00f6bb mint 40 aut\u00f3 \u00fctk\u00f6z\u00f6tt egym\u00e1snak, megy\u00e9nkben a rend\u0151rs\u00e9g csak arra k\u00e9rte az \u00fatra kel\u0151ket, hogy: hogy legyenek k\u00f6r\u00fcltekint\u0151k \u00e9s t\u00fcrelmesek. Tartsanak nagyobb k\u00f6vet\u00e9si t\u00e1vols\u00e1got \u00e9s az \u00fatviszonyoknak megfelel\u0151en v\u00e1lassz\u00e1k meg j\u00e1rm\u0171v\u00fck sebess\u00e9g\u00e9t. Lehet\u0151s\u00e9g szerint csak t\u00e9li gumival felszerelt j\u00e1rm\u0171vel induljanak \u00fatnak \u00e9s haszn\u00e1lj\u00e1k a biztons\u00e1gi \u00f6vet. Az aut\u00f3kban legyen elegend\u0151 \u00fczemanyag, h\u00f3lap\u00e1t, takar\u00f3 \u00e9s meleg ital arra az esetre, ha elakadn\u00e1nak.<\/p>\n<p>Azt\u00e1n persze el is akadtak. Nem p\u00e1ran, sok sz\u00e1zan. Erre m\u00e1r a Kom\u00e1rom-Esztergom Megyei V\u00e9delmi Bizotts\u00e1g is kapcsolt, \u00e9s 14-\u00e9n kelt hat\u00e1rozat\u00e1ban: A rendk\u00edv\u00fcli id\u0151j\u00e1r\u00e1si k\u00f6r\u00fclm\u00e9nyek miatt a bizotts\u00e1g k\u00f6zleked\u00e9si tilalmat rendel el Kisb\u00e9r, Kom\u00e1rom, Oroszl\u00e1ny, Tata \u00e9s Tatab\u00e1nya HVB-k illet\u00e9kess\u00e9gi ter\u00fclet\u00e9n tal\u00e1lhat\u00f3 valamennyi telep\u00fcl\u00e9sen. Utas\u00edtja a rend\u0151rs\u00e9get, hogy a telep\u00fcl\u00e9sekr\u0151l kihajtani sz\u00e1nd\u00e9koz\u00f3kat ford\u00edtsa vissza. Azonban eddigre m\u00e1r sok ezren voltak \u00faton, k\u00e9sz\u00fclve a hossz\u00fa h\u00e9tv\u00e9ge \u00f6r\u00f6meire.<\/p>\n<p>A megy\u00e9vel \u00f6sszhangban Oroszl\u00e1nyban is \u00f6ssze\u00fclt a v\u00e9delmi bizotts\u00e1g, meghozva a megyeivel \u00f6sszhangban a saj\u00e1t hat\u00e1rozat\u00e1t, amit a v\u00e1ros folyamatosan friss\u00fcl\u0151 weboldal\u00e1n is k\u00f6zz\u00e9tett. Az ezt k\u00f6vet\u0151 esem\u00e9nyeket mindenki meg\u00e9lte, nem kell r\u00e9szletezni, majd belefulladtunk a h\u00f3ba, m\u00e1r cs\u00fct\u00f6rt\u00f6k d\u00e9lut\u00e1n is alig lehetett megmozdulni a v\u00e1rosban.<\/p>\n<p>Eltelt sz\u00e9pen a 15-e, majd szombaton d\u00e9lel\u0151tt j\u00f6tt a ver\u0151f\u00e9nyes naps\u00fct\u00e9s, a csal\u00f3ka meleged\u00e9s, s tal\u00e1n ennek hat\u00e1s\u00e1ra d\u00f6nt\u00f6tt \u00fagy a helyi V\u00e9delmi Bizotts\u00e1g, hogy d\u00e9lel\u0151tt 10 \u00f3ra magass\u00e1g\u00e1ban k\u00f6zz\u00e9teszi: A Helyi V\u00e9delmi Bizotts\u00e1g feloldotta az \u00fatz\u00e1rat Tatab\u00e1nya (K\u00f6rnye) fel\u00e9 m\u00e1rcius 16-\u00e1n a reggeli \u00f3r\u00e1kban. Tatab\u00e1ny\u00e1n\u00e1l az aut\u00f3p\u00e1ly\u00e1ra is fel lehet hajtani. A kecsk\u00e9di \u00e9s bokodi \u00fat megtiszt\u00edt\u00e1sa is folyamatban van, a d\u00e9li \u00f3r\u00e1kig megt\u00f6rt\u00e9nik. A HVB \u00f3vatos k\u00f6zleked\u00e9st k\u00e9r minden aut\u00f3st\u00f3l. (k\u00e9p mell\u00e9kelve)<\/p>\n<p>Ezzel azonban csak az volt a baj, hogy az aut\u00f3sokat t\u00f6bb helyen is visszaford\u00edtott\u00e1k a rend\u0151r\u00f6k, nem besz\u00e9lve arr\u00f3l, hogy a K\u00f6rny\u00e9r\u0151l kivezet\u0151 \u00faton t\u00f6bb kilom\u00e9teres torl\u00f3d\u00e1s alakult ki. Teh\u00e1t a mi kis bizotts\u00e1gunk \u00fagy hozott hat\u00e1rozatot \u00e9s adott felel\u0151tlen\u00fcl z\u00f6ld jelz\u00e9st a polg\u00e1roknak, hogy arr\u00f3l senkivel nem egyeztetett, nem konzult\u00e1lt \u2013 ahogyan azt m\u00e1r nem egyszer tapasztalhattuk m\u00e1s \u00fcgyekben.<\/p>\n<p>Tov\u00e1bbi \u00e9rdekess\u00e9g, hogy ugyanebben az id\u0151ben a sajt\u00f3 egy m\u00e1sik t\u00e1j\u00e9koztat\u00f3t is megkapott: B\u00e1r egy nyomvonalon m\u00e1r j\u00e1rhat\u00f3ak a K\u00f6rny\u00e9re bevezet\u0151 utak, a Helyi V\u00e9delmi Bizotts\u00e1g ara h\u00edvja fel mindenki figyelm\u00e9t, hogy a k\u00f6zleked\u00e9si tilalomra vonatkoz\u00f3 hat\u00e1rozat tov\u00e1bbra is \u00e9rv\u00e9nyes. A bizotts\u00e1g nyomat\u00e9kosan k\u00e9ri, hogy senki ne induljon \u00fatnak, mert jelenleg is tart az utakon rekedt aut\u00f3k ment\u00e9se \u00e9s a k\u00f6zleked\u0151k akad\u00e1lyozz\u00e1k a munk\u00e1latokat, illetve t\u00f6bb aut\u00f3s is az \u00e1rokba cs\u00faszott.<\/p>\n<p>A TATAB\u00c1NYAI J\u00c1R\u00c1SI HELYI V\u00c9DELMI BIZOTTS\u00c1G K\u00d6ZLEM\u00c9NYE!<br \/>\nA h\u00f3helyzet miatt kialakult jelenlegi \u00e1llapotban a legfontosabb az utak takar\u00edt\u00e1sa, megtiszt\u00edt\u00e1sa, az elakadt j\u00e1rm\u0171vek m\u0171szaki ment\u00e9se. A Helyi V\u00e9delmi Bizotts\u00e1g felh\u00edvja mindenki figyelm\u00e9t, hogy az \u00fatz\u00e1r tov\u00e1bbra is \u00e9rv\u00e9nyben van! A Katasztr\u00f3fav\u00e9delem \u00e9s a Rend\u0151rs\u00e9g adhat, helyi szinten felment\u00e9st, az egyes \u00e9rintett j\u00e1rm\u0171vek vonatkoz\u00e1s\u00e1ban. Mindenkit meg\u00e9rt\u00fcnk, hogy haza szeretne jutni, de m\u00e9g egy kis t\u00fcrelmet k\u00e9r\u00fcnk!<\/p>\n<p>Tal\u00e1n ennek hat\u00e1s\u00e1ra t\u0171nt el 11 \u00f3r\u00e1ra a f\u00e9lret\u00e1j\u00e9koztat\u00f3 hat\u00e1rozat Oroszl\u00e1ny honlapj\u00e1r\u00f3l, s ker\u00fclt fel \u00fajra a k\u00f6zleked\u00e9si tilalomra val\u00f3 felh\u00edv\u00e1s. (k\u00e9p mell\u00e9kelve)<\/p>\n<p style=\"text-align: center;\"><a href=\"https:\/\/www.mszporoszlany.hu\/wp-content\/uploads\/2013\/03\/vihar1.png\" rel=\"lightbox[2127]\"><img loading=\"lazy\" decoding=\"async\" class=\"alignnone size-thumbnail wp-image-2129\" alt=\"vihar1\" src=\"https:\/\/www.mszporoszlany.hu\/wp-content\/uploads\/2013\/03\/vihar1-160x120.png\" width=\"160\" height=\"120\" \/><\/a> <a href=\"https:\/\/www.mszporoszlany.hu\/wp-content\/uploads\/2013\/03\/Vihar2.png\" rel=\"lightbox[2127]\"><img loading=\"lazy\" decoding=\"async\" class=\"alignnone size-thumbnail wp-image-2130\" alt=\"Vihar2\" src=\"https:\/\/www.mszporoszlany.hu\/wp-content\/uploads\/2013\/03\/Vihar2-160x120.png\" width=\"160\" height=\"120\" \/><\/a><\/p>\n<p style=\"text-align: center;\">Tekintse meg a k\u00e9peket eredeti m\u00e9retben (Klikk!)<\/p>\n<p>Mindenki l\u00e1thatja, rendben mennek itt a dolgok, mindenki a hely\u00e9n van. A zemberek \u00e9rdek\u00e9ben.<\/p>\n","protected":false},"excerpt":{"rendered":"<p>Az Orsz\u00e1gos Rend\u0151r-f\u0151kapit\u00e1nys\u00e1g \u00f6sszes\u00edt\u00e9se szerint orsz\u00e1gszerte mintegy 14 \u00e9s f\u00e9lezer szem\u00e9lyt, valamint k\u00f6zel n\u00e9gyezer j\u00e1rm\u0171vet szabad\u00edtottak ki a h\u00f3 fogs\u00e1g\u00e1b\u00f3l az elm\u00falt napokban, s vas\u00e1rnapra v\u00e9gre normaliz\u00e1l\u00f3dott a helyzet. <\/p>\n<p>Ugyanakkor egyre t\u00f6bben a hat\u00f3s\u00e1gok felel\u0151ss\u00e9g\u00e9t firtatt\u00e1k \u00e9s firtatj\u00e1k, s azt k\u00e9rdezik, Pint\u00e9r S\u00e1ndor mi\u00e9rt csak p\u00e9ntek 11 \u00f3rakor f\u00fajt riad\u00f3t, nem lehetett volna megel\u0151zni a k\u00e1oszt? A bel\u00fcgyminiszter szerint ugyanakkor a ment\u00e9sre indul\u00f3 egys\u00e9gek jelesre vizsg\u00e1ztak. Arra a k\u00e9rd\u00e9sre, hogy mi\u00e9rt nem rendelt\u00e9k el a m\u00e9di\u00e1ban kor\u00e1bban m\u00e1r kipr\u00f3b\u00e1lt katasztr\u00f3fariad\u00f3-tervet, Pint\u00e9r azt v\u00e1laszolta, hogy a rendk\u00edv\u00fcli id\u0151j\u00e1r\u00e1s nem \u00e9rintette a teljes orsz\u00e1got. <a href=\"https:\/\/www.mszporoszlany.hu\/?p=2127\">Egy kattint\u00e1s ide a folytat\u00e1shoz&#8230;. <span class=\"meta-nav\">&rarr;<\/span><\/a><\/p>\n","protected":false},"author":35,"featured_media":0,"comment_status":"open","ping_status":"closed","sticky":false,"template":"","format":"standard","meta":{"footnotes":""},"categories":[195,194],"tags":[834,1196,1353,1354,1358,1311,1312,1355,1228,1764,1356,1351,1352,1357,179],"class_list":["post-2127","post","type-post","status-publish","format-standard","hentry","category-komarom-esztergom-megye","category-oroszlany","tag-bokod","tag-felelosseg","tag-hatosagok","tag-katasztrofariado-terv","tag-kecsked","tag-kisber","tag-komarom","tag-komarom-esztergom-megyei-vedelmi-bizottsag","tag-kornye","tag-oroszlany","tag-oroszlanyi-vedelmi-bizottsag","tag-orszagos-rendor-fokapitanysag","tag-pinter-sandor","tag-tata","tag-tatabanya"],"_links":{"self":[{"href":"https:\/\/www.mszporoszlany.hu\/index.php?rest_route=\/wp\/v2\/posts\/2127","targetHints":{"allow":["GET"]}}],"collection":[{"href":"https:\/\/www.mszporoszlany.hu\/index.php?rest_route=\/wp\/v2\/posts"}],"about":[{"href":"https:\/\/www.mszporoszlany.hu\/index.php?rest_route=\/wp\/v2\/types\/post"}],"author":[{"embeddable":true,"href":"https:\/\/www.mszporoszlany.hu\/index.php?rest_route=\/wp\/v2\/users\/35"}],"replies":[{"embeddable":true,"href":"https:\/\/www.mszporoszlany.hu\/index.php?rest_route=%2Fwp%2Fv2%2Fcomments&post=2127"}],"version-history":[{"count":0,"href":"https:\/\/www.mszporoszlany.hu\/index.php?rest_route=\/wp\/v2\/posts\/2127\/revisions"}],"wp:attachment":[{"href":"https:\/\/www.mszporoszlany.hu\/index.php?rest_route=%2Fwp%2Fv2%2Fmedia&parent=2127"}],"wp:term":[{"taxonomy":"category","embeddable":true,"href":"https:\/\/www.mszporoszlany.hu\/index.php?rest_route=%2Fwp%2Fv2%2Fcategories&post=2127"},{"taxonomy":"post_tag","embeddable":true,"href":"https:\/\/www.mszporoszlany.hu\/index.php?rest_route=%2Fwp%2Fv2%2Ftags&post=2127"}],"curies":[{"name":"wp","href":"https:\/\/api.w.org\/{rel}","templated":true}]}}