{"id":2144,"date":"2013-03-20T06:25:54","date_gmt":"2013-03-20T05:25:54","guid":{"rendered":"http:\/\/www.mszporoszlany.hu\/?p=2144"},"modified":"2013-03-20T06:25:54","modified_gmt":"2013-03-20T05:25:54","slug":"a-kozpenz-utja","status":"publish","type":"post","link":"https:\/\/www.mszporoszlany.hu\/?p=2144","title":{"rendered":"A k\u00f6zp\u00e9nz \u00fatja"},"content":{"rendered":"<p><img loading=\"lazy\" decoding=\"async\" class=\"alignleft size-full wp-image-2145\" alt=\"kozpenz\" src=\"https:\/\/www.mszporoszlany.hu\/wp-content\/uploads\/2013\/03\/kozpenz.jpg\" width=\"200\" height=\"120\" \/>Egy \u00e9vvel ezel\u0151tt hoztuk nyilv\u00e1noss\u00e1gra azt az \u00f6sszes\u00edt\u00e9st, amely Oroszl\u00e1ny polg\u00e1rmester\u00e9nek 2011-es g\u00e9pkocsi haszn\u00e1lat\u00e1t tartalmazta. Kider\u00fclt, hogy Tak\u00e1cs K\u00e1roly 2011-ben mintegy nyolcmilli\u00f3 forintnyi k\u00f6zp\u00e9nz\u00e9rt r\u00f3tta \u00fatjait, azaz 638 ezer forintba ker\u00fclt havonta \u00e1tlagosan hivatalos \u00fcgyeinek aut\u00f3val val\u00f3 int\u00e9z\u00e9se. Ezen bel\u00fcl r\u00e9szletezt\u00fck a sof\u0151r alkalmaz\u00e1s\u00e1nak k\u00f6lts\u00e9geit, ez 4,5 milli\u00f3 forintot vitt el az ad\u00f3fizet\u0151k p\u00e9nz\u00e9b\u0151l.<\/p>\n<p><!--more--><\/p>\n<p>A figyelemfelh\u00edv\u00e1s els\u0151sorban azt szolg\u00e1lta, hogy cs\u00ednj\u00e1n kellene b\u00e1nni a k\u00f6zp\u00e9nzekkel, \u00e9s nem sz\u00f3rni ki az ablakon nagy kos\u00e1rral. Naivan akkor t\u00f6bben \u00fagy hitt\u00e9k lesz foganatja az \u00edr\u00e1snak, de nem! Oroszl\u00e1nyban err\u0151l sz\u00f3 sem lehet, hiszen a tavalyi \u00e9vi \u00f6sszes\u00edt\u00e9s ut\u00e1n kider\u00fclt, minden maradt a r\u00e9giben, \u00fasznak a milli\u00f3k a v\u00e1laszt\u00f3k akarat\u00e1b\u00f3l.<\/p>\n<p>2012-ben az el\u0151z\u0151 \u00e9vi 4,5 milli\u00f3 forinttal szemben m\u00e1r 5,3 milli\u00f3t sz\u00e1ml\u00e1zott a Dzsupin \u00e9s T\u00e1rsai Bt, mely t\u00e1rsas\u00e1g f\u0151 profilja a sz\u00e1razf\u00f6ldi szem\u00e9lysz\u00e1ll\u00edt\u00e1s. De nemcsak ennyi jutott a b\u00e9t\u00e9nek, hiszen az eml\u00edtettek mellett mintegy 1,4 milli\u00f3t kassz\u00edrozott m\u00e9diaszolg\u00e1ltat\u00e1s\u00e9rt, \u00e9s p\u00e9ld\u00e1ul k\u00f6zel 700 ezret a ker\u00e9kp\u00e1r\u00fat nyilv\u00e1nos t\u00e1j\u00e9koztat\u00e1s\u00e1nak biztos\u00edt\u00e1s\u00e1\u00e9rt. Sz\u00f3val \u00f6sszesen t\u00f6bb mint 7 \u00e9s f\u00e9l milli\u00f3 ment ide.<\/p>\n<p>Minden bizonnyal az alpolg\u00e1rmester is kedvet kapott egy kis k\u00f6zp\u00e9nzhez, m\u00e1r ami az elm\u00falt k\u00e9t \u00e9vet illeti. Mint \u00e9tteremtulajdonos (rossz nyelvek szerint kocsm\u00e1ros) m\u00e1r a 2010-es v\u00e1laszt\u00e1sokat k\u00f6vet\u0151en rendesen megemeltette tiszteletd\u00edj\u00e1t, de ez nem volt el\u00e9g, sz\u00e1mos esetben c\u00e9ge, a Papp \u00e9s T\u00e1rsa Kft. szolg\u00e1ltatta az \u00e9telt-italt sz\u00e1mos repi programhoz. 2011-ben m\u00e9g csak 880 ezer forintnyi sz\u00e1ml\u00e1t ny\u00fajtott be a hivatalnak, de tavaly ez az \u00f6sszeg m\u00e1r el\u00e9rte az 1,4 milli\u00f3 forintot.<\/p>\n<p>Mint fentebb m\u00e1r \u00edrtuk, a Dzsupin \u00e9s T\u00e1rsai Bt 2012-ben 1,4 milli\u00f3t kassz\u00edrozott m\u00e9diaszolg\u00e1ltat\u00e1s\u00e9rt, de ez nem volt el\u00e9g a V\u00e9rtes TV, illetve a v\u00e1rosi weboldal m\u0171k\u00f6dtet\u00e9s\u00e9re, \u00edgy \u00fajabb c\u00e9g l\u00e9pett be a k\u00f6zp\u00e9nzek, takar\u00e9kos, racion\u00e1lis, transzparens \u00e9s \u00e1tl\u00e1that\u00f3 elk\u00f6lt\u00e9s\u00e9be, a Vill-Line Kft A t\u00e1rsas\u00e1g 2011-ben 2,5 milli\u00f3 forint \u00e9rt\u00e9kben sz\u00e1ml\u00e1zott, majd tavaly t\u00f6bb mint 1,4 milli\u00f3t, amihez ha hozz\u00e1adjuk az 1,4 milli\u00f3s Dzsupin t\u00e9telt, bizony k\u00f6zel\u00edt\u00fcnk a 3 milli\u00f3hoz!<\/p>\n<p>Tudj\u00e1k: takar\u00e9kosan, racion\u00e1lisan, transzparensen \u00e9s \u00e1tl\u00e1that\u00f3an!<\/p>\n","protected":false},"excerpt":{"rendered":"<p>Egy \u00e9vvel ezel\u0151tt hoztuk nyilv\u00e1noss\u00e1gra azt az \u00f6sszes\u00edt\u00e9st, amely Oroszl\u00e1ny polg\u00e1rmester\u00e9nek 2011-es g\u00e9pkocsi haszn\u00e1lat\u00e1t tartalmazta. Kider\u00fclt, hogy Tak\u00e1cs K\u00e1roly 2011-ben mintegy nyolcmilli\u00f3 forintnyi k\u00f6zp\u00e9nz\u00e9rt r\u00f3tta \u00fatjait, azaz 638 ezer forintba ker\u00fclt havonta \u00e1tlagosan hivatalos \u00fcgyeinek aut\u00f3val val\u00f3 int\u00e9z\u00e9se. Ezen bel\u00fcl r\u00e9szletezt\u00fck a sof\u0151r alkalmaz\u00e1s\u00e1nak k\u00f6lts\u00e9geit, ez 4,5 milli\u00f3 forintot vitt el az ad\u00f3fizet\u0151k p\u00e9nz\u00e9b\u0151l. <a href=\"https:\/\/www.mszporoszlany.hu\/?p=2144\">Egy kattint\u00e1s ide a folytat\u00e1shoz&#8230;. <span class=\"meta-nav\">&rarr;<\/span><\/a><\/p>\n","protected":false},"author":35,"featured_media":0,"comment_status":"open","ping_status":"closed","sticky":false,"template":"","format":"standard","meta":{"footnotes":""},"categories":[194],"tags":[412,1361,1285,320,1764,1359,1363,9,1362,1360],"class_list":["post-2144","post","type-post","status-publish","format-standard","hentry","category-oroszlany","tag-alpolgarmester","tag-atlathatosag","tag-dzsupin-es-tarsai-bt","tag-kozpenz","tag-oroszlany","tag-papp-es-tarsa-kft","tag-racionalitas","tag-takacs-karoly","tag-takarekossag","tag-vill-line-kft"],"_links":{"self":[{"href":"https:\/\/www.mszporoszlany.hu\/index.php?rest_route=\/wp\/v2\/posts\/2144","targetHints":{"allow":["GET"]}}],"collection":[{"href":"https:\/\/www.mszporoszlany.hu\/index.php?rest_route=\/wp\/v2\/posts"}],"about":[{"href":"https:\/\/www.mszporoszlany.hu\/index.php?rest_route=\/wp\/v2\/types\/post"}],"author":[{"embeddable":true,"href":"https:\/\/www.mszporoszlany.hu\/index.php?rest_route=\/wp\/v2\/users\/35"}],"replies":[{"embeddable":true,"href":"https:\/\/www.mszporoszlany.hu\/index.php?rest_route=%2Fwp%2Fv2%2Fcomments&post=2144"}],"version-history":[{"count":0,"href":"https:\/\/www.mszporoszlany.hu\/index.php?rest_route=\/wp\/v2\/posts\/2144\/revisions"}],"wp:attachment":[{"href":"https:\/\/www.mszporoszlany.hu\/index.php?rest_route=%2Fwp%2Fv2%2Fmedia&parent=2144"}],"wp:term":[{"taxonomy":"category","embeddable":true,"href":"https:\/\/www.mszporoszlany.hu\/index.php?rest_route=%2Fwp%2Fv2%2Fcategories&post=2144"},{"taxonomy":"post_tag","embeddable":true,"href":"https:\/\/www.mszporoszlany.hu\/index.php?rest_route=%2Fwp%2Fv2%2Ftags&post=2144"}],"curies":[{"name":"wp","href":"https:\/\/api.w.org\/{rel}","templated":true}]}}