{"id":2154,"date":"2013-03-31T20:19:36","date_gmt":"2013-03-31T19:19:36","guid":{"rendered":"http:\/\/www.mszporoszlany.hu\/?p=2154"},"modified":"2013-03-31T20:19:36","modified_gmt":"2013-03-31T19:19:36","slug":"a-rezsicsokkentes-ujabb-osellensegei","status":"publish","type":"post","link":"https:\/\/www.mszporoszlany.hu\/?p=2154","title":{"rendered":"A rezsics\u00f6kkent\u00e9s \u00fajabb \u0151sellens\u00e9gei"},"content":{"rendered":"<p><img loading=\"lazy\" decoding=\"async\" class=\"alignleft size-full wp-image-2155\" alt=\"rezsicsokkentes\" src=\"https:\/\/www.mszporoszlany.hu\/wp-content\/uploads\/2013\/03\/rezsicsokkentes.png\" width=\"200\" height=\"120\" \/>Szinte minden korm\u00e1nycsapb\u00f3l k\u00e9t dolog folyik. Egyik a &#8222;Magyarorsz\u00e1g jobban teljes\u00edt&#8221;, m\u00e1sik a &#8222;rezsics\u00f6kkent\u00e9s&#8221; ellens\u00e9geinek ostoroz\u00e1sa. Az ellent\u00e1bor is ezerrel nyomja saj\u00e1t szlogenjeit \u00e1rdr\u00e1gul\u00e1ssal, forintroml\u00e1ssal \u00e9s m\u00e9ly szeg\u00e9nys\u00e9ggel kapcsolatosan. Ebben a nagy h\u00e1bor\u00faban azonban most kihallhat\u00f3 egy &#8222;figyelemrem\u00e9lt\u00f3&#8221; \u00fczenet, amely a kizs\u00e1km\u00e1nyol\u00f3 multinacion\u00e1lis c\u00e9gekre \u00e9s bankokra hajazva, a &#8222;h\u00e1ziurakat&#8221; \u2013 eln\u00e9z\u00e9st eln\u00f6k\u00f6ket \u00e9s eln\u00f6k-asszonyokat \u2013 \u00e1ll\u00edtja pelleng\u00e9rre, mint a rezsics\u00f6kkent\u00e9s \u0151sellens\u00e9geit. \u0150k azok ugyanis, akik a szeg\u00e9nyed\u0151 (vagy egyre jobban \u00e9l\u0151? \u2013 hirtelen nem is tudhat\u00f3) embereket sanyargatj\u00e1k, a 10%-os &#8222;\u00e9letment\u0151&#8221; rezsics\u00f6kkent\u00e9s aljas m\u00f3don val\u00f3 elrabl\u00e1s\u00e1val, amib\u0151l \u2013 hivatalos &#8222;korm\u00e1nyv\u00e9lem\u00e9ny&#8221; szerint \u2013 \u00fasz\u00f3medenc\u00e9iket \u00e9p\u00edtgetik.<\/p>\n<p><!--more--><\/p>\n<p>A &#8222;f\u0151rezsics\u00f6kkent\u0151&#8221; N\u00e9meth Szil\u00e1rd megint akkora luftot r\u00fagott kisz\u00f3l\u00e1s\u00e1val, mint az akci\u00f3 elej\u00e9n, amikor kider\u00fclt (saj\u00e1t beismer\u0151 vallom\u00e1sa alapj\u00e1n), hogy fogalma sincs arr\u00f3l, mik\u00e9nt n\u00e9z ki egy szolg\u00e1ltat\u00f3i sz\u00e1mla, arr\u00f3l m\u00e1r nem is besz\u00e9lve, hogy mit \u00e9s mik\u00e9nt kell rajta \u00e9rtelmezni. A brutt\u00f3- \u00e9s nett\u00f3 \u00e9rt\u00e9k, v\u00e1llalkoz\u00f3kat is megt\u00e9veszt\u0151 bonyolults\u00e1g\u00e1r\u00f3l m\u00e1r ne is besz\u00e9lj\u00fcnk.<\/p>\n<p>A f\u0151 elsz\u00e1moltat\u00f3 \u00e9s f\u0151 elj\u00e1r\u00e1sind\u00edt\u00f3 leg\u00fajabb agymen\u00e9se a k\u00f6z\u00f6ss\u00e9gben \u00e9l\u0151 emberek teljes-p\u00e1ly\u00e1s let\u00e1mad\u00e1sa. T\u00f6rt\u00e9nt ugyanis, hogy r\u00e1\u00e9bredtek a rezsilovagok arra az egyszer\u0171 t\u00e9nyre, ami mintegy 5-6 milli\u00f3 ember sz\u00e1m\u00e1ra mindennapi evidencia, hogy k\u00f6zszolg\u00e1ltat\u00e1sa nem csak mag\u00e1nszem\u00e9lyeknek, hanem azok t\u00f6m\u00f6r\u00fcl\u00e9seinek is van. Ilyen t\u00f6m\u00f6r\u00fcl\u00e9sek p\u00e9ld\u00e1ul a t\u00e1rsash\u00e1zk\u00f6z\u00f6ss\u00e9gek is. M\u00e9g egy kisebb v\u00e1rosban is az emberek nagyj\u00e1b\u00f3l 60-70%-a \u00e9l ilyen k\u00f6z\u00f6ss\u00e9gekben, azaz az \u00e9rintettek sz\u00e1ma igen jelent\u0151s. A pontosan megtervezett, hat\u00e1svizsg\u00e1latokkal al\u00e1t\u00e1masztott, \u00e9s az \u00e9rintettekkel nemzeti szinten egy\u00fcttm\u0171k\u00f6dve kidolgozott rezsics\u00f6kkent\u0151 brav\u00far csak arra az apr\u00f3 szempontra nem tudott \u00f6sszpontos\u00edtani, ami 5-6 milli\u00f3 magyar \u00e1llampolg\u00e1rt \u00e9rint. Gratul\u00e1lunk! \u00dcgyes volt! Csak \u00edgy tov\u00e1bb!<\/p>\n<p>Mi a gond a mostani cs\u00f6rteind\u00edt\u00e1ssal? Aki t\u00e1rsash\u00e1zk\u00f6z\u00f6ss\u00e9gben \u00e9l, pontosan tudja a k\u00f6z\u00f6s k\u00e9pvisel\u0151k (\u00e9p\u00fclet\u00fczemeltet\u0151k) nem szolg\u00e1ltat\u00f3k! \u2013 azaz egyetlen egy k\u00f6zszolg\u00e1ltat\u00e1st sem sz\u00e1ml\u00e1znak a k\u00f6z\u00f6ss\u00e9g tagjai sz\u00e1m\u00e1ra. A t\u00f6rv\u00e9ny, amely csak az adott ter\u00fcleten &#8222;felel\u0151sen&#8221; elj\u00e1r\u00f3 \u00e9s v\u00e1dl\u00f3 t\u00f6rv\u00e9nyalkot\u00f3 honatya sz\u00e1m\u00e1ra nem ismert, egy\u00e9rtelm\u0171en r\u00f6gz\u00edti a k\u00f6z\u00f6s k\u00f6lts\u00e9g fogalm\u00e1t \u00e9s gazdas\u00e1gi szempont\u00fa, t\u00f6rv\u00e9nyi besorol\u00e1s\u00e1t, mely szerint a k\u00f6z\u00f6s k\u00f6lts\u00e9g egy sz\u00e9tosztott k\u00f6lts\u00e9g, amelynek \u00e9ves \u00f6sszeg\u00e9t pontos \u00e9s r\u00e9szletes tervez\u00e9st k\u00f6vet\u0151en a t\u00e1rsash\u00e1z tulajdonosok k\u00f6z\u00f6sen \u00e1llap\u00edtj\u00e1k meg, az erre a c\u00e9lra \u00f6sszeh\u00edvott, t\u00f6rv\u00e9nyileg szab\u00e1lyozott m\u00f3don lebonyol\u00edtott k\u00f6zgy\u0171l\u00e9sen! Vagyis azok d\u00f6ntenek a nagys\u00e1g\u00e1r\u00f3l, akik k\u00e9s\u0151bb azt befizetik! \u00cdgy a k\u00f6z\u00f6s k\u00e9pvisel\u0151nek nincs m\u00e1s dolga, mint ezt a d\u00f6nt\u00e9st jegyz\u0151k\u00f6nyvbe foglalni \u00e9s \u00e9rv\u00e9nyes\u00edteni a k\u00f6vetkez\u0151 gazd\u00e1lkod\u00e1si \u00e9vre vonatkoz\u00f3an az elsz\u00e1mol\u00e1sokban.<\/p>\n<p>Nem vicces!? Vagyis amikor N\u00e9meth \u00far nyilv\u00e1nosan megfenyegeti az orsz\u00e1gban felel\u0151ss\u00e9gteljesen m\u0171k\u00f6d\u0151, szakmailag k\u00e9pzett, a t\u00f6rv\u00e9nyekkel n\u00e1la sokkal jobban tiszt\u00e1ban l\u00e9v\u0151 k\u00f6z\u00f6s k\u00e9pvisel\u0151ket, akkor k\u00e9t apr\u00f3s\u00e1got nem vesz figyelembe: 1.) \u00c1ll\u00edt\u00e1sa komoly tudatlans\u00e1gb\u00f3l ered\u0151 nagy nyilv\u00e1noss\u00e1g el\u0151tt elk\u00f6vetett r\u00e1galmaz\u00e1s. 2.) A t\u00e1rsash\u00e1zak m\u0171k\u00f6d\u00e9s\u00e9t szab\u00e1lyoz\u00f3 t\u00f6rv\u00e9ny a tulajdonosokat ruh\u00e1zza fel minden, a sorsukat \u00e9rint\u0151 d\u00f6nt\u00e9s meghozatal\u00e1ra, \u00edgy a k\u00f6z\u00f6s k\u00f6lts\u00e9g nagys\u00e1g\u00e1nak meg\u00e1llap\u00edt\u00e1s\u00e1ra is. Vagyis ha valakit mindenk\u00e9ppen fel szeretne jelenteni, valaki ellen azonnal el k\u00edv\u00e1n j\u00e1rni, akkor kezdheti k\u00e9sz\u00edteni azt a mintegy 5-6 milli\u00f3 levelet, amelyben feljelenti a magyarorsz\u00e1gi t\u00e1rsash\u00e1zk\u00f6z\u00f6ss\u00e9gek valamennyi tulajdonos\u00e1t, azaz a rezsics\u00f6kkent\u00e9ssel \u00e1ltala \u00e1ll\u00edt\u00f3lag t\u00e1mogatott milli\u00f3kat!<\/p>\n<p>De ha m\u00e1r itt tarunk, akkor n\u00e9zz\u00fcnk ut\u00e1na egy m\u00e1sik sz\u00e1lnak is, amely szint\u00e9n komoly sikerpropaganda elem az ut\u00f3bbi id\u0151ben. Ez pedig nem m\u00e1s mint a bajba jutott devizahitelesek megseg\u00edt\u00e9se. Biztos komoly t\u00e1mogat\u00e1s mindazoknak, akik \u00f6n\u00e1ll\u00f3 (csal\u00e1di h\u00e1zas) ingatlanaikkal ker\u00fclnek a Nemzeti Eszk\u00f6zkezel\u0151 l\u00e1t\u00f3ter\u00e9be, aminek eredm\u00e9nyek\u00e9nt tulajdonosokb\u00f3l b\u00e9rl\u0151kk\u00e9 v\u00e1lhatnak, \u00e9s minden ad\u00f3ss\u00e1gukt\u00f3l mentes\u00fclhetnek. B\u00e1r a 35, 50 \u00e9s 55%-os \u00e9rt\u00e9ken felv\u00e1s\u00e1rolt ingatlanok j\u00f6v\u0151beli sorsa igencsak k\u00e9rd\u00e9ses, ugyanis amennyiben a b\u00e9rl\u0151nek (volt tulajdonos) tov\u00e1bbi fizet\u00e9si neh\u00e9zs\u00e9gei lenn\u00e9nek (ami l\u00e1ssuk be nem lenne meglep\u0151), akkor azok k\u00e9s\u0151bb elidegen\u00edthet\u0151ek. Az\u00e9rt ez elgondolkodtat\u00f3, nem? Vajon ki fogja ezeket jut\u00e1nyos \u00e1ron felv\u00e1s\u00e1rolni?<\/p>\n<p>Igen \u00e1m! \u2013 de mi van azokkal az ingatlanhitelesekkel, akik t\u00e1rsash\u00e1zk\u00f6z\u00f6ss\u00e9gekben \u00e9lnek? Azok, akik a hiteleket nem tudt\u00e1k fizetni, nagyon sok esetben a k\u00f6z\u00f6s k\u00f6lts\u00e9g megfizet\u00e9s\u00e9vel is bajban voltak. Nem fizett\u00e9k az egy\u00e9ni szerz\u0151d\u00e9sek alapj\u00e1n ny\u00fajtott k\u00f6zszolg\u00e1ltat\u00e1sokat sem, amelyeket a k\u00f6zszolg\u00e1ltat\u00f3k z\u00f6me \u2013 tegy\u00fck hozz\u00e1 t\u00f6rv\u00e9nyi felhatalmaz\u00e1sra \u2013 a t\u00e1rsash\u00e1z k\u00f6z\u00f6ss\u00e9geken k\u00f6vetelt. A t\u00e1rsash\u00e1zkezel\u0151k a gondos \u00e9s felel\u0151ss\u00e9gteljes magtart\u00e1s miatt, a tulajdonosokt\u00f3l kapott felhatalmaz\u00e1s alapj\u00e1n, fizet\u00e9si felsz\u00f3l\u00edt\u00e1s \u00e9s v\u00e9grehajt\u00e1s megind\u00edtsa alapj\u00e1n pr\u00f3b\u00e1l ut\u00e1na menni a be nem fizetett k\u00f6telezetts\u00e9gnek. Ezzel &#8222;nem is volt&#8221; baj! Eddig! \u2013 de bel\u00e9pett a k\u00e9pbe a korm\u00e1ny eszk\u00f6ze a Nemzeti Eszk\u00f6zkezel\u0151. Az \u00e1ltala igen alacsony \u00e1ron felv\u00e1s\u00e1rolt ingatlanra vonatkoz\u00f3an \u2013 t\u00f6rv\u00e9nyi felhatalmaz\u00e1s alapj\u00e1n \u2013 t\u00f6r\u00f6lt\u00e9k az ingatlanra bejegyzett valamennyi v\u00e9grehajt\u00e1si f\u00e1zisban l\u00e9v\u0151 k\u00f6vetel\u00e9st, \u00edgy a k\u00f6z\u00f6ss\u00e9g \u00e1ltal a kor\u00e1bbi tulajdonoson k\u00f6vetelt k\u00f6z\u00f6s k\u00f6lts\u00e9g elmarad\u00e1sokat \u00e9s meg nem fizetett szolg\u00e1ltat\u00e1sok d\u00edj\u00e1t is, amit a k\u00f6z\u00f6ss\u00e9g t\u00f6bbi tagja term\u00e9szetesen helyette m\u00e1r kifizetett. Vagyis a k\u00f6z\u00f6ss\u00e9g ezzel az egyszer\u0171 &#8222;tr\u00fckkel&#8221; elesett ak\u00e1r t\u00f6bb sz\u00e1zezer, vagy t\u00f6bb milli\u00f3 forintnyi jogos p\u00e9nz\u00e9t\u0151l, ugyanis a fedezetet biztos\u00edt\u00f3 ingatlan \u00e1llami tulajdonba ker\u00fclt. Vagyis \u00e1llam b\u00e1csi az egyik kez\u00e9vel elvileg adott t\u00edz sz\u00e1zal\u00e9kot (p\u00e1r sz\u00e1zezer forint \u00e9vente) \u00e9s a m\u00e1sikkal t\u00e9nylegesen elvett ak\u00e1r t\u00f6bb milli\u00f3 forintot is. Ez \u00e1m a komoly v\u00e9delem! Isten \u00f3vjon att\u00f3l, hogy valakit \u00edgy v\u00e9djenek meg!<\/p>\n<p>&#8222;Egy sz\u00f3nak is sz\u00e1z a v\u00e9ge&#8221; \u2013 IGEN! direkt van \u00edgy \u2013 aki sz\u00e1mok k\u00f6z\u00e9 keveredik, az k\u00f6nnyen hib\u00e1zhat! Mert ugye azt felt\u00e9telezni sem merj\u00fck, hogy mindezek m\u00f6g\u00f6tt politikai \u00e1rm\u00e1nykod\u00e1s \u00e9s az emberek f\u00e9lrevezet\u00e9se h\u00faz\u00f3dik meg, valamilyen haszon megszerz\u00e9s\u00e9nek \u00e9rdek\u00e9ben!?<\/p>\n<p>Ennek eld\u00f6nt\u00e9s\u00e9t m\u00e1r olvas\u00f3inkra b\u00edzzuk!<\/p>\n","protected":false},"excerpt":{"rendered":"<p>Szinte minden korm\u00e1nycsapb\u00f3l k\u00e9t dolog folyik. Egyik a &#8222;Magyarorsz\u00e1g jobban teljes\u00edt&#8221;, m\u00e1sik a &#8222;rezsics\u00f6kkent\u00e9s&#8221; ellens\u00e9geinek ostoroz\u00e1sa. Az ellent\u00e1bor is ezerrel nyomja saj\u00e1t szlogenjeit \u00e1rdr\u00e1gul\u00e1ssal, forintroml\u00e1ssal \u00e9s m\u00e9lyszeg\u00e9nys\u00e9ggel kapcsolatosan. Ebben a nagy h\u00e1bor\u00faban azonban most kihallhat\u00f3 egy &#8222;figyelemrem\u00e9lt\u00f3&#8221; \u00fczenet, amely a kizs\u00e1km\u00e1nyol\u00f3 multinacion\u00e1lis c\u00e9gekre \u00e9s bankokra hajazva, a &#8222;h\u00e1ziurakat&#8221; \u2013 eln\u00e9z\u00e9st eln\u00f6k\u00f6ket \u00e9s eln\u00f6k-asszonyokat \u2013 \u00e1ll\u00edtja pelleng\u00e9rre, mint a rezsics\u00f6kkent\u00e9s \u0151sellens\u00e9geit. \u0150k azok ugyanis, akik a szeg\u00e9nyed\u0151 (vagy egyre jobban \u00e9l\u0151? \u2013 h\u00edrtelen nem is tudhat\u00f3) embereket sanyargatj\u00e1k, a 10%-os &#8222;\u00e9letment\u0151&#8221; rezsics\u00f6kkent\u00e9s aljas m\u00f3don val\u00f3 elrabl\u00e1s\u00e1val, amib\u0151l \u2013 hivatalos &#8222;korm\u00e1nyv\u00e9lem\u00e9ny&#8221; szerint \u2013 \u00fasz\u00f3medenc\u00e9iket \u00e9p\u00edtgetik. <a href=\"https:\/\/www.mszporoszlany.hu\/?p=2154\">Egy kattint\u00e1s ide a folytat\u00e1shoz&#8230;. <span class=\"meta-nav\">&rarr;<\/span><\/a><\/p>\n","protected":false},"author":35,"featured_media":0,"comment_status":"open","ping_status":"closed","sticky":false,"template":"","format":"standard","meta":{"footnotes":""},"categories":[194],"tags":[1371,1367,1366,1373,1374,1365,1368,1372,1364,1369,1370,1375],"class_list":["post-2154","post","type-post","status-publish","format-standard","hentry","category-oroszlany","tag-devizahitelesek","tag-elnok-asszonyok","tag-elnokok","tag-felvasarolt-ingatlan","tag-fizetesi-felszolitas","tag-haziurak","tag-kozos-koltseg","tag-nemzeti-eszkozkezelo","tag-rezsicsokkentes","tag-tarsashaz","tag-tulajdonosok","tag-vegrehajtas"],"_links":{"self":[{"href":"https:\/\/www.mszporoszlany.hu\/index.php?rest_route=\/wp\/v2\/posts\/2154","targetHints":{"allow":["GET"]}}],"collection":[{"href":"https:\/\/www.mszporoszlany.hu\/index.php?rest_route=\/wp\/v2\/posts"}],"about":[{"href":"https:\/\/www.mszporoszlany.hu\/index.php?rest_route=\/wp\/v2\/types\/post"}],"author":[{"embeddable":true,"href":"https:\/\/www.mszporoszlany.hu\/index.php?rest_route=\/wp\/v2\/users\/35"}],"replies":[{"embeddable":true,"href":"https:\/\/www.mszporoszlany.hu\/index.php?rest_route=%2Fwp%2Fv2%2Fcomments&post=2154"}],"version-history":[{"count":0,"href":"https:\/\/www.mszporoszlany.hu\/index.php?rest_route=\/wp\/v2\/posts\/2154\/revisions"}],"wp:attachment":[{"href":"https:\/\/www.mszporoszlany.hu\/index.php?rest_route=%2Fwp%2Fv2%2Fmedia&parent=2154"}],"wp:term":[{"taxonomy":"category","embeddable":true,"href":"https:\/\/www.mszporoszlany.hu\/index.php?rest_route=%2Fwp%2Fv2%2Fcategories&post=2154"},{"taxonomy":"post_tag","embeddable":true,"href":"https:\/\/www.mszporoszlany.hu\/index.php?rest_route=%2Fwp%2Fv2%2Ftags&post=2154"}],"curies":[{"name":"wp","href":"https:\/\/api.w.org\/{rel}","templated":true}]}}