{"id":2167,"date":"2013-04-04T19:46:48","date_gmt":"2013-04-04T18:46:48","guid":{"rendered":"http:\/\/www.mszporoszlany.hu\/?p=2167"},"modified":"2013-04-04T19:52:36","modified_gmt":"2013-04-04T18:52:36","slug":"nyilt-level","status":"publish","type":"post","link":"https:\/\/www.mszporoszlany.hu\/?p=2167","title":{"rendered":"Ny\u00edlt lev\u00e9l"},"content":{"rendered":"<p><strong><img loading=\"lazy\" decoding=\"async\" class=\"alignleft size-full wp-image-2170\" alt=\"TKarolySTOP\" src=\"https:\/\/www.mszporoszlany.hu\/wp-content\/uploads\/2013\/04\/TKarolySTOP.png\" width=\"200\" height=\"120\" \/>Tisztelt K\u00e9pvisel\u0151-test\u00fclet!<\/strong><\/p>\n<p>K\u00e9rj\u00fck \u00d6n\u00f6ket, hogy a v\u00e1ros j\u00f6v\u0151je \u00e9rdek\u00e9ben a tov\u00e1bbiakban ne adjanak egyszem\u00e9lyes felhatalmaz\u00e1st Tak\u00e1cs K\u00e1rolynak a szennyvizes, hullad\u00e9kos \u00e9s f\u0171t\u0151m\u0171ves t\u00e1rgyal\u00e1sok folytat\u00e1s\u00e1hoz!<\/p>\n<p>K\u00e9rj\u00fck, hogy a t\u00e1rgyal\u00e1sokat az adott ter\u00fcleteket j\u00f3l ismer\u0151 m\u0171szaki \u00e9s gazdas\u00e1gi szak\u00e9rt\u0151k bevon\u00e1s\u00e1val v\u00e9gezz\u00e9k!<\/p>\n<p><!--more--><\/p>\n<ul>\n<li>Tak\u00e1cs K\u00e1roly Oroszl\u00e1nynak eddig sok k\u00e1rt okozott. Mint ut\u00f3bb bebizonyosodott, az 1,6 milli\u00e1rd \u00e9rt\u00e9k\u0171 szakrendel\u0151t megtarthatta volna a v\u00e1ros, ha csak egy kicsit is k\u00fczd \u00e9rte!<\/li>\n<li>Tak\u00e1cs \u00far t\u00e1rgyalt egy logisztikai k\u00f6zpontr\u00f3l, de az els\u0151 t\u00e1rgyal\u00e1s ut\u00e1n a befektet\u0151 soha t\u00f6bbet nem jelentkezett! Pedig a polg\u00e1rmester azonm\u00f3d telek\u00fcrt\u00f6lte a m\u00e9di\u00e1t, hogy tavaly \u00e9v v\u00e9g\u00e9re \u00e1tadj\u00e1k a k\u00f6zpontot.<\/li>\n<li>A sportfejleszt\u00e9sek t\u00e1mogat\u00e1s\u00e1ra lehet\u0151s\u00e9get ad\u00f3 t\u00e1rsas\u00e1gi ad\u00f3s p\u00e1ly\u00e1zatokban is teljes kudarcot vallott az ipari parki c\u00e9gekn\u00e9l!<\/li>\n<li>25 milli\u00f3\u00e9rt k\u00fclter\u00fcleti, j\u00f3r\u00e9szt nem is Oroszl\u00e1nyhoz tartoz\u00f3 utat \u00e9p\u00edttetett kiz\u00e1r\u00f3lag oroszl\u00e1nyi ad\u00f3forintokb\u00f3l, mik\u00f6zben a belter\u00fcleti utak \u00e9s j\u00e1rd\u00e1k nagy r\u00e9sze lassan teljesen j\u00e1rhatatlan lesz!<\/li>\n<li>A v\u00e1rosi, korszer\u0171 szennyv\u00edzvagyon megtart\u00e1s\u00e1ra vonatkoz\u00f3 szervez\u0151d\u00e9sb\u0151l sem lett semmi! Ha rajta m\u00falna, m\u00e1r id\u00e9n a v\u00edzm\u0171 t\u00e1rsas\u00e1ghoz ker\u00fclne a milli\u00e1rdos \u00e9rt\u00e9k\u0171 szennyv\u00edzvagyon \u00fczemeltet\u00e9se!<\/li>\n<li>Az Arany J\u00e1nos iskola \u00e1talak\u00edt\u00e1sa szolg\u00e1ltat\u00f3 v\u00e1rosk\u00f6zpontt\u00e1 el\u0151k\u00e9sz\u00edt\u00e9s \u00e9s t\u00f6bb 10 milli\u00f3s k\u00f6lts\u00e9gek ut\u00e1n az I. \u00fctemn\u00e9l elakadt, a Magyar Post\u00e1val val\u00f3 t\u00e1rgyal\u00e1sok k\u00e9t \u00e9ve egyhelyben topognak!<\/li>\n<li>A polg\u00e1rmester m\u00e9g abban a t\u00e9m\u00e1ban is kudarcot kudarcra halmoz, amiben \u00e1ll\u00edt\u00f3lag szak\u00e9rt\u0151! Az MVM \u00e9vek \u00f3ta az orr\u00e1n\u00e1l fogva vezeti a v\u00e1rost, nem tudni 2014. december 31-e ut\u00e1n mi lesz a t\u00e1vf\u0171t\u00e9ssel?<\/li>\n<li>Most pedig hazug \u00e1ll\u00edt\u00e1sokra \u00e9s a fideszes t\u00f6rv\u00e9nyekre alapozva t\u00f6bb sz\u00e1z milli\u00f3val t\u00f6bbet akar fizetni a Remondis r\u00e9szv\u00e9nyek 75%-\u00e1\u00e9rt, mint amennyit azok val\u00f3j\u00e1ban \u00e9rnek!<\/li>\n<\/ul>\n<p>K\u00e9rj\u00fck \u00d6n\u00f6ket, \u00e1ll\u00edts\u00e1k meg a tov\u00e1bbi rombol\u00e1st, ne hagyj\u00e1k szeretett v\u00e1rosunkat Tak\u00e1cs K\u00e1roly elk\u00e9peszt\u0151en rossz d\u00f6nt\u00e9sei miatt teljesen t\u00f6nkremenni!<\/p>\n<p>Oroszl\u00e1ny, 2013 \u00e1prilis 2.<\/p>\n<p>Oroszl\u00e1ny v\u00e1ros k\u00e9pvisel\u0151-test\u00fclet\u00e9nek<br \/>\nMSZP frakci\u00f3ja<\/p>\n","protected":false},"excerpt":{"rendered":"<p>K\u00e9rj\u00fck \u00d6n\u00f6ket, hogy a v\u00e1ros j\u00f6v\u0151je \u00e9rdek\u00e9ben a tov\u00e1bbiakban ne adjanak egyszem\u00e9lyes felhatalmaz\u00e1st Tak\u00e1cs K\u00e1rolynak a szennyvizes, hullad\u00e9kos \u00e9s f\u0171t\u0151m\u0171ves t\u00e1rgyal\u00e1sok folytat\u00e1s\u00e1hoz! K\u00e9rj\u00fck, hogy a t\u00e1rgyal\u00e1sokat az adott ter\u00fcleteket j\u00f3l<br \/>\nismer\u0151 m\u0171szaki \u00e9s gazdas\u00e1gi szak\u00e9rt\u0151k bevon\u00e1s\u00e1val v\u00e9gezz\u00e9k! <a href=\"https:\/\/www.mszporoszlany.hu\/?p=2167\">Egy kattint\u00e1s ide a folytat\u00e1shoz&#8230;. <span class=\"meta-nav\">&rarr;<\/span><\/a><\/p>\n","protected":false},"author":35,"featured_media":0,"comment_status":"open","ping_status":"closed","sticky":false,"template":"","format":"standard","meta":{"footnotes":""},"categories":[194],"tags":[1378,1377,1380,1383,1381,1379,1376,9,1382],"class_list":["post-2167","post","type-post","status-publish","format-standard","hentry","category-oroszlany","tag-futomu","tag-hulladek","tag-logisztikai-kozpont","tag-remondis","tag-sportfejlesztesek-tamogatasa","tag-szakrendelo","tag-szennyviz","tag-takacs-karoly","tag-varoskozpont-elokeszites"],"_links":{"self":[{"href":"https:\/\/www.mszporoszlany.hu\/index.php?rest_route=\/wp\/v2\/posts\/2167","targetHints":{"allow":["GET"]}}],"collection":[{"href":"https:\/\/www.mszporoszlany.hu\/index.php?rest_route=\/wp\/v2\/posts"}],"about":[{"href":"https:\/\/www.mszporoszlany.hu\/index.php?rest_route=\/wp\/v2\/types\/post"}],"author":[{"embeddable":true,"href":"https:\/\/www.mszporoszlany.hu\/index.php?rest_route=\/wp\/v2\/users\/35"}],"replies":[{"embeddable":true,"href":"https:\/\/www.mszporoszlany.hu\/index.php?rest_route=%2Fwp%2Fv2%2Fcomments&post=2167"}],"version-history":[{"count":0,"href":"https:\/\/www.mszporoszlany.hu\/index.php?rest_route=\/wp\/v2\/posts\/2167\/revisions"}],"wp:attachment":[{"href":"https:\/\/www.mszporoszlany.hu\/index.php?rest_route=%2Fwp%2Fv2%2Fmedia&parent=2167"}],"wp:term":[{"taxonomy":"category","embeddable":true,"href":"https:\/\/www.mszporoszlany.hu\/index.php?rest_route=%2Fwp%2Fv2%2Fcategories&post=2167"},{"taxonomy":"post_tag","embeddable":true,"href":"https:\/\/www.mszporoszlany.hu\/index.php?rest_route=%2Fwp%2Fv2%2Ftags&post=2167"}],"curies":[{"name":"wp","href":"https:\/\/api.w.org\/{rel}","templated":true}]}}