{"id":2183,"date":"2013-04-27T20:20:15","date_gmt":"2013-04-27T19:20:15","guid":{"rendered":"http:\/\/www.mszporoszlany.hu\/?p=2183"},"modified":"2013-04-28T19:18:04","modified_gmt":"2013-04-28T18:18:04","slug":"a-sikeres-varos","status":"publish","type":"post","link":"https:\/\/www.mszporoszlany.hu\/?p=2183","title":{"rendered":"A sikeres v\u00e1ros"},"content":{"rendered":"<p><img loading=\"lazy\" decoding=\"async\" class=\"alignleft size-full wp-image-2184\" alt=\"GoodCity\" src=\"https:\/\/www.mszporoszlany.hu\/wp-content\/uploads\/2013\/04\/GoodCity.png\" width=\"200\" height=\"120\" \/>\u00c9n m\u00e1r sok telep\u00fcl\u00e9st l\u00e1ttam, de ilyen sikeres v\u00e1rosvezet\u00e9st m\u00e9g \u00e9letemben nem tapasztaltam. Ellen\u00e1llhatatlan humorral, \u00e9s fel\u00fclm\u00falhatatlan szellemess\u00e9ggel pr\u00f3b\u00e1lj\u00e1k a zemberek fej\u00e9be verni, hogy nemcsak a vezet\u00e9s sikeres, de maga Oroszl\u00e1ny is! Persze a zemberek nem h\u00fcly\u00e9k \u2013 legal\u00e1bb is nem annyira, amennyire azt t\u00f6bben szeretn\u00e9k.<\/p>\n<p><!--more--><\/p>\n<p>Sz\u00f3val nem h\u00fcly\u00e9k, m\u00e1r csak ez\u00e9rt sem, mert itt \u00e9lnek, s nap, mint nap tapasztalj\u00e1k egyr\u00e9szt saj\u00e1t helyzet\u00fck nehezebb\u00e9 v\u00e1l\u00e1s\u00e1t, m\u00e1sr\u00e9szt a k\u00f6zp\u00e9nz \u00e9rtelmetlen sz\u00f3r\u00e1s\u00e1t (24 milli\u00f3s \u00fat V\u00e1rgesztes fel\u00e9, m\u0171f\u00fcves p\u00e1ly\u00e1k stb.), harmadr\u00e9szt azt a propagand\u00e1t, ami el akarja hitetni azt, ami nincs! El\u00e9g csak el\u0151venni a polg\u00e1rmester v\u00e1laszt\u00e1si \u00edg\u00e9reteit, s azokat \u00f6sszevetni a jelen val\u00f3s\u00e1g\u00e1val.<\/p>\n<p>Tak\u00e1cs K\u00e1roly 18 pontban foglalta \u00f6ssze r\u00f6vid \u00e9s k\u00f6z\u00e9pt\u00e1v\u00fa elk\u00e9pzel\u00e9seit. \u00cdgy m\u00e1sf\u00e9l \u00e9vvel a polg\u00e1rmester csere el\u0151tt n\u00e9zz\u00fck, milyen sikerrel:<\/p>\n<p>1. A v\u00e1rosi gazd\u00e1lkod\u00e1s (\u00e9s OSZ ZRt) teljes \u00e1tvil\u00e1g\u00edt\u00e1sa \u00e9s elsz\u00e1moltat\u00e1s a v\u00e1rosi vagyonnal kapcsolatban.<\/p>\n<p style=\"padding-left: 30px;\"><em>Ma m\u00e1r mindenki tudja, hogy ez a hangzatos felt\u00e1r\u00e1s teljes kudarccal v\u00e9gz\u0151d\u00f6tt, nem t\u00f6rt\u00e9nt vagyonveszt\u00e9s, s\u0151t, n\u0151tt a v\u00e1ros vagyona, nem volt semmilyen vissza\u00e9l\u00e9s, s m\u00e9g h\u0171tlen kezel\u00e9s sem! Igaz a helyi Fidesz \u00e9s Tak\u00e1cs K\u00e1roly \u00e1ltal uralt k\u00f6zp\u00e9nzb\u0151l finansz\u00edrozott helyi m\u00e9dia (\u00daj K\u00e9thetes, V\u00e9rtes TV) folyamatosan azt harsogja, hogy a v\u00e1dak bizony igazak voltak. Ja, \u00e9s m\u00e9g mindig v\u00e1rjuk Tak\u00e1cs K\u00e1roly nyilv\u00e1nos bocs\u00e1natk\u00e9r\u00e9s\u00e9t, ahogy azt \u0151 kor\u00e1bban meg\u00edg\u00e9rte.<\/em><\/p>\n<p>2. A V\u00e9rt legal\u00e1bb 2014-ig m\u0171k\u00f6dj\u00f6n sz\u00e9nb\u00e1zison. Ebben akt\u00edvan r\u00e9szt kell vennie a k\u00f6vetkez\u0151 polg\u00e1rmesternek.<\/p>\n<p style=\"padding-left: 30px;\"><em>Nos, a V\u00e9rt m\u0171k\u00f6dni fog, s\u0151t a b\u00e1nya is, de ezt a politika minden akkori szerepl\u0151je \u00edgy tervezte, a b\u00e1nya m\u0171k\u00f6d\u00e9s\u00e9nek ma is az mszp-s korm\u00e1nyrendelet biztos\u00edt h\u00e1tteret. Hogy azonban milyen m\u00f3don kap majd t\u00e1vh\u0151ell\u00e1t\u00e1st a v\u00e1ros a k\u00f6vetkez\u0151 id\u0151szakban \u2013 na, arr\u00f3l egy \u00e9rtelmes gondolatfoszl\u00e1nyt sem hallani.<\/em><\/p>\n<p>3. Helyi ad\u00f3k befagyaszt\u00e1sa, a v\u00e1llalkoz\u00f3i \u00e9p\u00edtm\u00e9nyad\u00f3 lehet\u0151s\u00e9g szerinti cs\u00f6kkent\u00e9se.<\/p>\n<p style=\"padding-left: 30px;\"><em>Elt\u00f6rl\u00e9sre ker\u00fclt a lak\u00e1sad\u00f3, de maradt az \u00e9p\u00edtm\u00e9nyad\u00f3, s emelkedett az ipar\u0171z\u00e9si ad\u00f3. Ez az \u00edg\u00e9ret teh\u00e1t \u00fagy befagyott, hogy emelt\u00e9k a c\u00e9gek ad\u00f3terh\u00e9t.<\/em><\/p>\n<p>4. Szoci\u00e1lis seg\u00e9lyek k\u00f6zmunk\u00e1hoz k\u00f6t\u00e9se t\u00f6rv\u00e9nyes kereteken bel\u00fcl.<\/p>\n<p style=\"padding-left: 30px;\"><em>Az oroszl\u00e1nyi kist\u00e9rs\u00e9gben t\u00f6bb mint ezer \u00e1ll\u00e1skeres\u0151t tartanak nyilv\u00e1n. Ez a gazdas\u00e1gilag akt\u00edv n\u00e9pess\u00e9g l\u00e9tsz\u00e1m\u00e1n bel\u00fcl meghaladja a 10 %-ot. A 2000-es \u00e9vek k\u00f6zep\u00e9n ez a mutat\u00f3 5,2 % volt. \u00d6n szerint mennyi k\u00f6zmunk\u00e1st foglalkoztatnak ebb\u0151l az ezer f\u0151b\u0151l \u00e9hb\u00e9r\u00e9rt?<\/em><\/p>\n<p>5. Bevezetj\u00fck az \u201eOroszl\u00e1ny V\u00e1ros K\u00e1rty\u00e1t\u201d, amivel az itt \u00e9l\u0151 ad\u00f3fizet\u0151k bizonyos szolg\u00e1ltat\u00e1sokat kedvezm\u00e9nyesen vehetnek ig\u00e9nybe.<\/p>\n<p style=\"padding-left: 30px;\"><em>\u00d6nnek m\u00e1r van ilyen? Nem is lehet, mert nincsen!<\/em><\/p>\n<p>6. A volt G\u00e1rdonyi G\u00e9za Iskola sport \u00e9s szabadid\u0151centrumm\u00e1 alak\u00edt\u00e1sa.<\/p>\n<p style=\"padding-left: 30px;\"><em>Az iskol\u00e1t m\u00e1r elbontott\u00e1k mintegy 50 milli\u00f3 forint\u00e9rt, \u00e9s tov\u00e1bbi 140 milli\u00f3\u00e9rt, ha szabadid\u0151centrum nem is lesz, egy m\u0171f\u00fcves p\u00e1lya oda is \u00e9p\u00fcl.<\/em><\/p>\n<p>7. Ny\u00edres \u00e9s a N\u00e9met D\u0171l\u0151ben \u00e9l\u0151k \u00e9letfelt\u00e9teleinek jav\u00edt\u00e1sa.<\/p>\n<p style=\"padding-left: 30px;\"><em>Tal\u00e1n ez az egyetlen \u00edg\u00e9ret, aminek megval\u00f3s\u00edt\u00e1sa val\u00f3ban s\u00ednen van a jelek szerint.<\/em><\/p>\n<p>8. Strand fel\u00faj\u00edt\u00e1sa \u00e9s \u00fajra m\u0171k\u00f6dtet\u00e9se.<\/p>\n<p style=\"padding-left: 30px;\"><em>Ha a csillagok \u00e1ll\u00e1sa szerencs\u00e9s lesz, augusztus k\u00f6zep\u00e9re, teh\u00e1t a strandszezon v\u00e9g\u00e9re ez is val\u00f3s\u00e1gg\u00e1 v\u00e1lik.<\/em><\/p>\n<p>9. \u00daj \u00e9s eur\u00f3pai sz\u00ednvonal\u00fa k\u00f6zponti posta kialak\u00edt\u00e1sa a Magyar Post\u00e1val egy\u00fcttm\u0171k\u00f6dve.<\/p>\n<p style=\"padding-left: 30px;\"><em>Az m\u00e1r biztos, hogy a posta nem megy az \u00faj v\u00e1rosh\u00e1z\u00e1ba, annak val\u00f3sz\u00edn\u0171s\u00e9ge pedig, hogy a volt Arany iskola rekonstrukci\u00f3j\u00e1hoz meg\u00e9rkezzenek a hi\u00e1nyz\u00f3 milli\u00e1rdok, k\u00f6zel\u00edt a null\u00e1hoz. Lesz viszont az udvaron egy XXI. sz\u00e1zadi parkol\u00f3.<\/em><\/p>\n<p>10. Az Ady Mozi ker\u00fclj\u00f6n ism\u00e9t a v\u00e1ros tulajdon\u00e1ba.<\/p>\n<p style=\"padding-left: 30px;\"><em>Az Istennek se ker\u00fcl v\u00e1rosi tulajdonba, s\u0151t, bizton halad a teljes pusztul\u00e1s fel\u00e9.<\/em><\/p>\n<p>11. A k\u00f6zbiztons\u00e1g jav\u00edt\u00e1sa a t\u00e9rfigyel\u0151 kamera program b\u0151v\u00edt\u00e9s\u00e9vel.<\/p>\n<p style=\"padding-left: 30px;\"><em>Kamer\u00e1k vannak, a k\u00f6zbiztons\u00e1g pedig v\u00e1ltozatlanul nem javul.<\/em><\/p>\n<p>12. Az ipari parki munkalehet\u0151s\u00e9gek n\u00f6vel\u00e9se \u00faj c\u00e9gek betelep\u00edt\u00e9s\u00e9vel \u00e9s a park k\u00f6rnyezet\u00e9ben lev\u0151 felhagyott \u00e9s elhanyagolt ter\u00fcletek rendez\u00e9se.<\/p>\n<p style=\"padding-left: 30px;\"><em>Egyetlen \u00faj beruh\u00e1z\u00e1s sincsen az ipari parkban, a foglalkoztatotts\u00e1g cs\u00f6kkent a v\u00e1ls\u00e1g hat\u00e1s\u00e1ra, az ott m\u0171k\u00f6d\u0151 c\u00e9gek pedig igencsak zokon vett\u00e9k, hogy az ad\u00f3cs\u00f6kkent\u00e9s helyett emelkedett a helyi ad\u00f3 m\u00e9rt\u00e9ke. Az elhagyott rendezetlen ter\u00fcletekb\u0151l \/16-os akna k\u00f6rny\u00e9ke\/ semmi nem ker\u00fclt visszav\u00e1s\u00e1rl\u00e1sra.<\/em><\/p>\n<p>13. Az Okm\u00e1ny Iroda \u00fcgyf\u00e9lbar\u00e1t szolg\u00e1ltat\u00e1si felt\u00e9teleinek megteremt\u00e9se a V\u00e1rosh\u00e1za \u00faj hely\u00e9nek biztos\u00edt\u00e1s\u00e1val.<\/p>\n<p style=\"padding-left: 30px;\"><em>A hely biztos\u00edtott, csak fel kellene \u00faj\u00edtani, az iroda pedig v\u00e1ltozatlanul a polg\u00e1rmesteri hivatal f\u00f6ldszintj\u00e9n fogadja az \u00fcgyfeleket.<\/em><\/p>\n<p>14. J\u00e1tsz\u00f3t\u00e9r \u00e9p\u00edt\u00e9s a J\u00f3zsef Attila \u00e9s a S\u00e1gv\u00e1ri Endre Iskola udvar\u00e1n, ezzel egy\u00fctt az udvarok rehabilit\u00e1ci\u00f3ja.<\/p>\n<p style=\"padding-left: 30px;\"><em>Nem kellett \u00e9p\u00edteni, hiszen az el\u0151z\u0151 ciklusban m\u00e1r meg\u00e9p\u00fcltek ezek a j\u00e1tsz\u00f3terek, de a moderniz\u00e1ci\u00f3 r\u00e1f\u00e9rt mindkett\u0151re. A S\u00e1gv\u00e1ri iskol\u00e1n\u00e1l fejlesztettek is rendesen.<\/em><\/p>\n<p>15. Az \u00faj korm\u00e1ny c\u00e9lkit\u0171z\u00e9s\u00e9vel \u00f6sszhangban v\u00e1rosi energetikai korszer\u0171s\u00edt\u00e9s \u00e9s rehabilit\u00e1ci\u00f3 elind\u00edt\u00e1sa.<\/p>\n<p style=\"padding-left: 30px;\"><em>Ez \u00fcgyben az \u00e9gvil\u00e1gon semmi \u00faj sem t\u00f6rt\u00e9nt, az el\u0151z\u0151 OSZ vezet\u00e9s \u00e1ltal megkezdett munk\u00e1k folytat\u00f3dtak, semmilyen \u00faj program nem indult. A t\u00e1vh\u0151 \u00e1ra cs\u00f6kkent ugyan, hiszen Orb\u00e1n Viktor h\u00e1bor\u00fat hirdetett a rezsi k\u00f6lts\u00e9gek ellen, de ha ebb\u0151l a cs\u00f6kkent\u00e9sb\u0151l hi\u00e1nya keletkezik az OSZ-nek, azt vajon kik fizetik ki? Persze, hogy a v\u00e1ros ad\u00f3fizet\u0151i!<\/em><\/p>\n<p>16. Folytatni \u00e9s b\u0151v\u00edteni kell a m\u00e9hnyak r\u00e1k elleni v\u00e9d\u0151olt\u00e1si programot fiatalok k\u00f6r\u00e9ben is.<\/p>\n<p style=\"padding-left: 30px;\"><em>Ez a projektet is az el\u0151z\u0151 v\u00e1rosvezet\u00e9s ind\u00edtotta, amit \u2013 nagyon helyesen \u2013 nem r\u00fagott sz\u00e9t a fideszes v\u00e1rosvezet\u00e9s.<\/em><\/p>\n<p>17. \u00daj K\u00f6nyvt\u00e1r l\u00e9tes\u00edt\u00e9se az Arany J\u00e1nos iskol\u00e1ban.<\/p>\n<p style=\"padding-left: 30px;\"><em>M\u00e1r nagyon v\u00e1rjuk az avat\u00f3\u00fcnneps\u00e9get!<\/em><\/p>\n<p>18. A r\u00e9gi j\u00e1tsz\u00f3t\u00e9r hely\u00e9n \u201eExtr\u00e9m J\u00e1tsz\u00f3 Park\u201d l\u00e9tes\u00edt\u00e9se.<\/p>\n<p style=\"padding-left: 30px;\"><em>Ez az \u00edg\u00e9ret legal\u00e1bb annyira extr\u00e9m, mint a megval\u00f3sul\u00e1s.<\/em><\/p>\n<p>De vannak itt m\u00e9g b\u0151ven t\u00e9m\u00e1k, b\u00e1r ezek nem szerepeltek a programban, de mint tudjuk, r\u00f6gt\u00f6n\u00f6zni tudni kell. Mit\u0151l sikeres a v\u00e1ros? Att\u00f3l, hogy elvesztette a szakrendel\u0151t, pedig megmenthette volna? Hogy elvesztette teljes iskolarendszer\u00e9t, hogy a szakk\u00e9pz\u00e9si int\u00e9zm\u00e9ny v\u00e9gleges elveszt\u00e9se most van folyamatban? Vagy att\u00f3l, hogy k\u00e9t \u00e9vvel a V\u00e9rt mostani er\u0151m\u0171v\u00e9nek tervezett bez\u00e1r\u00e1sa el\u0151tt m\u00e9g mindig nem tudjuk, mi lesz helyette? Vagy att\u00f3l, hogy az utakon \u00e9s a j\u00e1rd\u00e1kon lassan nem lehet k\u00f6zlekedni, annyira borzaszt\u00f3 az \u00e1llapotuk (kiv\u00e9ve persze az el\u0151z\u0151 ciklusokban fel\u00faj\u00edtott \u00fatszakaszokat, \u00e9s a ker\u00e9kp\u00e1r\u00fat miatt a f\u0151\u00fat j\u00e1rd\u00e1it)? Vagy att\u00f3l, hogy az \u00f6sszes sportfejleszt\u00e9si elk\u00e9pzel\u00e9s buk\u00e1sra \u00e1ll, mert teljesen \u00e1tgondolatlan az \u00f6sszes (strand, kis-nagy m\u0171f\u00fcves p\u00e1lya, s\u00falyemel\u0151terem stb.)? Vagy att\u00f3l, hogy a rossz d\u00f6nt\u00e9sek miatt az OSZ-nek lassan befellegzik? \u00c9s hol vannak a milli\u00e1rdos fejleszt\u00e9sek? Mert nek\u00fcnk hirtelen egy sem jut esz\u00fcnkbe.<\/p>\n","protected":false},"excerpt":{"rendered":"<p>\u00c9n m\u00e1r sok telep\u00fcl\u00e9st l\u00e1ttam, de ilyen sikeres v\u00e1rosvezet\u00e9st m\u00e9g \u00e9letemben nem tapasztaltam. Ellen\u00e1llhatatlan humorral, \u00e9s fel\u00fclm\u00falhatatlan szellemess\u00e9ggel pr\u00f3b\u00e1lj\u00e1k a zemberek fej\u00e9be verni, hogy nemcsak a vezet\u00e9s sikeres, de maga Oroszl\u00e1ny is! Persze a zemberek nem h\u00fcly\u00e9k \u2013 legal\u00e1bb is nem annyira, amennyire azt t\u00f6bben szeretn\u00e9k. <a href=\"https:\/\/www.mszporoszlany.hu\/?p=2183\">Egy kattint\u00e1s ide a folytat\u00e1shoz&#8230;. <span class=\"meta-nav\">&rarr;<\/span><\/a><\/p>\n","protected":false},"author":35,"featured_media":0,"comment_status":"open","ping_status":"closed","sticky":false,"template":"","format":"standard","meta":{"footnotes":""},"categories":[194],"tags":[1395,1386,577,579,572,1053,1397,1399,465,1390,575,1393,1392,1396,570,1394,1391,1388,1389,1385,1387,1398,89],"class_list":["post-2183","post","type-post","status-publish","format-standard","hentry","category-oroszlany","tag-ady-mozi","tag-elszamoltatas","tag-energetikai-korszerusites","tag-extrem-jatszo-park","tag-helyi-adok","tag-ipari-park","tag-jatszoterepites","tag-konyvtar-letesites","tag-kozbiztonsag","tag-kozmunka","tag-kozponti-posta","tag-nemet-dulo","tag-nyires-dulo","tag-okmany-iroda","tag-oroszlany-varos-kartya","tag-strand-felujitas","tag-szabadidocentrum","tag-szenbazis","tag-szocialis-segelyek","tag-teljes-atvilagitas","tag-varosi-vagyon","tag-vedooltas","tag-vert"],"_links":{"self":[{"href":"https:\/\/www.mszporoszlany.hu\/index.php?rest_route=\/wp\/v2\/posts\/2183","targetHints":{"allow":["GET"]}}],"collection":[{"href":"https:\/\/www.mszporoszlany.hu\/index.php?rest_route=\/wp\/v2\/posts"}],"about":[{"href":"https:\/\/www.mszporoszlany.hu\/index.php?rest_route=\/wp\/v2\/types\/post"}],"author":[{"embeddable":true,"href":"https:\/\/www.mszporoszlany.hu\/index.php?rest_route=\/wp\/v2\/users\/35"}],"replies":[{"embeddable":true,"href":"https:\/\/www.mszporoszlany.hu\/index.php?rest_route=%2Fwp%2Fv2%2Fcomments&post=2183"}],"version-history":[{"count":0,"href":"https:\/\/www.mszporoszlany.hu\/index.php?rest_route=\/wp\/v2\/posts\/2183\/revisions"}],"wp:attachment":[{"href":"https:\/\/www.mszporoszlany.hu\/index.php?rest_route=%2Fwp%2Fv2%2Fmedia&parent=2183"}],"wp:term":[{"taxonomy":"category","embeddable":true,"href":"https:\/\/www.mszporoszlany.hu\/index.php?rest_route=%2Fwp%2Fv2%2Fcategories&post=2183"},{"taxonomy":"post_tag","embeddable":true,"href":"https:\/\/www.mszporoszlany.hu\/index.php?rest_route=%2Fwp%2Fv2%2Ftags&post=2183"}],"curies":[{"name":"wp","href":"https:\/\/api.w.org\/{rel}","templated":true}]}}