{"id":2187,"date":"2013-04-27T20:34:34","date_gmt":"2013-04-27T19:34:34","guid":{"rendered":"http:\/\/www.mszporoszlany.hu\/?p=2187"},"modified":"2013-04-27T20:34:34","modified_gmt":"2013-04-27T19:34:34","slug":"banyaszpofon","status":"publish","type":"post","link":"https:\/\/www.mszporoszlany.hu\/?p=2187","title":{"rendered":"B\u00e1ny\u00e1szpofon"},"content":{"rendered":"<p><img loading=\"lazy\" decoding=\"async\" class=\"alignleft size-full wp-image-2188\" alt=\"Pofon\" src=\"https:\/\/www.mszporoszlany.hu\/wp-content\/uploads\/2013\/04\/Pofon.png\" width=\"200\" height=\"120\" \/>Arcul \u00fct\u00f6tte egy nyugd\u00edjas b\u00e1ny\u00e1sz Polics J\u00f3zsefet, Koml\u00f3 fideszes polg\u00e1rmester\u00e9t a k\u00f6zelm\u00faltban egy k\u00f6zmeghallgat\u00e1son. A viharos hangulat\u00fa rendezv\u00e9nyen t\u00f6bben szem\u00e9re vetett\u00e9k a v\u00e1ros els\u0151 ember\u00e9nek, hogy a korm\u00e1ny elvette rokkants\u00e1guk ut\u00e1n j\u00e1r\u00f3 ell\u00e1t\u00e1suk egy r\u00e9sz\u00e9t. A polg\u00e1rmesterre t\u00e1mad\u00f3 f\u00e9rfi 200 ezer forintos b\u00e1ny\u00e1sznyugd\u00edja lecs\u00f6kkent 50 ezerre, amiben azonban annak is szerepe volt, hogy az ex-b\u00e1ny\u00e1sz nem fellebbezett az ell\u00e1t\u00e1s\u00e1t megv\u00e1ltoztat\u00f3 d\u00f6nt\u00e9s ellen.<\/p>\n<p><!--more--><\/p>\n<p>Alapkiindul\u00e1sk\u00e9nt sz\u00f6gezz\u00fck le: semmi sem igazolja az er\u0151szakot, legyen annak b\u00e1rmilyen indoka, vagy kiv\u00e1lt\u00f3 oka.<\/p>\n<p>Az elm\u00falt hetekben t\u00f6bb demonstr\u00e1ci\u00f3ra is sor ker\u00fclt amiatt, mert a korm\u00e1ny a m\u00falt \u00e9v elej\u00e9t\u0151l h\u00e1tr\u00e1nyosan m\u00f3dos\u00edtotta a b\u00e1ny\u00e1szok nyugd\u00edjaz\u00e1s\u00e1nak szab\u00e1lyait. K\u00f6vetel\u00e9s\u00fck h\u00e1rom f\u0151 pontot tartalmaz: a sz\u00e9nk\u00fclfejt\u00e9sen dolgoz\u00f3k kapj\u00e1k vissza a szakmai nyugd\u00edjat, \u00e1lljon vissza a kedvez\u0151 nyugd\u00edj\u00e1tlag-sz\u00e1m\u00edt\u00e1s, illetve a III. csoportos rokkants\u00e1gi nyugd\u00edjasok is kapj\u00e1k vissza az eredeti j\u00e1rand\u00f3s\u00e1gukat. Az a t\u00f6bb mint 40 ezer b\u00e1ny\u00e1sz ugyanis, aki az elm\u00falt 25 \u00e9vben vesztette el munk\u00e1j\u00e1t, \u00edg\u00e9retet kapott a kor\u00e1bbi meg\u00e1llapod\u00e1sokban, hogy amennyiben 15 \u00e9vn\u00e9l t\u00f6bbet dolgoztak f\u00f6ld alatt, nyugd\u00edjba vonul\u00e1sukkor jogosultak lesznek az akkori b\u00e1ny\u00e1sz \u00e1tlagnyugd\u00edjra, amennyiben azt ig\u00e9nybe akarj\u00e1k venni. Ezt a lehet\u0151s\u00e9get a szakszervezet szerint indokolatlanul kor\u00e1n vett\u00e9k el, mert ezrek \u00e9lhetn\u00e9nek ezzel a lehet\u0151s\u00e9ggel.<\/p>\n<p>M\u00e1rcius 21-\u00e9n P\u00e9cs k\u00f6zpontj\u00e1ban a helyi b\u00e1ny\u00e1sz szervezetek rendez\u00e9s\u00e9ben t\u00f6bb sz\u00e1zan tiltakoztak a b\u00e1ny\u00e1szokat negat\u00edvan \u00e9rint\u0151 hat\u00e1sok miatt, melyeken a miniszt\u00e9rium \u00edg\u00e9retei ellen\u00e9re sem v\u00e1ltoztatott. A demonstr\u00e1ci\u00f3n a p\u00e9csi \u00e9s koml\u00f3i v\u00e1j\u00e1rokon k\u00edv\u00fcl Ajk\u00e1r\u00f3l, N\u00f3gr\u00e1db\u00f3l, Borsodb\u00f3l, Hevesb\u0151l, Oroszl\u00e1nyb\u00f3l, Tatab\u00e1ny\u00e1r\u00f3l \u00e9rkeztek egykori munk\u00e1sok.<\/p>\n<p>Persze Oroszl\u00e1nyban is akt\u00edvak voltak a b\u00e1ny\u00e1szok szakszervezeti vezet\u0151i. \u0150k a tiltakoz\u00e1s unortodox m\u00f3dj\u00e1t v\u00e1lasztott\u00e1k: febru\u00e1r k\u00f6zep\u00e9n BDSZ M\u00e1rkushegyi Szakszervezete focifarsangot rendezett. A nyit\u00f3, bar\u00e1ts\u00e1gos m\u00e9rk\u0151z\u00e9st a Fidesszel j\u00e1tszott\u00e1k (sic!). A m\u00e9rk\u0151z\u00e9st L\u00e1z\u00e1r M\u00f3zes, az OSZ Zrt. vez\u00e9re vezette, aki szint\u00e9n fideszes. A focifarsang\u2013kup\u00e1t Ill\u00e9s R\u00f3bert szakszervezeti vezet\u0151 nyitotta meg, aki \u00fcdv\u00f6z\u00f6lte, hogy a M\u00e1rkushegyi b\u00e1nya rendezett k\u00f6r\u00fclm\u00e9nyek k\u00f6z\u00f6tt fejezheti be a termel\u00e9st 2014-ben, \u00e9s senki sem fog utc\u00e1ra ker\u00fclni \u2013 olvashat\u00f3 a v\u00e1ros honlapj\u00e1n.<\/p>\n<p>Ugye ezt nem kell komment\u00e1lni?<\/p>\n","protected":false},"excerpt":{"rendered":"<p>Arcul \u00fct\u00f6tte egy nyugd\u00edjas b\u00e1ny\u00e1sz Polics J\u00f3zsefet, Koml\u00f3 fideszes polg\u00e1rmester\u00e9t a k\u00f6zelm\u00faltban egy k\u00f6zmeghallgat\u00e1son. A viharos hangulat\u00fa rendezv\u00e9nyen t\u00f6bben szem\u00e9re vetett\u00e9k a v\u00e1ros els\u0151 ember\u00e9nek, hogy a korm\u00e1ny elvette rokkants\u00e1guk ut\u00e1n j\u00e1r\u00f3 ell\u00e1t\u00e1suk egy r\u00e9sz\u00e9t. A polg\u00e1rmesterre t\u00e1mad\u00f3 f\u00e9rfi 200 ezer forintos b\u00e1ny\u00e1sznyugd\u00edja lecs\u00f6kkent 50 ezerre, amiben azonban annak is szerepe volt, hogy az ex-b\u00e1ny\u00e1sz nem fellebbezett az ell\u00e1t\u00e1s\u00e1t megv\u00e1ltoztat\u00f3 d\u00f6nt\u00e9s ellen. <a href=\"https:\/\/www.mszporoszlany.hu\/?p=2187\">Egy kattint\u00e1s ide a folytat\u00e1shoz&#8230;. <span class=\"meta-nav\">&rarr;<\/span><\/a><\/p>\n","protected":false},"author":35,"featured_media":0,"comment_status":"open","ping_status":"closed","sticky":false,"template":"","format":"standard","meta":{"footnotes":""},"categories":[196,194],"tags":[1402,1404,112,1401,92,1400,1403],"class_list":["post-2187","post","type-post","status-publish","format-standard","hentry","category-magyarorszag","category-oroszlany","tag-demonstracio","tag-focifarsang-kupa","tag-illes-robert","tag-komlo","tag-lazar-mozes","tag-polics-jozsef","tag-unortodox-tiltakozas"],"_links":{"self":[{"href":"https:\/\/www.mszporoszlany.hu\/index.php?rest_route=\/wp\/v2\/posts\/2187","targetHints":{"allow":["GET"]}}],"collection":[{"href":"https:\/\/www.mszporoszlany.hu\/index.php?rest_route=\/wp\/v2\/posts"}],"about":[{"href":"https:\/\/www.mszporoszlany.hu\/index.php?rest_route=\/wp\/v2\/types\/post"}],"author":[{"embeddable":true,"href":"https:\/\/www.mszporoszlany.hu\/index.php?rest_route=\/wp\/v2\/users\/35"}],"replies":[{"embeddable":true,"href":"https:\/\/www.mszporoszlany.hu\/index.php?rest_route=%2Fwp%2Fv2%2Fcomments&post=2187"}],"version-history":[{"count":0,"href":"https:\/\/www.mszporoszlany.hu\/index.php?rest_route=\/wp\/v2\/posts\/2187\/revisions"}],"wp:attachment":[{"href":"https:\/\/www.mszporoszlany.hu\/index.php?rest_route=%2Fwp%2Fv2%2Fmedia&parent=2187"}],"wp:term":[{"taxonomy":"category","embeddable":true,"href":"https:\/\/www.mszporoszlany.hu\/index.php?rest_route=%2Fwp%2Fv2%2Fcategories&post=2187"},{"taxonomy":"post_tag","embeddable":true,"href":"https:\/\/www.mszporoszlany.hu\/index.php?rest_route=%2Fwp%2Fv2%2Ftags&post=2187"}],"curies":[{"name":"wp","href":"https:\/\/api.w.org\/{rel}","templated":true}]}}