{"id":219,"date":"2011-05-17T10:52:38","date_gmt":"2011-05-17T09:52:38","guid":{"rendered":"http:\/\/www.mszporoszlany.hu\/?p=219"},"modified":"2012-04-06T20:32:59","modified_gmt":"2012-04-06T19:32:59","slug":"osszevonas-minden-aron","status":"publish","type":"post","link":"https:\/\/www.mszporoszlany.hu\/?p=219","title":{"rendered":"\u00d6sszevon\u00e1s minden \u00e1ron"},"content":{"rendered":"<p><img loading=\"lazy\" decoding=\"async\" class=\"alignleft size-full wp-image-222\" title=\"osszevonas\" src=\"https:\/\/www.mszporoszlany.hu\/wp-content\/uploads\/2012\/03\/osszevonas.jpg\" alt=\"\" width=\"200\" height=\"120\" \/>Indulatokt\u00f3l sem mentes megbesz\u00e9l\u00e9sre ker\u00fclt sor Oroszl\u00e1nyban. A v\u00e1rosi \u00e9rdekegyeztet\u0151 tan\u00e1cs egyetlen napirendi pontot t\u00e1rgyalt, a Szakorvosi Rendel\u0151int\u00e9zet egyes szakfeladatainak \u00e1tszervez\u00e9se c\u00edmmel. Persze ez az \u00e9rdekegyeztet\u00e9s nem mostan\u00e1ban volt, hanem 2004-ben. Az\u00f3ta nagyot v\u00e1ltozott a vil\u00e1g, legal\u00e1bb is, ha a k\u00e9t k\u00f6z\u00e9piskola \u00e1tszervez\u00e9s\u00e9nek menet\u00e9re figyel\u00fcnk.<\/p>\n<p><!--more--><\/p>\n<p>Mint az a v\u00e1ros weboldal\u00e1n olvashat\u00f3: Jenei Andr\u00e1s, az \u00f6nkorm\u00e1nyzati \u00e9rdekegyeztet\u0151 tan\u00e1cs eln\u00f6ke elmondta: pozit\u00edvum, hogy a v\u00e1ros v\u00e1llalja a k\u00f6z\u00e9piskol\u00e1k fenntart\u00e1s\u00e1t, az \u00e1tszervez\u00e9st sz\u00fcks\u00e9gess\u00e9 t\u00e9v\u0151 okokat nem lehet vitatni.\u00a0Hogy milyen okokra gondolt Jenei \u00far nem tudjuk, b\u00e1r a hangfelv\u00e9telb\u0151l annyi kider\u00fcl: A gimn\u00e1zium tantest\u00fclet\u00e9nek javaslata \u2013 itt dolgozik Jenei \u00far -, az E\u00f6tv\u00f6s k\u00f6z\u00e9piskola olvadjon be az \u0151 int\u00e9zm\u00e9ny\u00fckbe. Ellenv\u00e9lem\u00e9ny nem kapott teret, \u00edgy a dolog lefutottnak tekinthet\u0151.<\/p>\n<p>Az \u00fcgyben egy\u00e9bk\u00e9nt k\u00e9sz\u00fclt egy szak\u00e9rt\u0151i v\u00e9lem\u00e9ny is, mely minden lehets\u00e9ges \u00e1tszervez\u00e9si m\u00f3dozatot elemez. Ennek vezet\u0151i \u00f6sszefoglal\u00f3j\u00e1b\u00f3l id\u00e9z\u00fcnk: <em>A szak\u00e9rt\u0151i vizsg\u00e1lat Oroszl\u00e1ny v\u00e1ros k\u00e9t k\u00f6z\u00e9piskol\u00e1ra terjedt ki, nevezetesen a Lengyel\u00a0J\u00f3zsef Gimn\u00e1zium \u00e9s Szakk\u00f6z\u00e9piskola, valamint az E\u00f6tv\u00f6s Lor\u00e1nd Szakk\u00f6z\u00e9p- \u00e9s Szakiskola m\u0171k\u00f6dtet\u00e9s\u00e9re. A k\u00e9t int\u00e9zm\u00e9ny finansz\u00edroz\u00e1sa a t\u00f6rv\u00e9nyi minimum k\u00f6rny\u00e9k\u00e9n t\u00f6rt\u00e9nik. A Lengyel J\u00f3zsef Gimn\u00e1zium \u00e9s Szakk\u00f6z\u00e9piskola jobb helyzetben van a tanul\u00f3 \u00f6sszet\u00e9tel \u00e9s a finansz\u00edroz\u00e1s szempontj\u00e1b\u00f3l is. Itt a fenntart\u00f3i finansz\u00edroz\u00e1s lehet\u0151v\u00e9 tesz az alacsony oszt\u00e1lyl\u00e9tsz\u00e1mok ellen\u00e9re sok csoportbont\u00e1st. Az int\u00e9zm\u00e9ny k\u00edn\u00e1lat rendk\u00edv\u00fcl sokf\u00e9le. Ennek ellen\u00e9re alig t\u00e9r el a k\u00f6telez\u0151 fenntart\u00f3i finansz\u00edroz\u00e1s id\u0151keret\u00e9t\u0151l. A pedag\u00f3gusok a munkak\u00f6z\u00f6ss\u00e9g-vezet\u0151i teend\u0151ket \u00e9s fel\u00fcgyeleti tev\u00e9kenys\u00e9gek egy r\u00e9sz\u00e9t is finansz\u00edroz\u00e1s n\u00e9lk\u00fcl l\u00e1tj\u00e1k el. Sokf\u00e9le v\u00e1laszt\u00e1si lehet\u0151s\u00e9get k\u00edn\u00e1l. Az E\u00f6tv\u00f6s Lor\u00e1nd Szakk\u00f6z\u00e9p- \u00e9s Szakiskola a rendelkez\u00e9sre \u00e1ll\u00f3 a k\u00f6telez\u0151 \u00f3r\u00e1n t\u00fali \u00f3rakereteiket f\u0151leg csoportbont\u00e1sokra haszn\u00e1lj\u00e1k, tan\u00f3r\u00e1n k\u00edv\u00fcli foglalkoz\u00e1sok \u00e9s egy\u00e9ni foglalkoz\u00e1s szinte alig fordulnak el\u0151.\u00a0Napk\u00f6zi, tanul\u00f3szoba nincs. Az E\u00f6tv\u00f6s iskol\u00e1ban int\u00e9zm\u00e9nyi \u00e9tkeztet\u00e9s sem folyik, \u00e9rdemes lenne a kialakult helyi szok\u00e1st megvizsg\u00e1lni, ugyanis a tanul\u00f3 \u00f6sszet\u00e9telt figyelembe v\u00e9ve sok ingyenes \u00e9s kedvezm\u00e9nyes \u00e9tkez\u0151 lenne. K\u00e9t takar\u00edt\u00f3 takar\u00edt. A fenntart\u00f3 k\u00f6zmunk\u00e1sokkal pr\u00f3b\u00e1l seg\u00edteni.<\/em><\/p>\n<p><em>Mindk\u00e9t int\u00e9zm\u00e9nyben alacsonyak az oszt\u00e1ly \u00e9s csoportl\u00e9tsz\u00e1mok. Ezek emel\u00e9se gazdas\u00e1goss\u00e1gi szempontb\u00f3l felt\u00e9tlen sz\u00fcks\u00e9ges. Mivel a tanul\u00f3 l\u00e9tsz\u00e1m demogr\u00e1fiai okok \u00e9s tank\u00f6telezetts\u00e9gi korhat\u00e1r lesz\u00e1ll\u00edt\u00e1sa miatt is cs\u00f6kken\u0151, az oszt\u00e1ly \u00e9s csoportl\u00e9tsz\u00e1mok emel\u00e9se \u00e1ll\u00e1shelyek megsz\u0171n\u00e9s\u00e9vel j\u00e1rhat. Vannak az int\u00e9zm\u00e9nyekben bet\u00f6ltetlen \u00e1ll\u00e1shelyek is, teh\u00e1t az \u00e1ll\u00e1shely cs\u00f6kken\u00e9s, nem felt\u00e9tlen j\u00e1r elbocs\u00e1t\u00e1ssal. A h\u00e1rom\u00e9ves szakk\u00e9pz\u00e9s is az \u00e1ll\u00e1shely sz\u00e1m cs\u00f6kken\u00e9s ir\u00e1ny\u00e1ba viszi az int\u00e9zm\u00e9nyt.\u00a0Fontos tov\u00e1bb\u00e1 a p\u00e1rhuzamoss\u00e1gok kisz\u0171r\u00e9se, a szakk\u00e9pz\u00e9si szerkezet m\u00f3dos\u00edt\u00e1sa l\u00e1nyok sz\u00e1m\u00e1ra szakm\u00e1k tan\u00edt\u00e1sa, a tanm\u0171helyi k\u00e9pz\u00e9s mellett\/helyett a k\u00fcls\u0151 k\u00e9pz\u0151helyek felkutat\u00e1sa, a h\u00e1rom\u00e9ves szakk\u00e9pz\u00e9s beind\u00edt\u00e1sa, tov\u00e1bbi nyit\u00e1s a fels\u0151fok\u00fa k\u00e9pz\u00e9sek ir\u00e1ny\u00e1ban.<\/em><\/p>\n<p><em>A nyolcoszt\u00e1lyos gimn\u00e1ziumi k\u00e9pz\u00e9s a tehets\u00e9ggondoz\u00e1s sz\u00edntere lehet. K\u00e9rd\u00e9s van-e annyi tehets\u00e9ges, Oroszl\u00e1nyban tanulni v\u00e1gy\u00f3 tanul\u00f3 amennyi a gazdas\u00e1gos m\u0171k\u00f6dtet\u00e9shez kellene? A jelentkez\u0151k sz\u00e1ma el\u00e9ri-e legal\u00e1bb az \u00e1tlagl\u00e9tsz\u00e1mot? S ha el\u00e9ri, v\u00e1llalja-e a v\u00e1ros, hogy a nyolcadik \u00e9vfolyam ut\u00e1n 4 \u00e9vig tov\u00e1bb finansz\u00edrozza a n\u00e9gyoszt\u00e1lyos k\u00e9pz\u00e9sbe t\u00f6rt\u00e9n\u0151 \u00e1tl\u00e9p\u00e9s ut\u00e1n tov\u00e1bb fogyatkoz\u00f3 nyolcoszt\u00e1lyos gimn\u00e1ziumi k\u00e9pz\u00e9s\u00e9t. M\u00e9rlegelend\u0151, hogy \u00e1ldoz-e a v\u00e1ros plusz p\u00e9nzt a nyolcoszt\u00e1lyos k\u00e9pz\u00e9sre, amely tanul\u00f3kat von el az \u00e1ltal\u00e1nos iskol\u00e1kt\u00f3l \u00e9s plusz kiad\u00e1st eredm\u00e9nyez az 5-8. \u00e9vfolyamon a gimn\u00e1ziumi k\u00e9pz\u00e9s m\u0171k\u00f6dtet\u00e9s\u00e9vel. (Ez 6-7 pedag\u00f3gus \u00e1ll\u00e1shely plusz finansz\u00edroz\u00e1st jelent a v\u00e1rosnak.) V\u00e1rospolitikai szempontb\u00f3l ez fontos k\u00e9rd\u00e9s lehet.<\/em><\/p>\n<p><em>Az int\u00e9zm\u00e9nyekben tov\u00e1bbi megtakar\u00edt\u00e1sok az oszt\u00e1ly \u00e9s csoportl\u00e9tsz\u00e1mok n\u00f6vel\u00e9s\u00e9vel, a gazd\u00e1lkod\u00e1s m\u00f3dj\u00e1nak megv\u00e1ltoztat\u00e1s\u00e1val, az int\u00e9zm\u00e9nyek \u00f6sszevon\u00e1s\u00e1val l\u00e1tszik el\u00e9rhet\u0151nek. Az int\u00e9zm\u00e9nyek \u00f6sszevon\u00e1s\u00e1val azonban \u00e9rdemes kiv\u00e1rni a k\u00f6zoktat\u00e1si rendszer v\u00e1ltoz\u00e1s\u00e1t, legal\u00e1bb 2013-at, amikorra rem\u00e9lhet\u0151leg minden pontosan kisz\u00e1m\u00edthat\u00f3v\u00e1 v\u00e1lik.<\/em><\/p>\n","protected":false},"excerpt":{"rendered":"<p>Indulatokt\u00f3l sem mentes megbesz\u00e9l\u00e9sre ker\u00fclt sor Oroszl\u00e1nyban. A v\u00e1rosi \u00e9rdekegyeztet\u0151 tan\u00e1cs egyetlen napirendi pontot t\u00e1rgyalt, a Szakorvosi Rendel\u0151int\u00e9zet egyes szakfeladatainak \u00e1tszervez\u00e9se c\u00edmmel. Persze ez az \u00e9rdekegyeztet\u00e9s nem mostan\u00e1ban volt, hanem 2004-ben. Az\u00f3ta nagyot v\u00e1ltozott a vil\u00e1g, legal\u00e1bb is, ha a k\u00e9t k\u00f6z\u00e9piskola \u00e1tszervez\u00e9s\u00e9nek menet\u00e9re figyel\u00fcnk. <a href=\"https:\/\/www.mszporoszlany.hu\/?p=219\">Egy kattint\u00e1s ide a folytat\u00e1shoz&#8230;. <span class=\"meta-nav\">&rarr;<\/span><\/a><\/p>\n","protected":false},"author":35,"featured_media":0,"comment_status":"open","ping_status":"closed","sticky":false,"template":"","format":"standard","meta":{"footnotes":""},"categories":[194],"tags":[118,120,122,119,121,123],"class_list":["post-219","post","type-post","status-publish","format-standard","hentry","category-oroszlany","tag-jenei-andras","tag-koltsegtakarekossag","tag-kozepiskola","tag-osszevonas","tag-szakerto","tag-szakkepzes"],"_links":{"self":[{"href":"https:\/\/www.mszporoszlany.hu\/index.php?rest_route=\/wp\/v2\/posts\/219","targetHints":{"allow":["GET"]}}],"collection":[{"href":"https:\/\/www.mszporoszlany.hu\/index.php?rest_route=\/wp\/v2\/posts"}],"about":[{"href":"https:\/\/www.mszporoszlany.hu\/index.php?rest_route=\/wp\/v2\/types\/post"}],"author":[{"embeddable":true,"href":"https:\/\/www.mszporoszlany.hu\/index.php?rest_route=\/wp\/v2\/users\/35"}],"replies":[{"embeddable":true,"href":"https:\/\/www.mszporoszlany.hu\/index.php?rest_route=%2Fwp%2Fv2%2Fcomments&post=219"}],"version-history":[{"count":0,"href":"https:\/\/www.mszporoszlany.hu\/index.php?rest_route=\/wp\/v2\/posts\/219\/revisions"}],"wp:attachment":[{"href":"https:\/\/www.mszporoszlany.hu\/index.php?rest_route=%2Fwp%2Fv2%2Fmedia&parent=219"}],"wp:term":[{"taxonomy":"category","embeddable":true,"href":"https:\/\/www.mszporoszlany.hu\/index.php?rest_route=%2Fwp%2Fv2%2Fcategories&post=219"},{"taxonomy":"post_tag","embeddable":true,"href":"https:\/\/www.mszporoszlany.hu\/index.php?rest_route=%2Fwp%2Fv2%2Ftags&post=219"}],"curies":[{"name":"wp","href":"https:\/\/api.w.org\/{rel}","templated":true}]}}