{"id":2198,"date":"2013-04-29T09:18:33","date_gmt":"2013-04-29T08:18:33","guid":{"rendered":"http:\/\/www.mszporoszlany.hu\/?p=2198"},"modified":"2013-04-29T09:18:33","modified_gmt":"2013-04-29T08:18:33","slug":"valtozatlan-munkanelkuliseg","status":"publish","type":"post","link":"https:\/\/www.mszporoszlany.hu\/?p=2198","title":{"rendered":"V\u00e1ltozatlan munkan\u00e9lk\u00fclis\u00e9g"},"content":{"rendered":"<p><img loading=\"lazy\" decoding=\"async\" class=\"alignleft size-full wp-image-1707\" alt=\"Siker\" src=\"https:\/\/www.mszporoszlany.hu\/wp-content\/uploads\/2012\/11\/Siker.png\" width=\"200\" height=\"120\" \/>2013 I. negyed\u00e9v\u00e9ben a munkan\u00e9lk\u00fcliek sz\u00e1ma 509 ezer f\u0151, a munkan\u00e9lk\u00fclis\u00e9gi r\u00e1ta 11,8% volt \u2013 adta h\u00edr\u00fcl gyorsjelent\u00e9s\u00e9ben a Statisztikai Hivatal. M\u00edg a f\u00e9rfiak munkan\u00e9lk\u00fclis\u00e9gi r\u00e1t\u00e1ja 0,4 sz\u00e1zal\u00e9kponttal emelkedett az el\u0151z\u0151 \u00e9v azonos id\u0151szak\u00e1hoz k\u00e9pest, addig a n\u0151k\u00e9 ugyanennyivel cs\u00f6kkent. Mind a munkan\u00e9lk\u00fcliek 509 ezer f\u0151s l\u00e9tsz\u00e1ma, mind a 11,8%-os munkan\u00e9lk\u00fclis\u00e9gi r\u00e1t\u00e1ja l\u00e9nyeg\u00e9ben megegyezett az egy \u00e9vvel kor\u00e1bbival.<\/p>\n<p><!--more--><\/p>\n<p>A munkan\u00e9lk\u00fcliek 18,1%-a a munkaer\u0151piacon csak kis l\u00e9tsz\u00e1mban jelenl\u00e9v\u0151 15\u201324 \u00e9ves koroszt\u00e1lyb\u00f3l ker\u00fclt ki. A korcsoport 30,5%-os munkan\u00e9lk\u00fclis\u00e9gi r\u00e1t\u00e1ja 2,7 sz\u00e1zal\u00e9kponttal magasabb az egy \u00e9vvel azel\u0151ttin\u00e9l. A fiatal n\u0151k \u00e9s f\u00e9rfiak munkan\u00e9lk\u00fclis\u00e9ge egyar\u00e1nt n\u0151tt 2012 I. negyed\u00e9v\u00e9hez k\u00e9pest. A 25\u201354 \u00e9vesek, azaz az \u00fagynevezett legjobb munkav\u00e1llal\u00e1si kor\u00faak munkan\u00e9lk\u00fclis\u00e9gi r\u00e1t\u00e1ja 10,8% volt, egy \u00e9v alatt alig v\u00e1ltozott. Az 55\u201364 \u00e9vesek munkan\u00e9lk\u00fclis\u00e9gi r\u00e1t\u00e1ja 1,4 sz\u00e1zal\u00e9kponttal, 7,8%-ra cs\u00f6kkent. A munkan\u00e9lk\u00fcliek 44,7%-a egy \u00e9ve vagy ann\u00e1l r\u00e9gebben keresett \u00e1ll\u00e1st.<\/p>\n<p>A munkan\u00e9lk\u00fclis\u00e9g \u00e1tlagos id\u0151tartama 15,8 h\u00f3nap volt. 2013. m\u00e1rcius v\u00e9g\u00e9n 620,1 ezer f\u0151 volt a nyilv\u00e1ntartott \u00e1ll\u00e1skeres\u0151k \u00f6sszl\u00e9tsz\u00e1ma, ez 4,9%-os n\u00f6veked\u00e9st jelent 2012 azonos id\u0151szak\u00e1hoz k\u00e9pest.<\/p>\n","protected":false},"excerpt":{"rendered":"<p>2013 I. negyed\u00e9v\u00e9ben a munkan\u00e9lk\u00fcliek sz\u00e1ma 509 ezer f\u0151, a munkan\u00e9lk\u00fclis\u00e9gi r\u00e1ta 11,8% volt \u2013 adta h\u00edr\u00fcl gyorsjelent\u00e9s\u00e9ben a Statisztikai Hivatal. M\u00edg a f\u00e9rfiak munkan\u00e9lk\u00fclis\u00e9gi r\u00e1t\u00e1ja 0,4 sz\u00e1zal\u00e9kponttal emelkedett az el\u0151z\u0151 \u00e9v azonos id\u0151szak\u00e1hoz k\u00e9pest, addig a n\u0151k\u00e9 ugyanennyivel cs\u00f6kkent. Mind a munkan\u00e9lk\u00fcliek 509 ezer f\u0151s l\u00e9tsz\u00e1ma, mind a 11,8%-os munkan\u00e9lk\u00fclis\u00e9gi r\u00e1t\u00e1ja l\u00e9nyeg\u00e9ben megegyezett az egy \u00e9vvel kor\u00e1bbival. <a href=\"https:\/\/www.mszporoszlany.hu\/?p=2198\">Egy kattint\u00e1s ide a folytat\u00e1shoz&#8230;. <span class=\"meta-nav\">&rarr;<\/span><\/a><\/p>\n","protected":false},"author":35,"featured_media":0,"comment_status":"open","ping_status":"closed","sticky":false,"template":"","format":"standard","meta":{"footnotes":""},"categories":[196],"tags":[1417,1418,1419,1416,925,183],"class_list":["post-2198","post","type-post","status-publish","format-standard","hentry","category-magyarorszag","tag-15-24-eves-korosztaly","tag-25-54-evesek","tag-55-64-evesek","tag-fiatal-nok-es-ferfiak","tag-munkaeropiac","tag-munkanelkuliseg"],"_links":{"self":[{"href":"https:\/\/www.mszporoszlany.hu\/index.php?rest_route=\/wp\/v2\/posts\/2198","targetHints":{"allow":["GET"]}}],"collection":[{"href":"https:\/\/www.mszporoszlany.hu\/index.php?rest_route=\/wp\/v2\/posts"}],"about":[{"href":"https:\/\/www.mszporoszlany.hu\/index.php?rest_route=\/wp\/v2\/types\/post"}],"author":[{"embeddable":true,"href":"https:\/\/www.mszporoszlany.hu\/index.php?rest_route=\/wp\/v2\/users\/35"}],"replies":[{"embeddable":true,"href":"https:\/\/www.mszporoszlany.hu\/index.php?rest_route=%2Fwp%2Fv2%2Fcomments&post=2198"}],"version-history":[{"count":0,"href":"https:\/\/www.mszporoszlany.hu\/index.php?rest_route=\/wp\/v2\/posts\/2198\/revisions"}],"wp:attachment":[{"href":"https:\/\/www.mszporoszlany.hu\/index.php?rest_route=%2Fwp%2Fv2%2Fmedia&parent=2198"}],"wp:term":[{"taxonomy":"category","embeddable":true,"href":"https:\/\/www.mszporoszlany.hu\/index.php?rest_route=%2Fwp%2Fv2%2Fcategories&post=2198"},{"taxonomy":"post_tag","embeddable":true,"href":"https:\/\/www.mszporoszlany.hu\/index.php?rest_route=%2Fwp%2Fv2%2Ftags&post=2198"}],"curies":[{"name":"wp","href":"https:\/\/api.w.org\/{rel}","templated":true}]}}