{"id":2201,"date":"2013-05-07T07:50:01","date_gmt":"2013-05-07T06:50:01","guid":{"rendered":"http:\/\/www.mszporoszlany.hu\/?p=2201"},"modified":"2013-05-08T12:11:24","modified_gmt":"2013-05-08T11:11:24","slug":"megszunik-a-banyasz-zenekar","status":"publish","type":"post","link":"https:\/\/www.mszporoszlany.hu\/?p=2201","title":{"rendered":"Megsz\u0171nik a B\u00e1ny\u00e1sz Zenekar?!"},"content":{"rendered":"<p><img loading=\"lazy\" decoding=\"async\" class=\"alignleft size-full wp-image-2202\" alt=\"Zenekar\" src=\"https:\/\/www.mszporoszlany.hu\/wp-content\/uploads\/2013\/05\/Zenekar.png\" width=\"200\" height=\"120\" \/>K\u00e9sz t\u00e9nyek el\u00e9 \u00e1ll\u00edtott\u00e1k az Oroszl\u00e1nyi B\u00e1ny\u00e1sz Koncert Fesztiv\u00e1l F\u00fav\u00f3s Zenekart cs\u00fct\u00f6rt\u00f6k\u00f6n, a V\u00e1rosfejleszt\u00e9si Bizotts\u00e1g \u00e9s a Szoci\u00e1lis Szolg\u00e1lattal k\u00f6z\u00f6sen tartott \u00fcl\u00e9sen \u2013 olvashat\u00f3 az egy\u00fcttes Facebook oldal\u00e1n. &#8222;<em>A v\u00e1ros 138 milli\u00f3s &#8222;integr\u00e1ci\u00f3s&#8221; p\u00e1ly\u00e1zatot nyert, melynek sor\u00e1n a szegreg\u00e1lt \u00f6vezetben \u00e9l\u0151k kultur\u00e1lis k\u00f6zpontot, oktat\u00e1si centrumot kapnak. Ennek r\u00e9sze a Ny\u00edres d\u0171l\u0151ben kialak\u00edtott szolg\u00e1ltat\u00f3 h\u00e1z, s lesz r\u00e9sze a v\u00e1ros fel\u00e9 f\u00e9l\u00faton elhelyezked\u0151 k\u00e9pz\u00e9si \u00e9s szabadid\u0151s int\u00e9zm\u00e9ny. Ut\u00f3bbi helysz\u00edn\u00e9\u00fcl a p\u00e1ly\u00e1zatban \u2013 meggondolatlans\u00e1gb\u00f3l vagy t\u00e9vesen \u2013 a borb\u00e1lai k\u00f6z\u00f6ss\u00e9gi h\u00e1zat jel\u00f6lt\u00e9k ki, melyet m\u00e1sf\u00e9l \u00e9vvel ezel\u0151tt az \u00f6nkorm\u00e1nyzat fel\u00faj\u00edttatott \u00e9s felaj\u00e1nlott pr\u00f3bateremk\u00e9nt az akkor szorult helyzetben l\u00e9v\u0151 zenekarnak. Azt a k\u00f6z\u00f6ss\u00e9gi h\u00e1zat, ahonnan a d\u00f6nt\u00e9s k\u00f6vetkezt\u00e9ben most ism\u00e9t k\u00f6lt\u00f6zn\u00fcnk kell, azonban a v\u00e1ros jelenleg nem tud alkalmas termet biztos\u00edtani sz\u00e1munkra.<\/em>&#8221;<\/p>\n<p><!--more--><\/p>\n<p>Mint \u00edrj\u00e1k: &#8222;<em>A B\u00e1ny\u00e1sz Klub bez\u00e1r\u00e1sa hatalmas t\u00f6r\u00e9s volt a zenekar \u00e9let\u00e9ben, 60 ezer forinttal \u00e9s 17 taggal &#8222;kezdt\u00fck \u00fajra&#8221; hatalmas munka \u00e1r\u00e1n: egy ny\u00e1ron \u00e1t dolgoztunk az \u00faj pr\u00f3baterem\u00e9rt, annak rendbet\u00e9tel\u00e9\u00e9rt. M\u00e1sf\u00e9l \u00e9v eltelt\u00e9vel siker\u00fclt megszoknunk, megkedveln\u00fcnk \u00faj otthonunkat, tagjaink sz\u00e1ma megdupl\u00e1z\u00f3dott, sz\u00e1mtalan felk\u00e9r\u00e9st kapunk, t\u00f6retlen\u00fcl \u00e1poljuk a b\u00e1ny\u00e1sz hagyom\u00e1nyokat \u00e9s ig\u00e9nyes zen\u00e9nkkel sz\u00f3rakoztatjuk a v\u00e1ros lakoss\u00e1g\u00e1t. Der\u00fclt \u00e9gb\u0151l vill\u00e1mcsap\u00e1sk\u00e9nt \u00e9rt minket, hogy k\u00e9t het\u00fcnk van kik\u00f6lt\u00f6zni! Hely\u00fcnket a programban r\u00e9sztvev\u0151k fogj\u00e1k haszn\u00e1lni roma nyelvgyakorlatra, csal\u00e1di napra s egy\u00e9b k\u00f6z\u00f6ss\u00e9gi foglalkoz\u00e1sokra.<\/em><\/p>\n<p><em>Hi\u00e1ba a t\u00e1mogat\u00e1s, hi\u00e1ba a sok munka, pr\u00f3baterm\u00fcnk elveszt\u00e9s\u00e9vel nem tudjuk tov\u00e1bb folytatni tev\u00e9kenys\u00e9g\u00fcnket. V\u00e9gleges megold\u00e1st egy\u00e1ltal\u00e1n nem, de ideiglenes megold\u00e1s ut\u00e1n is \u00fajabb (s \u00fajabb?) k\u00f6lt\u00f6z\u00e9s v\u00e1rna r\u00e1nk. Erre nincs energi\u00e1nk, ez mind p\u00e9nz\u00fcgyileg mind mor\u00e1lisan \u00fajabb t\u00f6r\u00e9st jelentene, melyet aligha heverne ki zenekarunk.<\/em>&#8222;<\/p>\n","protected":false},"excerpt":{"rendered":"<p>K\u00e9sz t\u00e9nyek el\u00e9 \u00e1ll\u00edtott\u00e1k az Oroszl\u00e1nyi B\u00e1ny\u00e1sz Koncert Fesztiv\u00e1l F\u00fav\u00f3s Zenekart cs\u00fct\u00f6rt\u00f6k\u00f6n, a V\u00e1rosfejleszt\u00e9si Bizotts\u00e1g \u00e9s a Szoci\u00e1lis Szolg\u00e1lattal k\u00f6z\u00f6sen tartott \u00fcl\u00e9sen \u2013 olvashat\u00f3 az egy\u00fcttes Facebook oldal\u00e1n. A v\u00e1ros 138 milli\u00f3s &#8222;integr\u00e1ci\u00f3s&#8221; p\u00e1ly\u00e1zatot nyert, melynek sor\u00e1n a szegreg\u00e1lt \u00f6vezetben \u00e9l\u0151k kultur\u00e1lis k\u00f6zpontot, oktat\u00e1si centrumot kapnak. Ennek r\u00e9sze a Ny\u00edres d\u0171l\u0151ben kialak\u00edtott szolg\u00e1ltat\u00f3 h\u00e1z, s lesz r\u00e9sze a v\u00e1ros fel\u00e9 f\u00e9l\u00faton elhelyezked\u0151 k\u00e9pz\u00e9si \u00e9s szabadid\u0151s int\u00e9zm\u00e9ny. Ut\u00f3bbi helysz\u00edn\u00e9\u00fcl a p\u00e1ly\u00e1zatban \u2013 meggondolatlans\u00e1gb\u00f3l vagy t\u00e9vesen \u2013 a borb\u00e1lai k\u00f6z\u00f6ss\u00e9gi h\u00e1zat jel\u00f6lt\u00e9k ki, melyet m\u00e1sf\u00e9l \u00e9vvel ezel\u0151tt az \u00f6nkorm\u00e1nyzat fel\u00faj\u00edttatott \u00e9s felaj\u00e1nlott pr\u00f3bateremk\u00e9nt az akkor szorult helyzetben l\u00e9v\u0151 zenekarnak. Azt a k\u00f6z\u00f6ss\u00e9gi h\u00e1zat, ahonnan a d\u00f6nt\u00e9s k\u00f6vetkezt\u00e9ben most ism\u00e9t k\u00f6lt\u00f6zn\u00fcnk kell, azonban a v\u00e1ros jelenleg nem tud alkalmas termet biztos\u00edtani sz\u00e1munkra. <a href=\"https:\/\/www.mszporoszlany.hu\/?p=2201\">Egy kattint\u00e1s ide a folytat\u00e1shoz&#8230;. <span class=\"meta-nav\">&rarr;<\/span><\/a><\/p>\n","protected":false},"author":35,"featured_media":0,"comment_status":"open","ping_status":"closed","sticky":false,"template":"","format":"standard","meta":{"footnotes":""},"categories":[194],"tags":[1424,1392,282,1420,1425,1422,1423,1421],"class_list":["post-2201","post","type-post","status-publish","format-standard","hentry","category-oroszlany","tag-borbalai-kozossegi-haz","tag-nyires-dulo","tag-onkormanyzat","tag-oroszlanyi-banyasz-koncert-fesztival-fuvos-zenekar","tag-probaterem","tag-szocialis-szolgalat","tag-szolgaltato-haz","tag-varosfejlesztesi-bizottsag"],"_links":{"self":[{"href":"https:\/\/www.mszporoszlany.hu\/index.php?rest_route=\/wp\/v2\/posts\/2201","targetHints":{"allow":["GET"]}}],"collection":[{"href":"https:\/\/www.mszporoszlany.hu\/index.php?rest_route=\/wp\/v2\/posts"}],"about":[{"href":"https:\/\/www.mszporoszlany.hu\/index.php?rest_route=\/wp\/v2\/types\/post"}],"author":[{"embeddable":true,"href":"https:\/\/www.mszporoszlany.hu\/index.php?rest_route=\/wp\/v2\/users\/35"}],"replies":[{"embeddable":true,"href":"https:\/\/www.mszporoszlany.hu\/index.php?rest_route=%2Fwp%2Fv2%2Fcomments&post=2201"}],"version-history":[{"count":0,"href":"https:\/\/www.mszporoszlany.hu\/index.php?rest_route=\/wp\/v2\/posts\/2201\/revisions"}],"wp:attachment":[{"href":"https:\/\/www.mszporoszlany.hu\/index.php?rest_route=%2Fwp%2Fv2%2Fmedia&parent=2201"}],"wp:term":[{"taxonomy":"category","embeddable":true,"href":"https:\/\/www.mszporoszlany.hu\/index.php?rest_route=%2Fwp%2Fv2%2Fcategories&post=2201"},{"taxonomy":"post_tag","embeddable":true,"href":"https:\/\/www.mszporoszlany.hu\/index.php?rest_route=%2Fwp%2Fv2%2Ftags&post=2201"}],"curies":[{"name":"wp","href":"https:\/\/api.w.org\/{rel}","templated":true}]}}