{"id":2209,"date":"2013-05-14T09:07:08","date_gmt":"2013-05-14T08:07:08","guid":{"rendered":"http:\/\/www.mszporoszlany.hu\/?p=2209"},"modified":"2013-05-14T09:07:08","modified_gmt":"2013-05-14T08:07:08","slug":"dobbenet","status":"publish","type":"post","link":"https:\/\/www.mszporoszlany.hu\/?p=2209","title":{"rendered":"D\u00f6bbenet"},"content":{"rendered":"<p><img loading=\"lazy\" decoding=\"async\" class=\"alignleft size-full wp-image-2210\" alt=\"dobbenet\" src=\"https:\/\/www.mszporoszlany.hu\/wp-content\/uploads\/2013\/05\/dobbenet.png\" width=\"200\" height=\"120\" \/>Oroszl\u00e1ny k\u00e9pvisel\u0151 test\u00fclete m\u00e1jus 7-i test\u00fcleti \u00fcl\u00e9sen t\u00e1rgyalta a sportr\u00f3l sz\u00f3l\u00f3 rendelet\u00e9nek m\u00f3dos\u00edt\u00e1s\u00e1t, amelyen \u00e9rdekes v\u00e9lem\u00e9nyeket hallhatott az \u00fcl\u00e9sen jelenl\u00e9v\u0151, vagy az ad\u00e1st n\u00e9z\u0151. Komoly n\u00e9zetk\u00fcl\u00f6nbs\u00e9g alakult ki a jobb- \u00e9s baloldali k\u00e9pvisel\u0151k k\u00f6z\u00f6tt a sportdics\u0151s\u00e9g-t\u00e1bla n\u00e9vsor\u00e1nak v\u00e1ltoz\u00e1s\u00e1t illet\u0151en. Ugyanis az \u00fcl\u00e9steremben jobboldali politikusok sz\u00e1j\u00e1b\u00f3l elhangzottak szerint senki sem tudja, hogy mikor, milyen m\u00f3don, kinek az enged\u00e9ly\u00e9vel \u00e9s kinek a megrendel\u00e9s\u00e9re t\u00f6rt\u00e9nt v\u00e1ltoz\u00e1s a t\u00e1bl\u00e1n l\u00e9v\u0151k n\u00e9vsor\u00e1ban, a t\u00e1bla sportcsarnokba \u00e1thelyez\u00e9se sor\u00e1n.<\/p>\n<p><!--more--><\/p>\n<p>Aki kicsit is tiszt\u00e1ban van a joggal \u00e9s a jogszab\u00e1lyokkal az teljesen term\u00e9szetesen d\u00f6bbenhetett meg az \u00e9rintett napirendi pont t\u00e1rgyal\u00e1sa sor\u00e1n. Ugyanis a k\u00e9pvisel\u0151k z\u00f6me \u00e1ltal er\u0151sen megk\u00e9rd\u0151jelez\u0151d\u00f6tt imm\u00e1r Oroszl\u00e1nyon is, ami orsz\u00e1gos szinten k\u00f6zel 2-3 \u00e9ve nagyon sokak szerint m\u00e1r nem k\u00e9rd\u00e9ses, azaz hogy haz\u00e1nkban jog\u00e1llamis\u00e1g van-e vagy sem!?<\/p>\n<p>Ha valaki kutakodik azut\u00e1n, val\u00f3j\u00e1ban mit is jelent ez a fogalom, akkor p\u00e9ld\u00e1ul a Wikip\u00e9dia az al\u00e1bbi magyar\u00e1zatot adja: &#8222;A jog\u00e1llam olyan \u00e1llam, ahol a k\u00f6zhatalmat a nyilv\u00e1nos \u00e9s \u00edrott jogszab\u00e1lyok tartalm\u00e1nak megfelel\u0151en, \u00e9s a jogszab\u00e1lyokban meghat\u00e1rozott elj\u00e1r\u00e1sok keret\u00e9ben, arra feljogos\u00edtott szervezetek \u00e9s szem\u00e9lyek gyakorolj\u00e1k.&#8221; Ezek alapj\u00e1n nagyon nehezen \u00e9rtelmezhet\u0151ek ak\u00e1r Szab\u00f3, ak\u00e1r Orb\u00e1n vagy Papp k\u00e9pvisel\u0151k hozz\u00e1sz\u00f3l\u00e1sai a sportdics\u0151s\u00e9g-t\u00e1bla kezel\u00e9s\u00e9vel kapcsolatosan. Szab\u00f3 k\u00e9pvisel\u0151 jogszab\u00e1lyokkal szemben kinyilv\u00e1n\u00edtott v\u00e9leked\u00e9sei pedig er\u0151sen megk\u00e9rd\u0151jelezik a v\u00e1rosi vezet\u00e9sben val\u00f3 r\u00e9szv\u00e9tel\u00e9nek t\u00f6rv\u00e9nyess\u00e9g\u00e9t.<\/p>\n<p>Aki k\u00f6veti a jogszab\u00e1lyalkot\u00e1s rendszer\u00e9nek m\u0171k\u00f6d\u00e9s\u00e9t, az bizony\u00e1ra tudja, hogy a telep\u00fcl\u00e9si k\u00e9pvisel\u0151k megv\u00e1laszt\u00e1s\u00e1t egy \u00fcnnep\u00e9lyes esk\u00fct\u00e9tel k\u00f6veti, amelynek \u00e9rtelm\u00e9ben nyilv\u00e1nosan kinyilatkoztat\u00e1st tesznek arr\u00f3l, hogy a jogrendet, \u00e9s a jogszab\u00e1lyokat meg- \u00e9s betartj\u00e1k, betartatj\u00e1k. Tov\u00e1bb\u00e1 &#8222;szavukat&#8221; adj\u00e1k arra, hogy r\u00e1juk b\u00edzott v\u00e1rosi vagyont felel\u0151sen kezelik. Ennek ismeret\u00e9ben Szab\u00f3 k\u00e9pvisel\u0151 azon kinyilatkoz\u00e1sa, mely szerint a helyi jogszab\u00e1lyok csak g\u00e1tolj\u00e1k a v\u00e1ros m\u0171k\u00f6dtet\u00e9s\u00e9t, \u00edgy azok id\u0151k\u00f6z\u00f6nk\u00e9nti megszeg\u00e9se indokolt, egyszer\u0171en d\u00f6bbenet. B\u00e1r ez a gondolkod\u00e1s a Jobbik k\u00f6r\u00e9ben nem \u00fajdons\u00e1g.<\/p>\n<p>Az pedig, hogy a k\u00e9pvisel\u0151 test\u00fclet nagyobbik fele k\u00e9ptelen meg\u00e9rteni, hogy a napirend keret\u00e9ben nem a t\u00e1bl\u00e1ra felker\u00fclt szem\u00e9ly\u00e9vel, hanem annak jogszab\u00e1ly ellenes volt\u00e1val volt probl\u00e9ma, egyszer\u0171en felfoghatatlan. Arr\u00f3l m\u00e1r nem is besz\u00e9lve, hogy azok, akiknek egyetlen \u00e9s legfontosabb feladata a helyi jogszab\u00e1lyok megalkot\u00e1sa \u00e9s betart\u00e1s\u00e1nak biztos\u00edt\u00e1sa lenne, homlokegyenest ellen mennek ennek a feladatuknak. M\u00e1r csak egyetlen k\u00e9rd\u00e9s maradt ezek ut\u00e1n: Mi\u00e9rt gondolj\u00e1k, hogy ilyen nyilv\u00e1nosan botr\u00e1nyos viselked\u00e9s\u00fcket k\u00f6vet\u0151en a v\u00e1ros lak\u00f3i komolyan veszik az \u00e1ltaluk alkotott jogszab\u00e1lyokat \u00e9s be is tartj\u00e1k azokat?<\/p>\n<p>V\u00e9g\u00fcl foglalkozzunk egy kicsit a n\u00e9vad\u00f3 szem\u00e9ly\u00e9hez k\u00f6thet\u0151 k\u00e9rd\u00e9ssel is. Azzal, hogy ilyen sunyi, alattomos m\u00f3don, a t\u00e9nyeket elhallgatva pr\u00f3b\u00e1lnak valamit ut\u00f3lag tiszt\u00e1ra mosni (vakarni), nem \u00e9ppen keltenek olyan l\u00e1tszatot, hogy valamilyen k\u00f6z\u00f6s, esetleg v\u00e1rosi \u00e9rdek k\u00f6vetelte volna meg egy h\u00edres sportol\u00f3nk, nevesen Krajnyik &#8222;Ak\u00e1c&#8221; Andr\u00e1s nev\u00e9nek elhelyez\u00e9s\u00e9t a sportdics\u0151s\u00e9g-t\u00e1bl\u00e1n! A dolgok ilyet\u00e9n m\u00f3don rendez\u00e9s\u00e9vel m\u00e9ltatlann\u00e1 v\u00e1lt a test\u00fclet nagyobb r\u00e9sze arra, hogy egy neves sportol\u00f3nk eml\u00e9k\u00e9t megfelel\u0151en legyen k\u00e9pes gondozni.<\/p>\n<p>Az mindenesetre elgondolkodtat\u00f3, hogy ha a test\u00fclet jobboldali tagjai egy ilyen pofonegyszer\u0171, komoly m\u00e9rlegel\u00e9seket n\u00e9lk\u00fcl\u00f6z\u0151 d\u00f6nt\u00e9sben is k\u00e9ptelenek jogszab\u00e1lyszer\u0171en elj\u00e1rni, akkor mit v\u00e1rhat el a v\u00e1ros lakoss\u00e1ga olyan esetekben, amikor komoly, k\u00f6zvagyont, emberi \u00e9letet, vagy k\u00f6rnyezetet befoly\u00e1sol\u00f3 bonyolult jogi- \u00e9s gazdas\u00e1gi k\u00f6rnyezet ismeret\u00e9t k\u00f6veteli meg egy d\u00f6nt\u00e9s?<\/p>\n<p>De ezt m\u00e1r az olvas\u00f3kra b\u00edzzuk!<\/p>\n","protected":false},"excerpt":{"rendered":"<p>Oroszl\u00e1ny k\u00e9pvisel\u0151 test\u00fclete m\u00e1jus 7-i test\u00fcleti \u00fcl\u00e9sen t\u00e1rgyalta a sportr\u00f3l sz\u00f3l\u00f3 rendelet\u00e9nek m\u00f3dos\u00edt\u00e1s\u00e1t, amelyen \u00e9rdekes v\u00e9lem\u00e9nyeket hallhatott az \u00fcl\u00e9sen jelenl\u00e9v\u0151, vagy az ad\u00e1st n\u00e9z\u0151. Komoly n\u00e9zetk\u00fcl\u00f6nbs\u00e9g alakult ki a jobb- \u00e9s baloldali k\u00e9pvisel\u0151k k\u00f6z\u00f6tt a sportdics\u0151s\u00e9g-t\u00e1bla n\u00e9vsor\u00e1nak v\u00e1ltoz\u00e1s\u00e1t illet\u0151en. Ugyanis az \u00fcl\u00e9steremben jobboldali politikusok sz\u00e1j\u00e1b\u00f3l elhangzottak szerint senki sem tudja, hogy mikor, milyen m\u00f3don, kinek az enged\u00e9ly\u00e9vel \u00e9s kinek a megrendel\u00e9s\u00e9re t\u00f6rt\u00e9nt v\u00e1ltoz\u00e1s a t\u00e1bl\u00e1n l\u00e9v\u0151k n\u00e9vsor\u00e1ban, a t\u00e1bla sportcsarnokba \u00e1thelyez\u00e9se sor\u00e1n. <a href=\"https:\/\/www.mszporoszlany.hu\/?p=2209\">Egy kattint\u00e1s ide a folytat\u00e1shoz&#8230;. <span class=\"meta-nav\">&rarr;<\/span><\/a><\/p>\n","protected":false},"author":35,"featured_media":0,"comment_status":"open","ping_status":"closed","sticky":false,"template":"","format":"standard","meta":{"footnotes":""},"categories":[194],"tags":[1427,839,99,107,1764,1405,1426,108],"class_list":["post-2209","post","type-post","status-publish","format-standard","hentry","category-oroszlany","tag-jogallam","tag-kepviselo-testulet","tag-krajnyik-akac-andras","tag-orban-ferenc","tag-oroszlany","tag-papp-peter-attila","tag-sportrol-szolo-rendelet","tag-szabo-mihaly"],"_links":{"self":[{"href":"https:\/\/www.mszporoszlany.hu\/index.php?rest_route=\/wp\/v2\/posts\/2209","targetHints":{"allow":["GET"]}}],"collection":[{"href":"https:\/\/www.mszporoszlany.hu\/index.php?rest_route=\/wp\/v2\/posts"}],"about":[{"href":"https:\/\/www.mszporoszlany.hu\/index.php?rest_route=\/wp\/v2\/types\/post"}],"author":[{"embeddable":true,"href":"https:\/\/www.mszporoszlany.hu\/index.php?rest_route=\/wp\/v2\/users\/35"}],"replies":[{"embeddable":true,"href":"https:\/\/www.mszporoszlany.hu\/index.php?rest_route=%2Fwp%2Fv2%2Fcomments&post=2209"}],"version-history":[{"count":0,"href":"https:\/\/www.mszporoszlany.hu\/index.php?rest_route=\/wp\/v2\/posts\/2209\/revisions"}],"wp:attachment":[{"href":"https:\/\/www.mszporoszlany.hu\/index.php?rest_route=%2Fwp%2Fv2%2Fmedia&parent=2209"}],"wp:term":[{"taxonomy":"category","embeddable":true,"href":"https:\/\/www.mszporoszlany.hu\/index.php?rest_route=%2Fwp%2Fv2%2Fcategories&post=2209"},{"taxonomy":"post_tag","embeddable":true,"href":"https:\/\/www.mszporoszlany.hu\/index.php?rest_route=%2Fwp%2Fv2%2Ftags&post=2209"}],"curies":[{"name":"wp","href":"https:\/\/api.w.org\/{rel}","templated":true}]}}