{"id":2213,"date":"2013-05-21T18:55:50","date_gmt":"2013-05-21T17:55:50","guid":{"rendered":"http:\/\/www.mszporoszlany.hu\/?p=2213"},"modified":"2013-05-21T18:55:50","modified_gmt":"2013-05-21T17:55:50","slug":"hogy-miert-nem-csodalkozom","status":"publish","type":"post","link":"https:\/\/www.mszporoszlany.hu\/?p=2213","title":{"rendered":"Hogy mi\u00e9rt nem csod\u00e1lkozom\u2026"},"content":{"rendered":"<p><img loading=\"lazy\" decoding=\"async\" class=\"alignleft size-full wp-image-2214\" alt=\"kethetes\" src=\"https:\/\/www.mszporoszlany.hu\/wp-content\/uploads\/2013\/05\/kethetes.png\" width=\"200\" height=\"120\" \/>Lelki nyugalmam \u00e9rdek\u00e9ben az elm\u00falt id\u0151szakban k\u00e9t rendk\u00edv\u00fcl hasznos szok\u00e1s alakult ki bennem: nem n\u00e9zem a k\u00e9pvisel\u0151-test\u00fclet \u00fcl\u00e9seit \u00e9s \u2013 sokakkal egyetemben \u2013 nem olvasom a helyi jobboldal k\u00f6zp\u00e9nzen fizetett rekl\u00e1m\u00fajs\u00e1gj\u00e1t.<\/p>\n<p><!--more--><\/p>\n<p>Ez\u00e9rt is vettem zokon, amikor egyik bar\u00e1tom beszkennelte nekem az \u00daj K\u00e9thetes egyik cikk\u00e9t, amit v\u00e1rosunk sajt\u00f3sa, mint szerkeszt\u0151 jegyez. A &#8222;M\u00falt, vagy j\u00f6v\u0151&#8221; c\u00edm\u0171 remekm\u0171ben arr\u00f3l elm\u00e9lkedik a szerz\u0151, hogyan lehet az, hogy m\u00e1jus 9-\u00e9n a szocialist\u00e1k megeml\u00e9kez\u00e9st tartottak a h\u0151si eml\u00e9km\u0171n\u00e9l.<\/p>\n<p>Most vonatkoztassunk el att\u00f3l a gusztustalans\u00e1gt\u00f3l, hogy mi\u00e9rt kell b\u00e1rmilyen eml\u00e9kez\u00e9st is megb\u00e9lyegezni, b\u00edr\u00e1lni, sz\u00f3v\u00e1 tenni, mikor az ember legbens\u0151bb mag\u00e1n\u00fcgye: ki el\u0151tt, mikor \u00e9s hol k\u00edv\u00e1nja kegyelet\u00e9t ler\u00f3ni. Arr\u00f3l is feledkezz\u00fcnk meg, hogy a h\u00f6lgy \u2013 k\u00f6ztisztvisel\u0151k\u00e9nt \u2013 t\u00f6rv\u00e9nyellenes gyakorlatot folytat, ugyanis a jelen \u00e9rv\u00e9nyes t\u00f6rv\u00e9ny szerint nem tehet semmif\u00e9le politikai nyilatkozatot, \u00e9s nem v\u00e1llalhat politikai szerepet \u2013 de ezt m\u00e1r minden bizonnyal jelezte neki hivatali el\u0151j\u00e1r\u00f3ja\u2026<\/p>\n<p>Maradjunk csak a t\u00e9nyekn\u00e9l, hogy mi is a baja sajt\u00f3referens\u00fcnknek az MSZP-vel. Az, hogy az Eur\u00f3pa napon (m\u00e1jus 9-\u00e9n) megkoszor\u00fazt\u00e1k a felszabadul\u00e1si (alias: szovjet h\u0151si) eml\u00e9km\u0171vet.<\/p>\n<p>De mi\u00e9rt is voltak \u00e9ppen akkor, \u00e9ppen ott a szocialist\u00e1k? Eur\u00f3p\u00e1ban m\u00e1jus 9-\u00e9n \u00e9rt v\u00e9get a m\u00e1sodik vil\u00e1gh\u00e1bor\u00fa. 1945. \u00e1prilis 25-\u00e9n az amerikai \u00e9s a szovjet csapatok tal\u00e1lkoztak az Elb\u00e1n\u00e1l. \u00c1prilis 30-\u00e1n a Berlint ostroml\u00f3 szovjet er\u0151k elfoglalt\u00e1k a Reichstagot, Hitler \u00f6ngyilkos lett. M\u00e1jus 8-\u00e1n a III. Birodalom kapitul\u00e1lt, a n\u00e9met hader\u0151 felt\u00e9tel n\u00e9lk\u00fcl letette a fegyvert. M\u00e1jus 9-\u00e9n a szovjet hadsereg el\u00e9rte Pr\u00e1g\u00e1t, ezzel az eur\u00f3pai hadsz\u00ednt\u00e9ren a m\u00e1sodik vil\u00e1gh\u00e1bor\u00fa v\u00e9get \u00e9rt, amely milli\u00f3kat tett f\u00f6ld\u00f6nfut\u00f3v\u00e1, orsz\u00e1gokat \u00e9s v\u00e1rosokat rombolt le \u00e9s k\u00f6zel 60 milli\u00f3 embert puszt\u00edtott el. M\u00e1jus 9-\u00e9n \u00edgy a fasizmus felett aratott gy\u0151zelemr\u0151l eml\u00e9keznek meg vil\u00e1gszerte, mely Eur\u00f3p\u00e1ban egyben a b\u00e9ke napja is (jelesnapok.hu).<\/p>\n<p>Ennyi a t\u00f6rt\u00e9net, s \u00e9n m\u00e9gsem csod\u00e1lkozom, hiszen \u00edrt m\u00e1r enn\u00e9l vadabbakat is a v\u00e1ros im\u00e1zs\u00e1nak k\u00f6zszerepl\u0151 katon\u00e1ja. &#8222;A magyar kikacag\u00e1s \u00fcnnepe&#8221; c\u00edm\u0171 anyagban ez olvashat\u00f3:<\/p>\n<p style=\"padding-left: 30px; background-color: #f0f0f0;\"><em>&#8222;A legnehezebb \u00fajs\u00e1g\u00edr\u00f3i feladat az idei m\u00e1rcius 15-\u00e9re cikket \u00edrni. Mikor ezek a sorok felt\u0171ntek a monitoron, m\u00e9g el\u0151tte vagyunk az \u00fcnnepnek, de megjelen\u00e9sekor esetleg m\u00e1r d\u00f6r\u00f6gnek a fegyverek. Rettenetes lehet\u0151s\u00e9g. Pr\u00f3b\u00e1lom kivonni magam a m\u00e9dia hiszteriz\u00e1l\u00e1sa al\u00f3l, de nem megy. K\u00f6zben fel vagyok h\u00e1borodva, hogy eff\u00e9le lelki terrorral zsarolhat saj\u00e1t korm\u00e1nyom. Hogy a szellemi m\u00e9lt\u00f3s\u00e1g minimum\u00e1t sem k\u00e9pesek felmutatni a Gyurcs\u00e1ny-korm\u00e1ny nyomor\u00e9kjai.&#8221;\u2026<\/em><\/p>\n<p style=\"padding-left: 30px; background-color: #f0f0f0;\"><em>&#8222;Egy ideig t\u0171rj\u00fck, hallgatjuk a p\u00e9nz\u00fcgyi sz\u00fcks\u00e9gszer\u0171s\u00e9gekr\u0151l, a k\u00f6lts\u00e9gvet\u00e9si egyens\u00falyr\u00f3l sz\u00f3l\u00f3 rabl\u00f3mes\u00e9t, azt\u00e1n a kollekt\u00edv tudat r\u00e1eszm\u00e9l az \u00e9let val\u00f3di parancsaira. Hogy iskola kell, kult\u00fara kell, gy\u00f3gy\u00edt\u00e1s a betegeknek. Mert egy \u00e9let\u00fcnk van, \u00e9s nem j\u00f3 azt a p\u00e9nz szolg\u00e1lat\u00e1ban le\u00e9lni. Az embereket kell szolg\u00e1lni. Akkor azt\u00e1n volt-nincs megszor\u00edt\u00e1s. Ink\u00e1bb kiszor\u00edtani fogjuk, ami kell, a szocialista urakb\u00f3l. Meg fogunk lep\u0151dni, mi mindenre el\u00e9g a magyarok \u00e1ltal megtermelt GDP, ha nem a szocialist\u00e1k ad\u00f3ss\u00e1gainak rendez\u00e9s\u00e9re k\u00f6ltj\u00fck! Az idei m\u00e1rcius tizen\u00f6t\u00f6dike nem Pet\u0151fi\u00e9kr\u0151l sz\u00f3l. De ezt \u0151k b\u00e1nj\u00e1k legkev\u00e9sb\u00e9. Hiszen ha valakik, \u0151k tudj\u00e1k, milyen az, amikor itt az id\u0151.&#8221;<\/em><\/p>\n<p>Epikt\u00e9tosz \u00edrta annak idej\u00e9n: A m\u0171veletlen ember szok\u00e1sa m\u00e1sokra panaszkodni, amikor \u0151 maga cselekszik helytelen\u00fcl \u2013 de ezt ne vegye mag\u00e1ra kedves szerkeszt\u0151 asszony!<\/p>\n<p>Egy\u00e9bk\u00e9nt val\u00f3sz\u00edn\u0171leg a megrendel\u0151knek \u00e9s a k\u00e9sz\u00edt\u0151knek is kezd elege lenni ebb\u0151l a kis lapocsk\u00e1b\u00f3l, legal\u00e1bb is erre enged k\u00f6vetkeztetni, hogy a v\u00e1ros weboldal\u00e1n a 2012.11.05. keltez\u00e9s\u0171 a legut\u00f3bbi sz\u00e1m!<\/p>\n","protected":false},"excerpt":{"rendered":"<p>Lelki nyugalmam \u00e9rdek\u00e9ben az elm\u00falt id\u0151szakban k\u00e9t rendk\u00edv\u00fcl hasznos szok\u00e1s alakult ki bennem: nem n\u00e9zem a k\u00e9pvisel\u0151-test\u00fclet \u00fcl\u00e9seit \u00e9s \u2013 sokakkal egyetemben \u2013 nem olvasom a helyi jobboldal k\u00f6zp\u00e9nzen fizetett rekl\u00e1m\u00fajs\u00e1gj\u00e1t. <a href=\"https:\/\/www.mszporoszlany.hu\/?p=2213\">Egy kattint\u00e1s ide a folytat\u00e1shoz&#8230;. <span class=\"meta-nav\">&rarr;<\/span><\/a><\/p>\n","protected":false},"author":35,"featured_media":0,"comment_status":"open","ping_status":"closed","sticky":false,"template":"","format":"standard","meta":{"footnotes":""},"categories":[194],"tags":[1432,1433,1436,1428,1431,1430,1435,298,1429,1434,105],"class_list":["post-2213","post","type-post","status-publish","format-standard","hentry","category-oroszlany","tag-60-millio-ember","tag-amerikai-csapatok","tag-beke-napja","tag-europa","tag-fasizmus","tag-felszabadulas","tag-gyozelem","tag-koszoruzas","tag-majus-9","tag-szovjet-csapatok","tag-uj-kethetes"],"_links":{"self":[{"href":"https:\/\/www.mszporoszlany.hu\/index.php?rest_route=\/wp\/v2\/posts\/2213","targetHints":{"allow":["GET"]}}],"collection":[{"href":"https:\/\/www.mszporoszlany.hu\/index.php?rest_route=\/wp\/v2\/posts"}],"about":[{"href":"https:\/\/www.mszporoszlany.hu\/index.php?rest_route=\/wp\/v2\/types\/post"}],"author":[{"embeddable":true,"href":"https:\/\/www.mszporoszlany.hu\/index.php?rest_route=\/wp\/v2\/users\/35"}],"replies":[{"embeddable":true,"href":"https:\/\/www.mszporoszlany.hu\/index.php?rest_route=%2Fwp%2Fv2%2Fcomments&post=2213"}],"version-history":[{"count":0,"href":"https:\/\/www.mszporoszlany.hu\/index.php?rest_route=\/wp\/v2\/posts\/2213\/revisions"}],"wp:attachment":[{"href":"https:\/\/www.mszporoszlany.hu\/index.php?rest_route=%2Fwp%2Fv2%2Fmedia&parent=2213"}],"wp:term":[{"taxonomy":"category","embeddable":true,"href":"https:\/\/www.mszporoszlany.hu\/index.php?rest_route=%2Fwp%2Fv2%2Fcategories&post=2213"},{"taxonomy":"post_tag","embeddable":true,"href":"https:\/\/www.mszporoszlany.hu\/index.php?rest_route=%2Fwp%2Fv2%2Ftags&post=2213"}],"curies":[{"name":"wp","href":"https:\/\/api.w.org\/{rel}","templated":true}]}}