{"id":2239,"date":"2013-06-05T06:21:19","date_gmt":"2013-06-05T05:21:19","guid":{"rendered":"http:\/\/www.mszporoszlany.hu\/?p=2239"},"modified":"2013-06-05T06:21:19","modified_gmt":"2013-06-05T05:21:19","slug":"coming-out","status":"publish","type":"post","link":"https:\/\/www.mszporoszlany.hu\/?p=2239","title":{"rendered":"Coming out!"},"content":{"rendered":"<p><img loading=\"lazy\" decoding=\"async\" class=\"alignleft size-full wp-image-2240\" alt=\"ComingOut\" src=\"https:\/\/www.mszporoszlany.hu\/wp-content\/uploads\/2013\/06\/ComingOut.png\" width=\"200\" height=\"120\" \/>Ahogy szokt\u00e1k mondani: Hopp egy coming out! &#8211; T\u00f6rt\u00e9nt ugyanis, hogy a v\u00e1ros (elm\u00e9letileg f\u00fcggetlen) lapj\u00e1ban az \u00daj K\u00e9thetesben, ami k\u00f6zp\u00e9nzb\u0151l a v\u00e1ros p\u00e9nz\u00e9b\u0151l jelenik meg, folyamatosan a helyi Fideszt propag\u00e1lj\u00e1k \u00e9s gyep\u00e1lj\u00e1k az ellenz\u00e9ket. Teszi ezt egy ex MI\u00c9P-es \u00fajs\u00e1g\u00edr\u00f3, Tak\u00e1cs K\u00e1roly megb\u00edz\u00e1s\u00e1b\u00f3l.<\/p>\n<p><!--more--><\/p>\n<p>Sz\u00f3v\u00e1 tette az ellenz\u00e9k a 2013. j\u00fanius 4. napi \u00fcl\u00e9s\u00e9n, hogy nem helyes az, ha k\u00f6zp\u00e9nzb\u0151l p\u00e1rtlapot jelentet meg a helyi Fidesz Oroszl\u00e1nyban, mire Tak\u00e1cs K\u00e1roly \u00e9s Orb\u00e1n k\u00e9pvisel\u0151 azt mondta, hogy van \u00edr\u00f3i szabads\u00e1g, \u00e9s \u0151k sem sz\u00f3ltak semmit, amikor az MSZP helyi lapj\u00e1ban jelentek meg cikkek r\u00f3luk.<\/p>\n<p>Van viszont egy k\u00fcl\u00f6nbs\u00e9g, egy hatalmas k\u00fcl\u00f6nbs\u00e9g. Am\u00edg az oroszl\u00e1nyi MSZP saj\u00e1t forr\u00e1sb\u00f3l jelenteti meg a kiadv\u00e1ny\u00e1t, ami nem titkoltan p\u00e1rtkiadv\u00e1ny, addig a helyi Fidesz a k\u00f6zp\u00e9nzen nyer\u00e9szkedik, f\u00fcggetlen v\u00e1rosi kiadv\u00e1nynak \u00e1lc\u00e1zva propaganda lapjukat, hozz\u00e1teszem meglehet\u0151sen ig\u00e9nytelen\u00fcl.<\/p>\n<p>Jeles nap a mai: az oroszl\u00e1nyi Fidesz elismerte, hogy k\u00f6zp\u00e9nzb\u0151l p\u00e1rtpropagand\u00e1t v\u00e9gez a v\u00e1rosban!<\/p>\n<p>M\u00e1r csak egy k\u00e9rd\u00e9s maradt: engedik ezt a v\u00e1ros polg\u00e1rai 2014 ut\u00e1n is???<\/p>\n","protected":false},"excerpt":{"rendered":"<p>Ahogy szokt\u00e1k mondani: Hopp egy coming out! &#8211; T\u00f6rt\u00e9nt ugyanis, hogy a v\u00e1ros (elm\u00e9letileg f\u00fcggetlen) lapj\u00e1ban az \u00daj K\u00e9thetesben, ami k\u00f6zp\u00e9nzb\u0151l a v\u00e1ros p\u00e9nz\u00e9b\u0151l jelenik meg, folyamatosan a helyi Fideszt propag\u00e1lj\u00e1k \u00e9s gyep\u00e1lj\u00e1k az ellenz\u00e9ket. Teszi ezt egy ex MI\u00c9P-es \u00fajs\u00e1g\u00edr\u00f3, Tak\u00e1cs K\u00e1roly megb\u00edz\u00e1s\u00e1b\u00f3l.<br \/>\n <a href=\"https:\/\/www.mszporoszlany.hu\/?p=2239\">Egy kattint\u00e1s ide a folytat\u00e1shoz&#8230;. <span class=\"meta-nav\">&rarr;<\/span><\/a><\/p>\n","protected":false},"author":35,"featured_media":0,"comment_status":"open","ping_status":"closed","sticky":false,"template":"","format":"standard","meta":{"footnotes":""},"categories":[194],"tags":[1451,60,320,1763,1452,9,105],"class_list":["post-2239","post","type-post","status-publish","format-standard","hentry","category-oroszlany","tag-ex-miep","tag-fidesz","tag-kozpenz","tag-mszp","tag-orban-kepviselo","tag-takacs-karoly","tag-uj-kethetes"],"_links":{"self":[{"href":"https:\/\/www.mszporoszlany.hu\/index.php?rest_route=\/wp\/v2\/posts\/2239","targetHints":{"allow":["GET"]}}],"collection":[{"href":"https:\/\/www.mszporoszlany.hu\/index.php?rest_route=\/wp\/v2\/posts"}],"about":[{"href":"https:\/\/www.mszporoszlany.hu\/index.php?rest_route=\/wp\/v2\/types\/post"}],"author":[{"embeddable":true,"href":"https:\/\/www.mszporoszlany.hu\/index.php?rest_route=\/wp\/v2\/users\/35"}],"replies":[{"embeddable":true,"href":"https:\/\/www.mszporoszlany.hu\/index.php?rest_route=%2Fwp%2Fv2%2Fcomments&post=2239"}],"version-history":[{"count":0,"href":"https:\/\/www.mszporoszlany.hu\/index.php?rest_route=\/wp\/v2\/posts\/2239\/revisions"}],"wp:attachment":[{"href":"https:\/\/www.mszporoszlany.hu\/index.php?rest_route=%2Fwp%2Fv2%2Fmedia&parent=2239"}],"wp:term":[{"taxonomy":"category","embeddable":true,"href":"https:\/\/www.mszporoszlany.hu\/index.php?rest_route=%2Fwp%2Fv2%2Fcategories&post=2239"},{"taxonomy":"post_tag","embeddable":true,"href":"https:\/\/www.mszporoszlany.hu\/index.php?rest_route=%2Fwp%2Fv2%2Ftags&post=2239"}],"curies":[{"name":"wp","href":"https:\/\/api.w.org\/{rel}","templated":true}]}}