{"id":2244,"date":"2013-06-20T05:51:29","date_gmt":"2013-06-20T04:51:29","guid":{"rendered":"http:\/\/www.mszporoszlany.hu\/?p=2244"},"modified":"2013-06-20T05:51:29","modified_gmt":"2013-06-20T04:51:29","slug":"bucsu-horn-gyulatol","status":"publish","type":"post","link":"https:\/\/www.mszporoszlany.hu\/?p=2244","title":{"rendered":"B\u00facs\u00fa Horn Gyul\u00e1t\u00f3l"},"content":{"rendered":"<p>M\u00e9ly megrend\u00fcl\u00e9ssel \u00e9rtes\u00fclt\u00fcnk az MSZP egyik alap\u00edt\u00f3j\u00e1nak, m\u00e1ig meghat\u00e1roz\u00f3 eln\u00f6k\u00e9nek, a Magyar K\u00f6zt\u00e1rsas\u00e1g volt minisztereln\u00f6k\u00e9nek hal\u00e1lh\u00edr\u00e9r\u0151l. Osztozunk a csal\u00e1d gy\u00e1sz\u00e1ban, nemcsak p\u00e1rttagjaink, hazai tisztel\u0151i, hanem a nemzetk\u00f6zi baloldali \u00e9rt\u00e9kk\u00f6z\u00f6ss\u00e9g nev\u00e9ben is.<\/p>\n<p><!--more--><\/p>\n<p>Horn Gyula \u00e9lete, munk\u00e1ss\u00e1ga tiszteletet \u00e9s elismer\u00e9st \u00e9rdemel itthon \u00e9s k\u00fclf\u00f6ld\u00f6n egyar\u00e1nt. Megk\u00e9rd\u0151jelezhetetlen hite haz\u00e1j\u00e1ban, bizalma az emberekben tette azz\u00e1 a maradand\u00f3 teljes\u00edtm\u00e9ny\u0171 politikuss\u00e1, aki t\u00f6rt\u00e9nelmi l\u00e9pt\u00e9kkel m\u00e9rhet\u0151 m\u00f3don j\u00e1rult hozz\u00e1 Magyarorsz\u00e1g felemelked\u00e9s\u00e9hez, nemzetk\u00f6zi elismerts\u00e9g\u00e9hez.<\/p>\n<p>Horn Gyula volt az a politikus, aki 1989. j\u00fanius 27-\u00e9n Alois Mock osztr\u00e1k k\u00fcl\u00fcgyminiszterrel \u00e1tv\u00e1gta a m\u0171szaki hat\u00e1rz\u00e1r egy darabj\u00e1t, amely a vasf\u00fcgg\u00f6ny elbont\u00e1s\u00e1nak jelk\u00e9p\u00e9v\u00e9 v\u00e1lt. Ismerts\u00e9get \u00e9s elismerts\u00e9get mindenek el\u0151tt a keletn\u00e9met menek\u00fcltek el\u0151tti 1989 szeptemberi hat\u00e1rnyit\u00e1s hozta meg sz\u00e1m\u00e1ra.<\/p>\n<p>M\u00falhatatlan \u00e9rdeme, hogy f\u00e1radhatatlan munk\u00e1val szervezte \u00fajj\u00e1 a hazai baloldalt, \u00e9p\u00edtette fel a Magyar Szocialista P\u00e1rtot. A teljes rem\u00e9nytelens\u00e9gb\u0151l jel\u00f6lte ki a magyar szocialist\u00e1k megker\u00fclhetetlen hely\u00e9t a hazai k\u00f6z\u00e9letben, amikor vezet\u00e9s\u00e9vel az MSZP 1994-ben abszol\u00fat t\u00f6bbs\u00e9get szerzett a Parlamentben.<\/p>\n<p>Minisztereln\u00f6kk\u00e9nt k\u00f6vetkezetesen f\u00e1radozott Magyarorsz\u00e1g demokratikus \u00e1talak\u00edt\u00e1s\u00e1n, haz\u00e1nk eur\u00f3pai integr\u00e1ci\u00f3j\u00e1n. Horn Gyula korm\u00e1nya r\u00e9gen l\u00e1tott zuhan\u00e1s ut\u00e1n fejl\u0151d\u00e9si p\u00e1ly\u00e1ra \u00e1ll\u00edtotta a magyar gazdas\u00e1got. Felel\u0151s nemzetpolitik\u00e1j\u00e1val rendezte viszonyunkat a szomsz\u00e9dos orsz\u00e1gokkal, ezzel seg\u00edtve a hat\u00e1ron t\u00fali magyars\u00e1g boldogul\u00e1s\u00e1t \u00e9s jogainak \u00e9rv\u00e9nyes\u00fcl\u00e9s\u00e9t.<\/p>\n<p>A Magyar Szocialista P\u00e1rt k\u00e9pvisel\u0151csoportja, a p\u00e1rt valamennyi test\u00fclete saj\u00e1t halottjak\u00e9nt b\u00facs\u00fazik Horn Gyul\u00e1t\u00f3l. \u00d6r\u00f6kre vel\u00fcnk marad eml\u00e9ke. Mindig eml\u00e9kezni fogunk Horn Gyul\u00e1ra, aki a m\u00e9lyr\u0151l j\u00f6tt ember kiv\u00e9teles \u00e9rz\u00e9k\u00e9vel ismerte a h\u00e9tk\u00f6znapi sorsokat, p\u00e9ld\u00e1s b\u00e1tors\u00e1ggal \u00e9s odaad\u00e1ssal tudott megk\u00fczdeni a lehetetlennek t\u0171n\u0151 kih\u00edv\u00e1sokkal.<\/p>\n<p>Mesterh\u00e1zy Attila<br \/>\np\u00e1rteln\u00f6k-frakci\u00f3vezet\u0151<\/p>\n","protected":false},"excerpt":{"rendered":"<p>M\u00e9ly megrend\u00fcl\u00e9ssel \u00e9rtes\u00fclt\u00fcnk az MSZP egyik alap\u00edt\u00f3j\u00e1nak, m\u00e1ig meghat\u00e1roz\u00f3 eln\u00f6k\u00e9nek, a Magyar K\u00f6zt\u00e1rsas\u00e1g volt minisztereln\u00f6k\u00e9nek hal\u00e1lh\u00edr\u00e9r\u0151l. Osztozunk a csal\u00e1d gy\u00e1sz\u00e1ban, nemcsak p\u00e1rttagjaink, hazai tisztel\u0151i, hanem a nemzetk\u00f6zi baloldali \u00e9rt\u00e9kk\u00f6z\u00f6ss\u00e9g nev\u00e9ben is. <a href=\"https:\/\/www.mszporoszlany.hu\/?p=2244\">Egy kattint\u00e1s ide a folytat\u00e1shoz&#8230;. <span class=\"meta-nav\">&rarr;<\/span><\/a><\/p>\n","protected":false},"author":35,"featured_media":0,"comment_status":"closed","ping_status":"closed","sticky":false,"template":"","format":"standard","meta":{"footnotes":""},"categories":[196,58],"tags":[1455,1454,1453,442,1763],"class_list":["post-2244","post","type-post","status-publish","format-standard","hentry","category-magyarorszag","category-mszp","tag-gyasz","tag-horn-gyula","tag-magyar-koztarsasag","tag-miniszterelnok","tag-mszp"],"_links":{"self":[{"href":"https:\/\/www.mszporoszlany.hu\/index.php?rest_route=\/wp\/v2\/posts\/2244","targetHints":{"allow":["GET"]}}],"collection":[{"href":"https:\/\/www.mszporoszlany.hu\/index.php?rest_route=\/wp\/v2\/posts"}],"about":[{"href":"https:\/\/www.mszporoszlany.hu\/index.php?rest_route=\/wp\/v2\/types\/post"}],"author":[{"embeddable":true,"href":"https:\/\/www.mszporoszlany.hu\/index.php?rest_route=\/wp\/v2\/users\/35"}],"replies":[{"embeddable":true,"href":"https:\/\/www.mszporoszlany.hu\/index.php?rest_route=%2Fwp%2Fv2%2Fcomments&post=2244"}],"version-history":[{"count":0,"href":"https:\/\/www.mszporoszlany.hu\/index.php?rest_route=\/wp\/v2\/posts\/2244\/revisions"}],"wp:attachment":[{"href":"https:\/\/www.mszporoszlany.hu\/index.php?rest_route=%2Fwp%2Fv2%2Fmedia&parent=2244"}],"wp:term":[{"taxonomy":"category","embeddable":true,"href":"https:\/\/www.mszporoszlany.hu\/index.php?rest_route=%2Fwp%2Fv2%2Fcategories&post=2244"},{"taxonomy":"post_tag","embeddable":true,"href":"https:\/\/www.mszporoszlany.hu\/index.php?rest_route=%2Fwp%2Fv2%2Ftags&post=2244"}],"curies":[{"name":"wp","href":"https:\/\/api.w.org\/{rel}","templated":true}]}}