{"id":225,"date":"2011-05-17T11:17:55","date_gmt":"2011-05-17T10:17:55","guid":{"rendered":"http:\/\/www.mszporoszlany.hu\/?p=225"},"modified":"2012-07-11T22:34:41","modified_gmt":"2012-07-11T21:34:41","slug":"meltanytalansag-volt-erdemi-valasz-nem","status":"publish","type":"post","link":"https:\/\/www.mszporoszlany.hu\/?p=225","title":{"rendered":"M\u00e9lt\u00e1nytalans\u00e1g volt, \u00e9rdemi v\u00e1lasz nem"},"content":{"rendered":"<p><img loading=\"lazy\" decoding=\"async\" class=\"alignleft size-full wp-image-226\" title=\"rendelo\" src=\"https:\/\/www.mszporoszlany.hu\/wp-content\/uploads\/2012\/03\/rendelo.jpg\" alt=\"\" width=\"200\" height=\"120\" \/>Ez engem a korai K\u00e1d\u00e1r id\u0151szak gyakorlat\u00e1ra eml\u00e9keztet \u2013 summ\u00e1zta a nyugd\u00edjba vonul\u00e1sa ok\u00e1n \u00e1t\u00e9lt folyamatot dr. M\u00e1tics Istv\u00e1n, a Rendel\u0151int\u00e9zet volt igazgat\u00f3 f\u0151orvosa.<\/p>\n<p><!--more--><\/p>\n<p>Mint azt a p\u00e9nz\u00fcgyi bizotts\u00e1g \u00fcl\u00e9s\u00e9n kifejtette, azzal, hogy a tervezett s\u00fcrg\u0151ss\u00e9gi k\u00f6zpont ter\u00fclet\u00e9n l\u00e9v\u0151 ingatlan lebont\u00e1s\u00e1t a Szakorvosi \u00e9s \u00c1pol\u00e1si Kft-nak kell kifizetnie nem \u00e9rt egyet, ugyanis ezzel megkezd\u0151d\u00f6tt a t\u00e1rsas\u00e1g vagyonveszt\u00e9se. De sz\u00f3lt arr\u00f3l is, hogy ut\u00f3dj\u00e1t p\u00e1ly\u00e1ztat\u00e1s n\u00e9lk\u00fcl nevezt\u00e9k ki, hogy a v\u00e1rosvezet\u00e9s nem tartotta be \u00edg\u00e9ret\u00e9t az egyszeri, \u00f6tmilli\u00f3s jutalom meg\u00edt\u00e9l\u00e9sekor, illetve a szolg\u00e1lati aut\u00f3 megv\u00e1s\u00e1rl\u00e1si lehet\u0151s\u00e9gekor. Ezek mind szerepeltek egy z\u00e1rt \u00fcl\u00e9s napirendj\u00e9n, majd egy h\u00e9tv\u00e9ge sor\u00e1n minden \u00edg\u00e9ret elsz\u00e1llt, mint a f\u00fcst. Az ilyenf\u00e9le elj\u00e1r\u00e1s a k\u00e9s\u0151 K\u00e1d\u00e1r id\u0151szakban sem volt elfogadhat\u00f3 \u2013 mondta dr. M\u00e1tics Istv\u00e1n.<\/p>\n<p>Az elhangzottakra Papp P\u00e9ter alpolg\u00e1rmester \u00edgy reag\u00e1lt: F\u0151orvos \u00far elment addig, hogy m\u00e1r majdnem \u0151 s\u00e9rtegette a jelenlegi v\u00e1rosvezet\u00e9st, de \u00e9n ennek ellen\u00e9re nem reag\u00e1lok itt ny\u00edlt sz\u00ednen, b\u00e1r nem val\u00f3sz\u00edn\u0171, hogy ez p\u00e9nz\u00fcgyi bizotts\u00e1gi k\u00e9rd\u00e9s. Hogy ki \u00e9lt a K\u00e1d\u00e1r rendszerben, ki nem, hogy ki volt az ut\u00f3dp\u00e1rtj\u00e1nak alap\u00edt\u00f3 tagja, de nem megyek bele ilyen csat\u00e1roz\u00e1sokba.<\/p>\n","protected":false},"excerpt":{"rendered":"<p>Ez engem a korai K\u00e1d\u00e1r id\u0151szak gyakorlat\u00e1ra eml\u00e9keztet \u2013 summ\u00e1zta a nyugd\u00edjba vonul\u00e1sa ok\u00e1n \u00e1t\u00e9lt folyamatot dr. M\u00e1rics Istv\u00e1n, a Rendel\u0151int\u00e9zet volt igazgat\u00f3 f\u0151orvosa. <a href=\"https:\/\/www.mszporoszlany.hu\/?p=225\">Egy kattint\u00e1s ide a folytat\u00e1shoz&#8230;. <span class=\"meta-nav\">&rarr;<\/span><\/a><\/p>\n","protected":false},"author":35,"featured_media":0,"comment_status":"open","ping_status":"closed","sticky":false,"template":"","format":"standard","meta":{"footnotes":""},"categories":[194],"tags":[125,56,126],"class_list":["post-225","post","type-post","status-publish","format-standard","hentry","category-oroszlany","tag-dr-matics-istvan","tag-papp-peter","tag-rendelointezet"],"_links":{"self":[{"href":"https:\/\/www.mszporoszlany.hu\/index.php?rest_route=\/wp\/v2\/posts\/225","targetHints":{"allow":["GET"]}}],"collection":[{"href":"https:\/\/www.mszporoszlany.hu\/index.php?rest_route=\/wp\/v2\/posts"}],"about":[{"href":"https:\/\/www.mszporoszlany.hu\/index.php?rest_route=\/wp\/v2\/types\/post"}],"author":[{"embeddable":true,"href":"https:\/\/www.mszporoszlany.hu\/index.php?rest_route=\/wp\/v2\/users\/35"}],"replies":[{"embeddable":true,"href":"https:\/\/www.mszporoszlany.hu\/index.php?rest_route=%2Fwp%2Fv2%2Fcomments&post=225"}],"version-history":[{"count":0,"href":"https:\/\/www.mszporoszlany.hu\/index.php?rest_route=\/wp\/v2\/posts\/225\/revisions"}],"wp:attachment":[{"href":"https:\/\/www.mszporoszlany.hu\/index.php?rest_route=%2Fwp%2Fv2%2Fmedia&parent=225"}],"wp:term":[{"taxonomy":"category","embeddable":true,"href":"https:\/\/www.mszporoszlany.hu\/index.php?rest_route=%2Fwp%2Fv2%2Fcategories&post=225"},{"taxonomy":"post_tag","embeddable":true,"href":"https:\/\/www.mszporoszlany.hu\/index.php?rest_route=%2Fwp%2Fv2%2Ftags&post=225"}],"curies":[{"name":"wp","href":"https:\/\/api.w.org\/{rel}","templated":true}]}}