{"id":2251,"date":"2013-06-26T15:02:57","date_gmt":"2013-06-26T14:02:57","guid":{"rendered":"http:\/\/www.mszporoszlany.hu\/?p=2251"},"modified":"2013-06-26T15:03:16","modified_gmt":"2013-06-26T14:03:16","slug":"reklam-helyett","status":"publish","type":"post","link":"https:\/\/www.mszporoszlany.hu\/?p=2251","title":{"rendered":"Rekl\u00e1m helyett"},"content":{"rendered":"<p><img loading=\"lazy\" decoding=\"async\" class=\"alignleft size-full wp-image-2252\" alt=\"Zenekar\" src=\"https:\/\/www.mszporoszlany.hu\/wp-content\/uploads\/2013\/06\/Zenekar.png\" width=\"200\" height=\"120\" \/>&#8222;<em>Oroszl\u00e1ny \u00d6nkorm\u00e1nyzata meg\u00e1llapod\u00e1st k\u00f6t a V\u00e9rtesi Er\u0151m\u0171vel a c\u00e9g tulajdon\u00e1ban l\u00e9v\u0151 B\u00e1ny\u00e1sz Klub hasznos\u00edt\u00e1s\u00e1r\u00f3l. A V\u00c9Rt ingyenes haszn\u00e1latba adja az ingatlant a v\u00e1rosnak, amely azt k\u00f6zm\u0171vel\u0151d\u00e9si c\u00e9lokra hasznos\u00edtja. Ide ker\u00fcl (vissza) a B\u00e1ny\u00e1sz Zenekar is. A programok fel\u00fcgyelet\u00e9t a K\u00f6lcsey M\u0171vel\u0151d\u00e9si K\u00f6zpont l\u00e1tja majd el. <\/em><em>Az \u00e1tad\u00e1s-\u00e1tv\u00e9teli elj\u00e1r\u00e1s el\u0151k\u00e9sz\u00edt\u00e9se j\u00fanius 25-\u00e9n megkezd\u0151d\u00f6tt. Az \u00e9p\u00fclet j\u00f3 \u00e1llapotban van, kisebb karbantart\u00e1s ut\u00e1n, v\u00e1rhat\u00f3an B\u00e1ny\u00e1sznapon ism\u00e9t megnyitja kapuj\u00e1t. A B\u00e1ny\u00e1sz Klubot 2000-ben, Tak\u00e1cs K\u00e1roly vez\u00e9rigazgat\u00f3s\u00e1ga alatt harmincmilli\u00f3 forint\u00e9rt \u00faj\u00edttatta fel az er\u0151m\u0171-v\u00e1llalat.<\/em>&#8221; \u2013 ennyi a sajt\u00f3h\u00edr, ami ak\u00e1r b\u00fcszkes\u00e9ggel is elt\u00f6ltheti minden v\u00e1rosi polg\u00e1r sz\u00edv\u00e9t: na ugye, gy\u0151z\u00f6tt a j\u00f3zan \u00e9sz!<\/p>\n<p><!--more--><\/p>\n<p>Hogy az\u00e9rt ez nem teljesen \u00edgy van, ahhoz kicsit vissza kell menni az id\u0151ben: Tak\u00e1cs K\u00e1roly polg\u00e1rmester 2011 febru\u00e1rj\u00e1ban, a k\u00e9pvisel\u0151-test\u00fclet k\u00f6lts\u00e9gvet\u00e9si vit\u00e1j\u00e1ban kijelentette: a neh\u00e9z helyzetbe ker\u00fclt B\u00e1ny\u00e1sz Klub rehabilit\u00e1l\u00e1s\u00e1t\u00f3l nem z\u00e1rk\u00f3zik el az \u00f6nkorm\u00e1nyzat (igaz, a k\u00f6lts\u00e9gvet\u00e9sben erre a c\u00e9lra egyetlen fill\u00e9rt sem k\u00fcl\u00f6n\u00edtettek el). \u00cdgy nem is csoda, hogy 2011 nyar\u00e1n bez\u00e1rt az \u00e9p\u00fclet, az ott dolgoz\u00f3 civil szervezeteket, m\u0171v\u00e9szeti csoportokat sz\u00e9tsz\u00f3rt\u00e1k \u2013 a B\u00e1ny\u00e1sz Zenekart \u00e9ppen a borb\u00e1lai k\u00f6z\u00f6ss\u00e9gi h\u00e1zba -, majd mind aki j\u00f3l v\u00e9gezte dolg\u00e1t, v\u00e1rosvezet\u0151ink h\u00e1trad\u0151ltek a karossz\u00e9kben, s k\u00f6zben eltelt k\u00e9t \u00e9v.<\/p>\n<p>S ha valaki azt gondoln\u00e1, hogy most hirtelen fel\u00e9bredt a lelkiismeret\u00fck, az hatalmasat t\u00e9ved. Egy \u00e1ltalunk is k\u00f6zz\u00e9tett botr\u00e1ny k\u00e9nyszer\u00edtette a fideszes fi\u00fakat, hogy nagyon gyorsan megold\u00e1st keressenek egy, \u00e1ltaluk gener\u00e1lt \u00fajabb gondra.<\/p>\n<p>K\u00e9sz t\u00e9nyek el\u00e9 \u00e1ll\u00edtott\u00e1k az Oroszl\u00e1nyi B\u00e1ny\u00e1sz Koncert Fesztiv\u00e1l F\u00fav\u00f3s Zenekart id\u00e9n m\u00e1jusban. A v\u00e1ros ugyanis 138 milli\u00f3s &#8222;integr\u00e1ci\u00f3s&#8221; p\u00e1ly\u00e1zatot nyert, melynek sor\u00e1n a szegreg\u00e1lt \u00f6vezetben \u00e9l\u0151k kultur\u00e1lis k\u00f6zpontot, oktat\u00e1si centrumot kapnak. Ennek r\u00e9sze a Ny\u00edres d\u0171l\u0151ben kialak\u00edtott szolg\u00e1ltat\u00f3 h\u00e1z, s lesz r\u00e9sze a v\u00e1ros fel\u00e9 f\u00e9l\u00faton elhelyezked\u0151 k\u00e9pz\u00e9si \u00e9s szabadid\u0151s int\u00e9zm\u00e9ny. Ut\u00f3bbi helysz\u00edn\u00e9\u00fcl a p\u00e1ly\u00e1zatban &#8211; meggondolatlans\u00e1gb\u00f3l vagy t\u00e9vesen &#8211; a borb\u00e1lai k\u00f6z\u00f6ss\u00e9gi h\u00e1zat jel\u00f6lt\u00e9k ki, melyet m\u00e1sf\u00e9l \u00e9vvel ezel\u0151tt az \u00f6nkorm\u00e1nyzat fel\u00faj\u00edttatott \u00e9s felaj\u00e1nlott pr\u00f3bateremk\u00e9nt az akkor szorult helyzetben l\u00e9v\u0151 zenekarnak. Azt a k\u00f6z\u00f6ss\u00e9gi h\u00e1zat, ahonnan a d\u00f6nt\u00e9s k\u00f6vetkezt\u00e9ben most ism\u00e9t k\u00f6lt\u00f6zni\u00fck kell, azonban a v\u00e1ros nem tudott alkalmas termet biztos\u00edtani sz\u00e1munkra. Ezt a zenekar k\u00f6zz\u00e9tette Facebook oldal\u00e1n, s j\u00f6tt a hatalmas felh\u00f6rd\u00fcl\u00e9s. Hirtelen marh\u00e1ra fontos lett a B\u00e1ny\u00e1sz Klub, aminek megnyit\u00e1sa \u00e9rdek\u00e9ben most semmi sem dr\u00e1ga.<\/p>\n<p>Tulajdonk\u00e9ppen ezzel v\u00e9ge is lehetne e kis visszaeml\u00e9kez\u00e9snek, de a sajt\u00f3anyag m\u00e1sodik bekezd\u00e9se nem mulasztja el megeml\u00edteni, hogy 2000-ben 30 milli\u00f3\u00e9rt lett fel\u00faj\u00edtva, s ki volt akkor a tulajdonos V\u00c9RT vez\u00e9re? Tak\u00e1cs K\u00e1roly. Most m\u00e1r csak azt tegy\u00fck ehhez a tot\u00e1lisan ide nem tartoz\u00f3 kis h\u00e1zi rekl\u00e1mhoz, hogy: K\u00d6ZP\u00c9NZEN!<\/p>\n","protected":false},"excerpt":{"rendered":"<p>&#8222;Oroszl\u00e1ny \u00d6nkorm\u00e1nyzata meg\u00e1llapod\u00e1st k\u00f6t a V\u00e9rtesi Er\u0151m\u0171vel a c\u00e9g tulajdon\u00e1ban l\u00e9v\u0151 B\u00e1ny\u00e1sz Klub hasznos\u00edt\u00e1s\u00e1r\u00f3l. A V\u00c9Rt ingyenes haszn\u00e1latba adja az ingatlant a v\u00e1rosnak, amely azt k\u00f6zm\u0171vel\u0151d\u00e9si c\u00e9lokra hasznos\u00edtja. Ide ker\u00fcl (vissza) a B\u00e1ny\u00e1sz Zenekar is. A programok fel\u00fcgyelet\u00e9t a K\u00f6lcsey M\u0171vel\u0151d\u00e9si K\u00f6zpont l\u00e1tja majd el.<br \/>\nAz \u00e1tad\u00e1s-\u00e1tv\u00e9teli elj\u00e1r\u00e1s el\u0151k\u00e9sz\u00edt\u00e9se j\u00fanius 25-\u00e9n megkezd\u0151d\u00f6tt. Az \u00e9p\u00fclet j\u00f3 \u00e1llapotban van, kisebb karbantart\u00e1s ut\u00e1n, v\u00e1rhat\u00f3an B\u00e1ny\u00e1sznapon ism\u00e9t megnyitja kapuj\u00e1t. A B\u00e1ny\u00e1sz Klubot 2000-ben, Tak\u00e1cs K\u00e1roly vez\u00e9rigazgat\u00f3s\u00e1ga alatt harmincmilli\u00f3 forint\u00e9rt \u00faj\u00edttatta fel az er\u0151m\u0171-v\u00e1llalat.&#8221; \u2013 ennyi a sajt\u00f3h\u00edr, ami ak\u00e1r b\u00fcszkes\u00e9ggel is elt\u00f6ltheti minden v\u00e1rosi polg\u00e1r sz\u00edv\u00e9t: na ugye, gy\u0151z\u00f6tt a j\u00f3zan \u00e9sz! <a href=\"https:\/\/www.mszporoszlany.hu\/?p=2251\">Egy kattint\u00e1s ide a folytat\u00e1shoz&#8230;. <span class=\"meta-nav\">&rarr;<\/span><\/a><\/p>\n","protected":false},"author":35,"featured_media":0,"comment_status":"open","ping_status":"closed","sticky":false,"template":"","format":"standard","meta":{"footnotes":""},"categories":[194],"tags":[46,1424,266,1460,1459,1420,9,110],"class_list":["post-2251","post","type-post","status-publish","format-standard","hentry","category-oroszlany","tag-banyasz-klub","tag-borbalai-kozossegi-haz","tag-facebook","tag-kolcsey-muvelodesi-kozpont","tag-oroszlany-onkormanyzata","tag-oroszlanyi-banyasz-koncert-fesztival-fuvos-zenekar","tag-takacs-karoly","tag-vertesi-eromu-zrt"],"_links":{"self":[{"href":"https:\/\/www.mszporoszlany.hu\/index.php?rest_route=\/wp\/v2\/posts\/2251","targetHints":{"allow":["GET"]}}],"collection":[{"href":"https:\/\/www.mszporoszlany.hu\/index.php?rest_route=\/wp\/v2\/posts"}],"about":[{"href":"https:\/\/www.mszporoszlany.hu\/index.php?rest_route=\/wp\/v2\/types\/post"}],"author":[{"embeddable":true,"href":"https:\/\/www.mszporoszlany.hu\/index.php?rest_route=\/wp\/v2\/users\/35"}],"replies":[{"embeddable":true,"href":"https:\/\/www.mszporoszlany.hu\/index.php?rest_route=%2Fwp%2Fv2%2Fcomments&post=2251"}],"version-history":[{"count":0,"href":"https:\/\/www.mszporoszlany.hu\/index.php?rest_route=\/wp\/v2\/posts\/2251\/revisions"}],"wp:attachment":[{"href":"https:\/\/www.mszporoszlany.hu\/index.php?rest_route=%2Fwp%2Fv2%2Fmedia&parent=2251"}],"wp:term":[{"taxonomy":"category","embeddable":true,"href":"https:\/\/www.mszporoszlany.hu\/index.php?rest_route=%2Fwp%2Fv2%2Fcategories&post=2251"},{"taxonomy":"post_tag","embeddable":true,"href":"https:\/\/www.mszporoszlany.hu\/index.php?rest_route=%2Fwp%2Fv2%2Ftags&post=2251"}],"curies":[{"name":"wp","href":"https:\/\/api.w.org\/{rel}","templated":true}]}}