{"id":2265,"date":"2013-07-03T09:03:03","date_gmt":"2013-07-03T08:03:03","guid":{"rendered":"http:\/\/www.mszporoszlany.hu\/?p=2265"},"modified":"2013-07-03T09:03:37","modified_gmt":"2013-07-03T08:03:37","slug":"mit-gondolnak-errol","status":"publish","type":"post","link":"https:\/\/www.mszporoszlany.hu\/?p=2265","title":{"rendered":"Mit gondolnak err\u0151l&#8230;"},"content":{"rendered":"<p><img loading=\"lazy\" decoding=\"async\" class=\"alignleft size-full wp-image-2266\" alt=\"MitGondol\" src=\"https:\/\/www.mszporoszlany.hu\/wp-content\/uploads\/2013\/07\/MitGondol.png\" width=\"200\" height=\"120\" \/>Az Eur\u00f3pa Parlamentben elhangzott, hogy Orb\u00e1n sikeres konzervat\u00edv politik\u00e1ja eredm\u00e9nyek\u00e9nt Magyarorsz\u00e1g ma jobban teljes\u00edt.<\/p>\n<p>De mit gondolnak err\u0151l&#8230;<\/p>\n<p><!--more--><\/p>\n<ul>\n<li>a trafikosok, akik 20 \u00e9v ut\u00e1n m\u00e1sb\u00f3l k\u00e9nytelenek meg\u00e9lni?<\/li>\n<li>a tan\u00e1rok, orvosok, akik 40 \u00e9v szakmai m\u00falt ut\u00e1n k\u00e9nytelenek voltak v\u00e1lasztani a jogos nyugd\u00edj \u00e9s a fizet\u00e9s k\u00f6z\u00f6tt?<\/li>\n<li>azok, akik nem tudnak tov\u00e1bb gazd\u00e1lkodni a f\u00f6ldeken, mert valamelyik Fideszes kiskir\u00e1ly nyerte el t\u0151l\u00fck?<\/li>\n<li>azok, akiknek fel kell majd sz\u00e1molni az \u00e1llattart\u00f3 telepeiket, mivel nem lesz el\u00e9g f\u00f6ld, amin megtermelj\u00e9k a takarm\u00e1nyt?<\/li>\n<li>azok, akik az\u00e9rt nem jelentkeztek egyetemre, mert nem tudt\u00e1k volna kifizetni a tand\u00edjat, vagy nem akart\u00e1k \u00e9let\u00fcket ad\u00f3ss\u00e1ggal kezdeni?<\/li>\n<li>a rokkantak, akik (ak\u00e1r f\u00e9l k\u00e9zzel is) munkak\u00e9pesnek lettek nyilv\u00e1n\u00edtva?<\/li>\n<li>a k\u00f6zmunk\u00e1sok, akik meg tudnak \u00e9lni havi 47 ezer forintb\u00f3l?<\/li>\n<li>azok az \u00e9p\u00edt\u0151ipari c\u00e9gek, akik a K\u00f6zg\u00e9ppel szemben estek ki a p\u00e1ly\u00e1zatokb\u00f3l?<\/li>\n<li>azok a csal\u00e1dok, ahol a gyerekek nem kapnak minden nap meleg \u00e9telt?<\/li>\n<li>azok a sz\u00fcl\u0151k, akiknek egy h\u00f3nappal el\u0151re be kellett fizetni a tank\u00f6nyvek \u00e1r\u00e1t?<\/li>\n<li>azok, akiknek egyre dr\u00e1g\u00e1bb a munk\u00e1ba jut\u00e1s aut\u00f3val, miut\u00e1n 700 milli\u00f3\u00e9rt megvette az \u00e1llam a MOL-t?<\/li>\n<li>azok, akiknek elvette a korm\u00e1ny 12 \u00e9vnyi megtakar\u00edt\u00e1s\u00e1t, majd m\u00e1sf\u00e9l \u00e9v alatt elverte?<\/li>\n<li>azok a fiatalok, akik a diploma k\u00e9zhezv\u00e9tele ut\u00e1n nem mehetnek el dolgozni az orsz\u00e1gb\u00f3l, ha lesz munka itthon, ha nem?<\/li>\n<li>azok a tan\u00e1rok, akik a 2010 \u00f3ta t\u00f6bb t\u00edzezer forinttal keresnek kevesebbet t\u00f6bb munk\u00e1\u00e9rt?<\/li>\n<li>azok a 16 \u00e9vesek, akik nem \u00fclhetnek be iskolapadba, mert m\u00e1r nem tank\u00f6telesek?<\/li>\n<\/ul>\n<p>Vajon \u0151k mit gondolnak a sikeres konzervat\u00edv kereszt\u00e9ny politik\u00e1r\u00f3l? Szerint\u00fck is sikeres a II. Orb\u00e1n korm\u00e1ny? Szerint\u00fck is j\u00f3 ir\u00e1nyba mennek a dolgok Magyarorsz\u00e1gon?<\/p>\n<p>\u0150k is azt mondan\u00e1k, hogy hajr\u00e1 Magyarorsz\u00e1g!?<\/p>\n","protected":false},"excerpt":{"rendered":"<p>Az Eur\u00f3pa Parlamentben elhangzott, hogy Orb\u00e1n sikeres konzervat\u00edv politik\u00e1ja eredm\u00e9nyek\u00e9nt Magyarorsz\u00e1g ma jobban teljes\u00edt. <a href=\"https:\/\/www.mszporoszlany.hu\/?p=2265\">Egy kattint\u00e1s ide a folytat\u00e1shoz&#8230;. <span class=\"meta-nav\">&rarr;<\/span><\/a><\/p>\n","protected":false},"author":35,"featured_media":0,"comment_status":"open","ping_status":"closed","sticky":false,"template":"","format":"standard","meta":{"footnotes":""},"categories":[696,196],"tags":[1467,1470,1469,1463,1473,1466,1471,946,1468,1766,317,1439,127,996,1465,1150,1472,1464],"class_list":["post-2265","post","type-post","status-publish","format-standard","hentry","category-eu-parlament","category-magyarorszag","tag-allattarto","tag-csalad","tag-epitoipari-ceg","tag-europa-parlament","tag-fiatal","tag-gazdalkodo","tag-gyerek","tag-kozgep","tag-kozmunkas","tag-magyarorszag","tag-orban-viktor","tag-orvos","tag-rokkant","tag-szulo","tag-tanar","tag-tandij","tag-tankonyv","tag-trafikos"],"_links":{"self":[{"href":"https:\/\/www.mszporoszlany.hu\/index.php?rest_route=\/wp\/v2\/posts\/2265","targetHints":{"allow":["GET"]}}],"collection":[{"href":"https:\/\/www.mszporoszlany.hu\/index.php?rest_route=\/wp\/v2\/posts"}],"about":[{"href":"https:\/\/www.mszporoszlany.hu\/index.php?rest_route=\/wp\/v2\/types\/post"}],"author":[{"embeddable":true,"href":"https:\/\/www.mszporoszlany.hu\/index.php?rest_route=\/wp\/v2\/users\/35"}],"replies":[{"embeddable":true,"href":"https:\/\/www.mszporoszlany.hu\/index.php?rest_route=%2Fwp%2Fv2%2Fcomments&post=2265"}],"version-history":[{"count":0,"href":"https:\/\/www.mszporoszlany.hu\/index.php?rest_route=\/wp\/v2\/posts\/2265\/revisions"}],"wp:attachment":[{"href":"https:\/\/www.mszporoszlany.hu\/index.php?rest_route=%2Fwp%2Fv2%2Fmedia&parent=2265"}],"wp:term":[{"taxonomy":"category","embeddable":true,"href":"https:\/\/www.mszporoszlany.hu\/index.php?rest_route=%2Fwp%2Fv2%2Fcategories&post=2265"},{"taxonomy":"post_tag","embeddable":true,"href":"https:\/\/www.mszporoszlany.hu\/index.php?rest_route=%2Fwp%2Fv2%2Ftags&post=2265"}],"curies":[{"name":"wp","href":"https:\/\/api.w.org\/{rel}","templated":true}]}}