{"id":2271,"date":"2013-07-08T05:50:38","date_gmt":"2013-07-08T04:50:38","guid":{"rendered":"http:\/\/www.mszporoszlany.hu\/?p=2271"},"modified":"2013-07-08T05:50:38","modified_gmt":"2013-07-08T04:50:38","slug":"befutenek-nekunk","status":"publish","type":"post","link":"https:\/\/www.mszporoszlany.hu\/?p=2271","title":{"rendered":"Bef\u0171tenek nek\u00fcnk\u2026"},"content":{"rendered":"<p><img loading=\"lazy\" decoding=\"async\" class=\"alignleft size-full wp-image-2272\" alt=\"Befutottek\" src=\"https:\/\/www.mszporoszlany.hu\/wp-content\/uploads\/2013\/07\/Befutottek.png\" width=\"200\" height=\"120\" \/>Hol volt, hol nem volt, volt egyszer egy v\u00e1ros, ahol a t\u00e1vf\u0171t\u00e9s \u00e1rai orsz\u00e1gosan is a legkedvez\u0151bbek k\u00f6z\u00e9 tartoztak. Ezt a v\u00e1rost Oroszl\u00e1nynak h\u00edvt\u00e1k. Azonban nagy vesz\u00e9ly fenyegette a telep\u00fcl\u00e9st: le\u00e9p\u00fclt a b\u00e1ny\u00e1szat, aminek k\u00f6sz\u00f6nhette l\u00e9t\u00e9t, ezrek meg\u00e9lhet\u00e9s\u00e9t, s vele egy\u00fctt vesz\u00e9lybe ker\u00fclt a V\u00e9rtesi Er\u0151m\u0171 m\u0171k\u00f6d\u00e9se is. A v\u00e1rosvezet\u00e9snek gondoskodnia kellett a t\u00e1vf\u0171t\u00e9sr\u0151l, m\u00e9g akkor is, ha hossz\u00fa t\u00e1v\u00fa szerz\u0151d\u00e9se volt Oroszl\u00e1nynak az er\u0151m\u0171vel. Ez ugyanis 2020-ban lej\u00e1r.<\/p>\n<p><!--more--><\/p>\n<p>Az Oroszl\u00e1nyi Szolg\u00e1ltat\u00f3 Zrt-re h\u00e1rult a feladat, hogy m\u00e9rje fel \u00e9s dolgozza ki a lehet\u0151s\u00e9geket. A szakemberek neki is \u00e1lltak, s 2010 szeptember\u00e9ben a k\u00e9pvisel\u0151-test\u00fclet el\u00e9 t\u00e1rt\u00e1k a lehet\u0151s\u00e9geket, milyen f\u0171t\u0151m\u0171vet lehetne haszn\u00e1lni a j\u00f6v\u0151ben:<\/p>\n<ul>\n<li>A f\u0171t\u0151m\u0171 f\u00f6ldg\u00e1zt\u00fczel\u00e9s\u0171 forr\u00f3v\u00edz kaz\u00e1nokkal m\u0171k\u00f6dik. Ennek a beruh\u00e1z\u00e1si k\u00f6lts\u00e9ge a legalacsonyabb, \u00fczemeltet\u00e9si k\u00f6lts\u00e9ge azonban a legmagasabb;<\/li>\n<li>A f\u0171t\u0151m\u0171 f\u00f6ldg\u00e1z \u00fczem\u0171 g\u00e1zmotorral \u00e9s biomassza-t\u00fczel\u00e9s\u0171 forr\u00f3v\u00edz kaz\u00e1nokkal m\u0171k\u00f6dik. Ennek beruh\u00e1z\u00e1si k\u00f6lts\u00e9g a legdr\u00e1g\u00e1bb, \u00fczemeltet\u00e9si k\u00f6lts\u00e9ge csaknem azonos az el\u0151z\u0151 vari\u00e1ci\u00f3val;<\/li>\n<li>A f\u0171t\u0151m\u0171 csak biomassza t\u00fczel\u00e9s\u0171 forr\u00f3v\u00edz kaz\u00e1nokkal m\u0171k\u00f6dik, beruh\u00e1z\u00e1si k\u00f6lts\u00e9ge a k\u00e9t el\u0151z\u0151 vari\u00e1ci\u00f3 k\u00f6z\u00f6tt helyezkedik el, \u00fczemeltet\u00e9si k\u00f6lts\u00e9ge viszont a legolcs\u00f3bb.<\/li>\n<\/ul>\n<p>Az eredm\u00e9nyek alapj\u00e1n egy\u00e9rtelm\u0171 volt, hogy a K\u00e9pvisel\u0151-test\u00fcleti megb\u00edz\u00e1st k\u00f6vet\u0151en az Oroszl\u00e1nyi Szolg\u00e1ltat\u00f3 Zrt a megval\u00f3s\u00edthat\u00f3s\u00e1gi tanulm\u00e1nyt a harmadik vari\u00e1ci\u00f3 megval\u00f3s\u00edthat\u00f3s\u00e1g\u00e1ra vonatkoz\u00f3an k\u00e9sz\u00edttette el.<\/p>\n<p>Teh\u00e1t, mint olvashat\u00f3, k\u00f6zel h\u00e1rom \u00e9vvel ezel\u0151tt(!) m\u00e1r kiforrott elk\u00e9pzel\u00e9ssel kezd\u0151dhetett volna a felk\u00e9sz\u00fcl\u00e9s, amit csak egyetlen dolog akad\u00e1lyozott meg: a v\u00e1laszt\u00f3k lev\u00e1ltott\u00e1k az addigi v\u00e1rosvezet\u00e9st, s 2010 okt\u00f3ber\u00e9ben \u00faj id\u0151szak kezd\u0151d\u00f6tt Oroszl\u00e1ny \u00e9let\u00e9ben. (Ez m\u00e9g akkor is igaz, ha t\u00e1rgyilagosan meg\u00e1llap\u00edtjuk, hogy ezt az el\u0151terjeszt\u00e9st az akkori Fidesz frakci\u00f3 is t\u00e1mogatta!)<\/p>\n<p>A jobboldali v\u00e1rosvezet\u00e9s fel\u00e1ll\u00e1s\u00e1val azonban a &#8222;semmi sem j\u00f3, ami eddig volt&#8221; jegy\u00e9ben minden gombot \u00fajra akartak gombolni a kab\u00e1ton. \u00cdgy \u2013hi\u00e1ba volt egy biomassza f\u0171t\u0151er\u0151m\u0171 m\u00e9g kedvez\u0151bb aj\u00e1nlata is az \u00d6nkorm\u00e1nyzat asztal\u00e1n, s\u0151t a befektet\u0151 is a BHD ZRt szem\u00e9ly\u00e9ben, hi\u00e1ba adott a c\u00e9g nagyszer\u0171 aj\u00e1nlatot az \u00fczemeltet\u00e9sre\u2013 a politika fel\u00fcl\u00edrta az \u00e9sz\u00e9rveket, meg a szocialista &#8222;\u00e1rm\u00e1nykod\u00e1st&#8221;.<\/p>\n<p>Az\u00f3ta eltelt k\u00e9t \u00e9s f\u00e9l \u00e9v, Tak\u00e1cs K\u00e1roly polg\u00e1rmester elaut\u00f3zott t\u00f6bb t\u00edzezer kilom\u00e9tert, sokmilli\u00f3 forintot \u2013 a semmi\u00e9rt, ugyanis nem t\u00f6rt\u00e9nt \u00e9rdemi el\u0151rel\u00e9p\u00e9s. Azaz, dehogynem! B\u0151 f\u00e9l \u00e9ve a polg\u00e1rmester azt nyilatkozta az MTI-nek: <em>Oroszl\u00e1ny \u00f6nkorm\u00e1nyzata t\u00e1mogatja a Magyar Villamos M\u0171vek (MVM) mintegy h\u00e9tmilli\u00e1rd forintos beruh\u00e1z\u00e1s\u00e1t, amely a 2014-ben le\u00e1ll\u00edtani tervezett V\u00e9rtesi Er\u0151m\u0171 telephely\u00e9n biomassza alap\u00fa f\u0171t\u0151er\u0151m\u0171vel oldan\u00e1 meg a v\u00e1ros 4 ezer 300 lak\u00e1s\u00e1nak \u00e9s ipari parkj\u00e1nak t\u00e1vf\u0171t\u00e9s\u00e9t.<\/em><\/p>\n<p>Visszajutottak teh\u00e1t oda, ahonnan 2010-ben indult az eg\u00e9sz t\u00f6rt\u00e9net, amit a 2013. j\u00fanius 2-\u00e1n t\u00e1rgyalt el\u0151terjeszt\u00e9s is bizony\u00edt: &#8222;<em>Siker\u00fclt el\u00e9rn\u00fcnk, hogy ne g\u00e1zb\u00e1zis\u00fa legyen az \u00faj f\u0171t\u0151m\u0171, hanem biomassza alap\u00fa. Ez az\u00e9rt volt l\u00e9nyeges k\u00e9rd\u00e9s, mert a g\u00e1zos f\u0171t\u0151m\u0171 meg\u00e9p\u00edt\u00e9se l\u00e9nyegesen olcs\u00f3bb, viszont a m\u0171k\u00f6dtet\u00e9se dr\u00e1g\u00e1bb, \u00edgy a h\u0151termel\u0151i k\u00f6lts\u00e9gek magasabbak. Ennek eredm\u00e9nyek\u00e9nt a konkr\u00e9t tervez\u00e9s m\u00e1r egy biomassza t\u00fczel\u00e9s\u0171 f\u0171t\u0151m\u0171 V\u00e9rt telephely\u00e9n t\u00f6rt\u00e9n\u0151 megval\u00f3s\u00edt\u00e1s\u00e1ra indult meg. \u2026\u2026\u2026 Fontos megjegyezni, hogy a t\u00e1rgyal\u00e1sok megkezd\u00e9se \u00f3ta l\u00e9nyeges jogszab\u00e1lyi v\u00e1ltoz\u00e1sok t\u00f6rt\u00e9ntek a t\u00e1vh\u0151szolg\u00e1ltat\u00e1sban, melynek egyik d\u00f6nt\u0151 eleme, hogy az \u00e1rhat\u00f3s\u00e1gi jogk\u00f6r m\u00e1r nem az \u00f6nkorm\u00e1nyzatok kez\u00e9ben van, hanem a nemzeti fejleszt\u00e9si miniszter lett a jogk\u00f6r gyakorl\u00f3ja. A t\u00e1vh\u0151szolg\u00e1ltat\u00e1s k\u00f6r\u00fclm\u00e9nyeit alapvet\u0151en befoly\u00e1sol\u00f3 m\u00e1sik k\u00e9t v\u00e1ltoz\u00e1s, hogy a Magyar Energia Hivatal (MEH) rendeletalkot\u00e1sra jogosult szervezett\u00e9 v\u00e1lt, valamint a Korm\u00e1ny rezsics\u00f6kkent\u00e9si kezdem\u00e9nyez\u00e9se \u00e9rintette a t\u00e1vh\u0151 szektort is.<\/em>\u201d<\/p>\n<p>Sz\u00f3val akkor: happy and! Azonban annyit jegyezz\u00fcnk meg, hogy a 2010-es beruh\u00e1z\u00e1s 4,5 milli\u00e1rdj\u00e1hoz k\u00e9pest a beker\u00fcl\u00e9si k\u00f6lts\u00e9g m\u00e1r k\u00f6zel 6,5 milli\u00e1rd, ami mell\u00e9 a v\u00e1rosnak kell fel\u00faj\u00edttatnia 1 milli\u00e1rd\u00e9rt(!) a t\u00e1vh\u0151vezet\u00e9keket, majd 2020. december 31-\u00e9n 4,6 milli\u00e1rd\u00e9rt \u00e1t kell venn\u00fcnk a rendszert. Mib\u0151l? \u00c9s mennyi lesz az \u00e9ves b\u00e9rleti, haszn\u00e1lati d\u00edj, amir\u0151l sz\u00f3 sem esik az el\u0151terjeszt\u00e9sben? \u00c9s ki fogja, milyen m\u00f3don \u00fczemeltetni, \u00e9s m\u00e9g sorolhatn\u00e1nk a k\u00e9rd\u00e9sek tucatjait, amikre jelenleg v\u00e1lasz nincs. Mennyi lesz a f\u0171t\u00e9s \u00e1ra?!<\/p>\n<p>V\u00e9g\u00fcl pedig \u2013ha m\u00e1r az el\u0151terjeszt\u00e9s is ezzel b\u00fcszk\u00e9lkedik\u2013 essen sz\u00f3 a nevezetes rezsics\u00f6kkent\u00e9sr\u0151l. Hozz\u00e1\u00e9rt\u0151 szakemberek egy\u00f6ntet\u0171 v\u00e9lem\u00e9nye, hogy minden szolg\u00e1ltat\u00e1snak \u00e1ra van, legyen az cip\u0151talpal\u00e1s, hajny\u00edr\u00e1s, vagy t\u00e1vh\u0151szolg\u00e1ltat\u00e1s. Ez az \u00e1r kell, hogy tartalmazza az alapanyagok, a felhaszn\u00e1lt berendez\u00e9sek, a b\u00e9r, az esetleges banki k\u00f6lcs\u00f6n t\u00f6rleszt\u00e9s\u00e9nek, a rezsik\u00f6lts\u00e9geknek az ar\u00e1nyos r\u00e9sz\u00e9t. Eset\u00fcnkben ez a termel\u0151i \u00e1r. Amennyiben a szolg\u00e1ltat\u00e1s bev\u00e9tele nem fedezi ezt a k\u00f6lts\u00e9get, azt valahonnan p\u00f3tolni kell!<\/p>\n<p>Kevesen tudj\u00e1k, hogy a rezsics\u00f6kkent\u00e9s az Oroszl\u00e1nyi Szolg\u00e1ltat\u00f3 Zrt-nek t\u00f6bb mint sz\u00e1zmilli\u00f3s bev\u00e9tel kies\u00e9st okozott. Ezt azonban megkapta. Hogy kit\u0151l? Az \u00e1llamt\u00f3l, azaz az ad\u00f3fizet\u0151kt\u0151l, akik telefonad\u00f3, csekkad\u00f3, tranzakci\u00f3s illet\u00e9k \u2013\u00e9s m\u00e9g sorolhatn\u00e1nk\u2026\u2013 form\u00e1j\u00e1ban fizetik ezt meg. Azok is, akik nem is haszn\u00e1lnak t\u00e1vh\u0151t! Sz\u00f3val senki se gondolja, hogy a rezsics\u00f6kkent\u00e9st nem \u0151 fizeti meg, mert az \u2013mint az \u00edr\u00e1s kezd\u0151dik\u2013 mese.<\/p>\n<p>S maradjon egy kis hab a tort\u00e1ra. A k\u00e9pvisel\u0151k j\u00fanius 28-\u00e1n, p\u00e9nteken ismerhett\u00e9k meg a t\u00e1vf\u0171t\u00e9s j\u00f6v\u0151j\u00e9r\u0151l sz\u00f3l\u00f3 el\u0151terjeszt\u00e9st. N\u00e9gy nap alatt kellett felel\u0151s v\u00e9lem\u00e9nyt form\u00e1lniuk egy sokmilli\u00e1rdos, sok ismeretlenes tervr\u0151l, ami 2035-ig k\u00f6telezi el a v\u00e1rost. A jobboldali frakci\u00f3 szemrebben\u00e9s n\u00e9lk\u00fcl elfogadta azt, hiszen ez a Nemzeti Egy\u00fcttm\u0171k\u00f6d\u00e9s Rendszere!<\/p>\n","protected":false},"excerpt":{"rendered":"<p>Hol volt, hol nem volt, volt egyszer egy v\u00e1ros, ahol a t\u00e1vf\u0171t\u00e9s \u00e1rai orsz\u00e1gosan is a legkedvez\u0151bbek k\u00f6z\u00e9 tartoztak. Ezt a v\u00e1rost Oroszl\u00e1nynak h\u00edvt\u00e1k. Azonban nagy vesz\u00e9ly fenyegette a telep\u00fcl\u00e9st: le\u00e9p\u00fclt a b\u00e1ny\u00e1szat, aminek k\u00f6sz\u00f6nhette l\u00e9t\u00e9t, ezrek meg\u00e9lhet\u00e9s\u00e9t, s vele egy\u00fctt vesz\u00e9lybe ker\u00fclt a V\u00e9rtesi Er\u0151m\u0171 m\u0171k\u00f6d\u00e9se is. A v\u00e1rosvezet\u00e9snek gondoskodnia kellett a t\u00e1vf\u0171t\u00e9sr\u0151l, m\u00e9g akkor is, ha hossz\u00fa t\u00e1v\u00fa szerz\u0151d\u00e9se volt Oroszl\u00e1nynak az er\u0151m\u0171vel. Ez ugyanis 2020-ban lej\u00e1r. <a href=\"https:\/\/www.mszporoszlany.hu\/?p=2271\">Egy kattint\u00e1s ide a folytat\u00e1shoz&#8230;. <span class=\"meta-nav\">&rarr;<\/span><\/a><\/p>\n","protected":false},"author":35,"featured_media":0,"comment_status":"open","ping_status":"closed","sticky":false,"template":"","format":"standard","meta":{"footnotes":""},"categories":[194],"tags":[1484,1485,1483,1482,1481,1475,1478,1479,1477,1476,839,15,1480,184,1764,131,1364,9,1474,110],"class_list":["post-2271","post","type-post","status-publish","format-standard","hentry","category-oroszlany","tag-1484","tag-1485","tag-1483","tag-4-6-milliard","tag-6-5-milliard","tag-banyaszat","tag-befekteto","tag-bhd-zrt","tag-biomassza-tuzeles","tag-foldgaztuzeles","tag-kepviselo-testulet","tag-kormany","tag-magyar-villamos-muvek","tag-nemzeti-egyuttmukodes-rendszere","tag-oroszlany","tag-oroszlanyi-szolgaltato-zrt","tag-rezsicsokkentes","tag-takacs-karoly","tag-tavfutes","tag-vertesi-eromu-zrt"],"_links":{"self":[{"href":"https:\/\/www.mszporoszlany.hu\/index.php?rest_route=\/wp\/v2\/posts\/2271","targetHints":{"allow":["GET"]}}],"collection":[{"href":"https:\/\/www.mszporoszlany.hu\/index.php?rest_route=\/wp\/v2\/posts"}],"about":[{"href":"https:\/\/www.mszporoszlany.hu\/index.php?rest_route=\/wp\/v2\/types\/post"}],"author":[{"embeddable":true,"href":"https:\/\/www.mszporoszlany.hu\/index.php?rest_route=\/wp\/v2\/users\/35"}],"replies":[{"embeddable":true,"href":"https:\/\/www.mszporoszlany.hu\/index.php?rest_route=%2Fwp%2Fv2%2Fcomments&post=2271"}],"version-history":[{"count":0,"href":"https:\/\/www.mszporoszlany.hu\/index.php?rest_route=\/wp\/v2\/posts\/2271\/revisions"}],"wp:attachment":[{"href":"https:\/\/www.mszporoszlany.hu\/index.php?rest_route=%2Fwp%2Fv2%2Fmedia&parent=2271"}],"wp:term":[{"taxonomy":"category","embeddable":true,"href":"https:\/\/www.mszporoszlany.hu\/index.php?rest_route=%2Fwp%2Fv2%2Fcategories&post=2271"},{"taxonomy":"post_tag","embeddable":true,"href":"https:\/\/www.mszporoszlany.hu\/index.php?rest_route=%2Fwp%2Fv2%2Ftags&post=2271"}],"curies":[{"name":"wp","href":"https:\/\/api.w.org\/{rel}","templated":true}]}}