{"id":2275,"date":"2013-07-08T17:23:01","date_gmt":"2013-07-08T16:23:01","guid":{"rendered":"http:\/\/www.mszporoszlany.hu\/?p=2275"},"modified":"2013-07-08T17:23:01","modified_gmt":"2013-07-08T16:23:01","slug":"beremeles-felesben-szigoritasok-egeszben","status":"publish","type":"post","link":"https:\/\/www.mszporoszlany.hu\/?p=2275","title":{"rendered":"B\u00e9remel\u00e9s felesben, szigor\u00edt\u00e1sok eg\u00e9szben"},"content":{"rendered":"<p><img loading=\"lazy\" decoding=\"async\" class=\"alignleft size-full wp-image-2276\" alt=\"Eletpalya\" src=\"https:\/\/www.mszporoszlany.hu\/wp-content\/uploads\/2013\/07\/Eletpalya.png\" width=\"200\" height=\"120\" \/>Minden b\u00e9remel\u00e9snek helye \u00e9s ideje van a k\u00f6zoktat\u00e1sban. Az elm\u00falt h\u00e1rom \u00e9vben csak az\u00e9rt m\u0171k\u00f6d\u00f6tt m\u00e9g a k\u00f6zoktat\u00e1s ebben a k\u00e1oszban, mert a pedag\u00f3gusok felel\u0151ss\u00e9gteljesen, minden neh\u00e9zs\u00e9g \u00e9s k\u00f6vetkezetlens\u00e9g ellen\u00e9re teszik a dolgukat.<\/p>\n<p><!--more--><\/p>\n<p>A pedag\u00f3gus \u00e9letp\u00e1lyamodellr\u0151l szinte megalakul\u00e1sa \u00f3ta besz\u00e9l az oktat\u00e1si korm\u00e1nyzat. K\u00fcl\u00f6nf\u00e9le id\u0151pontokra \u00edg\u00e9rtek m\u00e1r b\u00e9remel\u00e9st, min\u0151s\u00e9gbiztos\u00edt\u00e1st, a b\u00e9remel\u00e9s felt\u00e9telrendszer\u00e9t, \u00e1tl\u00e1that\u00f3 felt\u00e9teleket.<\/p>\n<p>A most bejelentett szeptemberi \u201df\u00e9lb\u00e9remel\u00e9s\u201d \u00fajabb \u00e1llom\u00e1s az \u00edg\u00e9retsorban. Neh\u00e9z lenne tagadni, hogy a kamp\u00e1ny \u00e9s a v\u00e1laszt\u00e1sok k\u00f6zeledt\u00e9vel a korm\u00e1ny g\u00f6rcs\u00f6sen keresi a megold\u00e1st, hogy miel\u0151bb a b\u00e9remel\u00e9s l\u00e1tszat\u00e1t kelthesse. Val\u00f3j\u00e1ban azonban csak annak t\u00f6red\u00e9k\u00e9t adj\u00e1k vissza a pedag\u00f3gusoknak, amit az elm\u00falt h\u00e1rom \u00e9vben elvettek t\u0151l\u00fck. Sok ezer tan\u00e1rt ugyanis kor\u00e1bban a cafet\u00e9ria-rendszer megsz\u00fcntet\u00e9s\u00e9vel s\u00falyos t\u00edzezrekkel r\u00f6vid\u00edtettek meg. Azt a p\u00e9nzt, amit most az emel\u00e9sre mozg\u00f3s\u00edtanak az elm\u00falt \u00e9vekben sokszorosan elvett\u00e9k elbocs\u00e1t\u00e1sokkal, a mindent dr\u00e1g\u00edt\u00f3 27%-os \u00e1f\u00e1val, a minden tranzakci\u00f3ra kivetett sarccal, de az \u00faj \u00e9s megemelt ad\u00f3k sokas\u00e1g\u00e1val is.<\/p>\n<p>A mostani bejelent\u00e9sb\u0151l az sem der\u00fclt ki, hogy ha csak a b\u00e9remel\u00e9s fel\u00e9t \u00e1ll\u00edtja el\u0151 a korm\u00e1ny, akkor a t\u00f6rv\u00e9ny \u00e1ltal el\u0151\u00edrt szeptemberben bevezet\u00e9sre ker\u00fcl\u0151 t\u00f6bblet munkatehernek is csak a fel\u00e9t vezetik-e be, vagy a t\u00f6bb ledolgozand\u00f3 \u00f3ra \u00e9s a t\u00f6bbi teher marad az eredeti. Mindezen t\u00fal pedig m\u00e1s probl\u00e9m\u00e1k sokasodnak: megoldatlan a kor\u00e1bban j\u00f3l m\u0171k\u00f6d\u0151 ny\u00e1ri t\u00e1borok \u00e9s gyermekelhelyez\u00e9s helyzete, a k\u00f6z\u00e9tkeztet\u00e9s v\u00e1ls\u00e1gban, a tank\u00f6nyvell\u00e1t\u00e1sban m\u00e1r most zavarok mutatkoznak, a tank\u00f6nyvek \u00e1ra az \u00edg\u00e9retek ellen\u00e9re nem cs\u00f6kkent, a sz\u00fcl\u0151knek viszont egy h\u00f3nappal kor\u00e1bban kell fizetni\u00fck, mint az elm\u00falt \u00e9vekben.<\/p>\n<p>A \u201df\u00e9lb\u00e9remel\u00e9s\u201d a h\u00e1rom \u00e9v \u00edg\u00e9rget\u00e9se ut\u00e1n az utols\u00f3 pillanatban bedobott kapkod\u00e1s, amivel a korm\u00e1ny az elm\u00falt \u00e9vek k\u00e1osz\u00e1t \u00e9s hiteget\u00e9s\u00e9t pr\u00f3b\u00e1lja valamelyest ellens\u00falyozni.<\/p>\n<p>2014-t\u0151l az MSZP igazs\u00e1gos, fenntarthat\u00f3, \u00e9s minden pedag\u00f3gust egyenl\u0151k\u00e9nt kezel\u0151 oktat\u00e1si rendszert vezet be. Az MSZP sz\u00e1m\u00e1ra az oktat\u00e1s nem csak szavakban priorit\u00e1s: a korm\u00e1nyz\u00e1s meghat\u00e1roz\u00f3, k\u00f6zponti elem\u00e9v\u00e9 tessz\u00fck az oktat\u00e1s vil\u00e1g\u00e1t.<\/p>\n<p>Kunhalmi \u00c1gnes<br \/>\nHiller Istv\u00e1n<\/p>\n","protected":false},"excerpt":{"rendered":"<p>Minden b\u00e9remel\u00e9snek helye \u00e9s ideje van a k\u00f6zoktat\u00e1sban. Az elm\u00falt h\u00e1rom \u00e9vben csak az\u00e9rt m\u0171k\u00f6d\u00f6tt m\u00e9g a k\u00f6zoktat\u00e1s ebben a k\u00e1oszban, mert a pedag\u00f3gusok felel\u0151ss\u00e9gteljesen, minden neh\u00e9zs\u00e9g \u00e9s k\u00f6vetkezetlens\u00e9g ellen\u00e9re teszik a dolgukat. <a href=\"https:\/\/www.mszporoszlany.hu\/?p=2275\">Egy kattint\u00e1s ide a folytat\u00e1shoz&#8230;. <span class=\"meta-nav\">&rarr;<\/span><\/a><\/p>\n","protected":false},"author":35,"featured_media":0,"comment_status":"open","ping_status":"closed","sticky":false,"template":"","format":"standard","meta":{"footnotes":""},"categories":[196],"tags":[1493,1486,1492,19,1490,1036,1488,1487,1491,342,1489,1494,325],"class_list":["post-2275","post","type-post","status-publish","format-standard","hentry","category-magyarorszag","tag-27-os-afa","tag-beremeles","tag-cafeteria","tag-elbocsatas","tag-igeretek","tag-kampany","tag-kaosz","tag-kozoktatas","tag-minosegbiztositas","tag-pedagogus","tag-pedagogus-eletpalya","tag-tranzakcios-sarcok","tag-valasztas"],"_links":{"self":[{"href":"https:\/\/www.mszporoszlany.hu\/index.php?rest_route=\/wp\/v2\/posts\/2275","targetHints":{"allow":["GET"]}}],"collection":[{"href":"https:\/\/www.mszporoszlany.hu\/index.php?rest_route=\/wp\/v2\/posts"}],"about":[{"href":"https:\/\/www.mszporoszlany.hu\/index.php?rest_route=\/wp\/v2\/types\/post"}],"author":[{"embeddable":true,"href":"https:\/\/www.mszporoszlany.hu\/index.php?rest_route=\/wp\/v2\/users\/35"}],"replies":[{"embeddable":true,"href":"https:\/\/www.mszporoszlany.hu\/index.php?rest_route=%2Fwp%2Fv2%2Fcomments&post=2275"}],"version-history":[{"count":0,"href":"https:\/\/www.mszporoszlany.hu\/index.php?rest_route=\/wp\/v2\/posts\/2275\/revisions"}],"wp:attachment":[{"href":"https:\/\/www.mszporoszlany.hu\/index.php?rest_route=%2Fwp%2Fv2%2Fmedia&parent=2275"}],"wp:term":[{"taxonomy":"category","embeddable":true,"href":"https:\/\/www.mszporoszlany.hu\/index.php?rest_route=%2Fwp%2Fv2%2Fcategories&post=2275"},{"taxonomy":"post_tag","embeddable":true,"href":"https:\/\/www.mszporoszlany.hu\/index.php?rest_route=%2Fwp%2Fv2%2Ftags&post=2275"}],"curies":[{"name":"wp","href":"https:\/\/api.w.org\/{rel}","templated":true}]}}