{"id":2279,"date":"2013-07-10T09:57:19","date_gmt":"2013-07-10T08:57:19","guid":{"rendered":"http:\/\/www.mszporoszlany.hu\/?p=2279"},"modified":"2013-07-10T09:57:19","modified_gmt":"2013-07-10T08:57:19","slug":"oroszlany-nem-kapott-hitelt","status":"publish","type":"post","link":"https:\/\/www.mszporoszlany.hu\/?p=2279","title":{"rendered":"Oroszl\u00e1ny nem kapott hitelt"},"content":{"rendered":"<p><img loading=\"lazy\" decoding=\"async\" class=\"alignleft size-full wp-image-2280\" alt=\"RemondisHitel\" src=\"https:\/\/www.mszporoszlany.hu\/wp-content\/uploads\/2013\/07\/RemondisHitel.png\" width=\"200\" height=\"120\" \/>Az oroszl\u00e1nyi \u00f6nkorm\u00e1nyzat nem kapott a korm\u00e1nyenged\u00e9lynek megfelel\u0151 hitelt a bankokt\u00f3l, ez\u00e9rt nem tudja megv\u00e1s\u00e1rolni a hullad\u00e9kkezel\u00e9st v\u00e9gz\u0151 Remondis Oroszl\u00e1ny Zrt. 75 sz\u00e1zal\u00e9kos tulajdonr\u00e9sz\u00e9t, \u00edgy bizonytalan, hogy janu\u00e1r elsej\u00e9t\u0151l ki v\u00e9gzi a szolg\u00e1ltat\u00e1st a t\u00e9rs\u00e9gben &#8211; mondta el a v\u00e1ros polg\u00e1rmestere az MTI-nek kedden.<\/p>\n<p><!--more--><\/p>\n<p>Tak\u00e1cs K\u00e1roly (Fidesz-KDNP) t\u00e1j\u00e9koztat\u00e1sa szerint a v\u00e1ros 576 milli\u00f3 forint hitelre \u00edrt ki k\u00f6zbeszerz\u00e9st, azonban t\u00f6bbsz\u00f6ri hosszabb\u00edt\u00e1s ut\u00e1n sem kaptak olyan aj\u00e1nlatot, amely megfelelt volna a korm\u00e1ny hitelfelv\u00e9teli enged\u00e9ly\u00e9nek. A n\u00e9met tulajdonosokkal k\u00f6t\u00f6tt szerz\u0151d\u00e9s szerint j\u00falius 31-ig kellene v\u00e9grehajtani a r\u00e9szv\u00e9nycser\u00e9t, ellenkez\u0151 esetben a szerz\u0151d\u00e9s \u00e9rv\u00e9ny\u00e9t veszti.<\/p>\n<p>A polg\u00e1rmester az MTI k\u00e9rd\u00e9s\u00e9re elmondta, a t\u00f6rv\u00e9nyek szerint a c\u00e9g jelenlegi form\u00e1j\u00e1ban csak 2013 v\u00e9g\u00e9ig szolg\u00e1ltathat, tov\u00e1bb\u00e1 a helyzetet s\u00falyosb\u00edtja, hogy a dep\u00f3 betelt, oda m\u00e1r csak n\u00e9h\u00e1ny h\u00f3napig helyezhet\u0151 el a hullad\u00e9k. Ha a szolg\u00e1ltat\u00e1st v\u00e9gz\u0151 c\u00e9g nem \u00f6nkorm\u00e1nyzati vagy \u00e1llami tulajdon\u00fa, k\u00f6zbeszerz\u00e9st kell ki\u00edrni, amelyn\u00e9l el\u0151fordulhat, hogy hi\u00e1ba van Oroszl\u00e1nynak hullad\u00e9kkezel\u00e9si c\u00e9ge, m\u00e1s nyeri el a szerz\u0151d\u00e9st &#8211; ismertette Tak\u00e1cs K\u00e1roly.<\/p>\n<p>A k\u00f6zbeszerz\u00e9s ki\u00edr\u00e1s\u00e1nak jog\u00e1t Oroszl\u00e1ny \u00e1tadta a K\u00f6z\u00e9p-Duna Vid\u00e9ke Hullad\u00e9kgazd\u00e1lkod\u00e1si \u00d6nkorm\u00e1nyzati T\u00e1rsul\u00e1snak, azonban a szervezet m\u0171k\u00f6d\u0151k\u00e9pess\u00e9ge k\u00e9rd\u00e9ses, mert eddig k\u00e9t hat\u00e1rozatk\u00e9ptelen k\u00f6zgy\u0171l\u00e9st tartottak. Az \u00f6nkorm\u00e1nyzat ez\u00e9rt most szak\u00e9rt\u0151k bevon\u00e1s\u00e1val keresi a helyzet megold\u00e1s\u00e1t &#8211; tette hozz\u00e1 Oroszl\u00e1ny vezet\u0151je.<\/p>\n<p>A Remondis Oroszl\u00e1ny Zrt. vezet\u00e9se a kialakult helyzetben nem k\u00edv\u00e1nt nyilatkozni. Az MTI inform\u00e1ci\u00f3i szerint \u00fczemeltet\u0151k\u00e9nt 2011 november\u00e9ben elind\u00edtott\u00e1k a dep\u00f3 b\u0151v\u00edt\u00e9s\u00e9nek enged\u00e9lyeztet\u00e9s\u00e9t. Ezt els\u0151 fokon elutas\u00edtott\u00e1k, a m\u00e1sodfok\u00fa elj\u00e1r\u00e1sban pedig m\u00e9g nem kaptak v\u00e1laszt. A t\u00e1rsas\u00e1g gy\u0171jti \u00f6ssze Oroszl\u00e1ny, Tata \u00e9s 13 falu hullad\u00e9k\u00e1t, mintegy 65 ezer embernek biztos\u00edtanak szolg\u00e1ltat\u00e1st, illetve egy m\u00e1sik szolg\u00e1ltat\u00f3n kereszt\u00fcl az oroszl\u00e1nyi lerak\u00f3ba ker\u00fcl a bakonyaljai t\u00e9rs\u00e9g 15 ezer lak\u00f3j\u00e1nak hullad\u00e9ka.<\/p>\n","protected":false},"excerpt":{"rendered":"<p>Az oroszl\u00e1nyi \u00f6nkorm\u00e1nyzat nem kapott a korm\u00e1nyenged\u00e9lynek megfelel\u0151 hitelt a bankokt\u00f3l, ez\u00e9rt nem tudja megv\u00e1s\u00e1rolni a hullad\u00e9kkezel\u00e9st v\u00e9gz\u0151 Remondis Oroszl\u00e1ny Zrt. 75 sz\u00e1zal\u00e9kos tulajdonr\u00e9sz\u00e9t, \u00edgy bizonytalan, hogy janu\u00e1r elsej\u00e9t\u0151l ki v\u00e9gzi a szolg\u00e1ltat\u00e1st a t\u00e9rs\u00e9gben &#8211; mondta el a v\u00e1ros polg\u00e1rmestere az MTI-nek kedden. <a href=\"https:\/\/www.mszporoszlany.hu\/?p=2279\">Egy kattint\u00e1s ide a folytat\u00e1shoz&#8230;. <span class=\"meta-nav\">&rarr;<\/span><\/a><\/p>\n","protected":false},"author":35,"featured_media":0,"comment_status":"open","ping_status":"closed","sticky":false,"template":"","format":"standard","meta":{"footnotes":""},"categories":[200,195,194],"tags":[151,83,1495,1497,240,1764,1496,9],"class_list":["post-2279","post","type-post","status-publish","format-standard","hentry","category-kisterseg","category-komarom-esztergom-megye","category-oroszlany","tag-fidesz-kdnp","tag-hitel","tag-hulladekgazdalkodas","tag-kozep-duna-videke-hulladekgazdalkodasi-onkormanyzati-tarsulas","tag-mti","tag-oroszlany","tag-remondis-oroszlany-zrt","tag-takacs-karoly"],"_links":{"self":[{"href":"https:\/\/www.mszporoszlany.hu\/index.php?rest_route=\/wp\/v2\/posts\/2279","targetHints":{"allow":["GET"]}}],"collection":[{"href":"https:\/\/www.mszporoszlany.hu\/index.php?rest_route=\/wp\/v2\/posts"}],"about":[{"href":"https:\/\/www.mszporoszlany.hu\/index.php?rest_route=\/wp\/v2\/types\/post"}],"author":[{"embeddable":true,"href":"https:\/\/www.mszporoszlany.hu\/index.php?rest_route=\/wp\/v2\/users\/35"}],"replies":[{"embeddable":true,"href":"https:\/\/www.mszporoszlany.hu\/index.php?rest_route=%2Fwp%2Fv2%2Fcomments&post=2279"}],"version-history":[{"count":0,"href":"https:\/\/www.mszporoszlany.hu\/index.php?rest_route=\/wp\/v2\/posts\/2279\/revisions"}],"wp:attachment":[{"href":"https:\/\/www.mszporoszlany.hu\/index.php?rest_route=%2Fwp%2Fv2%2Fmedia&parent=2279"}],"wp:term":[{"taxonomy":"category","embeddable":true,"href":"https:\/\/www.mszporoszlany.hu\/index.php?rest_route=%2Fwp%2Fv2%2Fcategories&post=2279"},{"taxonomy":"post_tag","embeddable":true,"href":"https:\/\/www.mszporoszlany.hu\/index.php?rest_route=%2Fwp%2Fv2%2Ftags&post=2279"}],"curies":[{"name":"wp","href":"https:\/\/api.w.org\/{rel}","templated":true}]}}