{"id":2283,"date":"2013-07-10T16:54:55","date_gmt":"2013-07-10T15:54:55","guid":{"rendered":"http:\/\/www.mszporoszlany.hu\/?p=2283"},"modified":"2013-07-10T16:54:55","modified_gmt":"2013-07-10T15:54:55","slug":"ugrott-a-remondis","status":"publish","type":"post","link":"https:\/\/www.mszporoszlany.hu\/?p=2283","title":{"rendered":"Ugrott a Remondis?!"},"content":{"rendered":"<p><img loading=\"lazy\" decoding=\"async\" class=\"alignleft size-full wp-image-2094\" alt=\"Remondis\" src=\"https:\/\/www.mszporoszlany.hu\/wp-content\/uploads\/2013\/03\/Remondis.jpg\" width=\"200\" height=\"120\" \/>Balh\u00e9 van a v\u00e1rosh\u00e1z\u00e1n, nem kicsi, nagy! Minden jel szerint meghi\u00fasult a \u2013f\u0171t\u0151m\u0171ves d\u00f6nt\u00e9shez hasonl\u00f3an egy\u00e9bk\u00e9nt teljesen el\u0151k\u00e9sz\u00edtetlen, minden hat\u00e1stanulm\u00e1ny, egyeztet\u00e9s \u00e9s \u00e9rt\u00e9kbecsl\u00e9s n\u00e9lk\u00fcl elhat\u00e1rozott\u2013 Remondis r\u00e9szv\u00e9nyv\u00e1s\u00e1rl\u00e1s.<\/p>\n<p><!--more--><\/p>\n<p>M\u00e9g \u00e1prilisban d\u00f6nt\u00f6tte el a k\u00e9pvisel\u0151-test\u00fclet fideszes t\u00f6bbs\u00e9ge, hogy 576 milli\u00f3 forint\u00e9rt megveszi az els\u0151sorban hullad\u00e9kkezel\u00e9ssel, de v\u00e1rosgazd\u00e1lkod\u00e1si feladatokkal is foglalkoz\u00f3 n\u00e9met c\u00e9g r\u00e9szv\u00e9nyeinek 75%-\u00e1t \u2013 az \u00faj hullad\u00e9kt\u00f6rv\u00e9ny alapj\u00e1n ugyanis 2014-t\u0151l csak t\u00f6bbs\u00e9gi \u00e1llami-\u00f6nkorm\u00e1nyzati c\u00e9g v\u00e9gezhet hullad\u00e9kszolg\u00e1ltat\u00e1st. Azonban j\u00falius 1-t\u0151l \u00fagy szigorodott a t\u00f6rv\u00e9ny, hogy 100%-ban kell \u00e1llaminak, vagy \u00f6nkorm\u00e1nyzatinak lennie a tev\u00e9kenys\u00e9get v\u00e9gz\u0151 v\u00e1llalkoz\u00e1snak. Azaz a v\u00e1ros \u00e1ldhatja a szerencs\u00e9j\u00e9t, hogy az \u00fczletet nem siker\u00fclt ny\u00e9lbe \u00fctni, hiszen az \u00f6sszesen 83%-os saj\u00e1t \u00e9s v\u00e1s\u00e1rland\u00f3 tulajdonnal sem menn\u00e9nk semmire.<\/p>\n<p>Szakemberek, \u00e9s a c\u00e9g nyilv\u00e1nos m\u00e9rlegadatai szerint a Remondis Oroszl\u00e1ny Zrt teljes tulajdonjog\u00e1nak val\u00f3di \u00e9rt\u00e9ke sem k\u00f6zel\u00edti meg a f\u00e9lmilli\u00e1rd feletti \u00f6sszeget, nemhogy a v\u00e1rosvezet\u00e9s \u00e1ltal megvenni k\u00edv\u00e1nt 75%-a! Ugyanis az eszk\u00f6zein \u00e9s az ingatlan\u00e1n k\u00edv\u00fcl m\u00e1s, a v\u00e1ros sz\u00e1m\u00e1ra \u00e9rt\u00e9kes dologgal elvileg nem rendelkezik. Egy c\u00e9g \u00e9rt\u00e9k\u00e9t a vagyon\u00e1n k\u00edv\u00fcl sz\u00e1mos egy\u00e9b dolog, p\u00e9ld\u00e1ul a tev\u00e9kenys\u00e9gre vonatkoz\u00f3 jogosults\u00e1gai, a piaca, a hossz\u00fa t\u00e1v\u00fa \u00fczleti lehet\u0151s\u00e9gei stb. adj\u00e1k. A c\u00e9gnek azonban mindezek k\u00f6z\u00fcl j\u00f6v\u0151re semmije sem lesz, hiszen a t\u00f6rv\u00e9nyi v\u00e1ltoz\u00e1sok miatt ezt a tev\u00e9kenys\u00e9get a j\u00f6v\u0151ben \u00fagysem folytathatn\u00e1, \u00edgy a piac\u00e1t sem kell t\u0151le megvenni. R\u00e1ad\u00e1sul tov\u00e1bbi \u00e9rt\u00e9kcs\u00f6kkent\u0151 t\u00e9nyez\u0151, hogy a hullad\u00e9kkezel\u00e9si tev\u00e9kenys\u00e9get j\u00f6v\u0151 \u00e9vt\u0151l kezdve csak nonprofit jelleggel lehet v\u00e9gezni, \u00edgy egy\u00e1ltal\u00e1n nem mondhat\u00f3 bomba\u00fczletnek sem, \u00e9s a v\u00e9teli \u00e1rat sem lehet majd kitermelni bel\u0151le. Ugyanakkor a rossz nyelvek szerint a v\u00e1llalat k\u00f6rny\u00e9k\u00e9n megkezd\u0151d\u00f6tt a bennfentes \u00fczletel\u00e9s a dolgoz\u00f3i r\u00e9szv\u00e9nyekkel.<\/p>\n<p>A Remondis eszk\u00f6z\u00e1llom\u00e1ny\u00e1nak t\u00e9nyleges \u00e1llapot\u00e1r\u00f3l \u00e9s \u00e9rt\u00e9k\u00e9r\u0151l fogalmunk sincsen, hiszen azt a v\u00e1s\u00e1rl\u00e1s el\u0151tt senki nem m\u00e9rte fel. Tekintettel arra, hogy a Remondis tulajdonosai m\u00e1r 2011 k\u00f6zepe \u00f3ta tudj\u00e1k, hogy 2014-t\u0151l nem folytathatj\u00e1k a tev\u00e9kenys\u00e9g\u00fcket, nehezen elk\u00e9pzelhet\u0151, hogy az elm\u00falt k\u00e9t \u00e9vben a minim\u00e1lisan sz\u00fcks\u00e9gesn\u00e9l t\u00f6bbet k\u00f6lt\u00f6ttek volna karbantart\u00e1sra, fejleszt\u00e9sre. Erre k\u00f6vetkeztethet\u00fcnk abb\u00f3l is, hogy a kor\u00e1bbi \u00e9vek gyakorlat\u00e1val ellent\u00e9tben az elm\u00falt k\u00e9t \u00fczleti \u00e9vben a c\u00e9g m\u00e1r nem k\u00e9pezett eredm\u00e9nytartal\u00e9kot, a 2011-es \u00e9s a 2012-es \u00e9v teljes eredm\u00e9ny\u00e9t osztal\u00e9kk\u00e9nt kifizett\u00e9k a tulajdonosoknak.<\/p>\n<p>Mindezek mellett a Remondis telephelye sz\u00e1munkra \u00e9rt\u00e9ktelen. A v\u00e1ros t\u00f6bb hasznos\u00edtatlan \u00f6nkorm\u00e1nyzati \u00e9p\u00fclettel, ter\u00fclettel rendelkezik, ahol a szem\u00e9tsz\u00e1ll\u00edt\u00f3 aut\u00f3kat, park- \u00e9s \u00fatkatbarbantart\u00f3 g\u00e9peket t\u00e1rolni lehetne, illetve a dolgoz\u00f3k szoci\u00e1lis blokkjait ki lehetne alak\u00edtani (p\u00e9ld\u00e1ul sporttelep volt stadion \u00e9p\u00fclete, \u00e9s az el\u0151tte elter\u00fcl\u0151 hatalmas hasznos\u00edtatlan ter\u00fclet), a jelenlegi &#8222;szem\u00e9ttelep&#8221; pedig eleve a v\u00e1ros tulajdona.<\/p>\n<p>\u00c9p \u00e9sszel vil\u00e1gosan l\u00e1that\u00f3, hogy Oroszl\u00e1nynak ebben a form\u00e1ban semmi sz\u00fcks\u00e9ge nincs a t\u00e1rsas\u00e1gra, mert a hullad\u00e9kelsz\u00e1ll\u00edt\u00e1shoz \u00e9s kezel\u00e9shez sz\u00fcks\u00e9ges eszk\u00f6z\u00f6ket a v\u00e1ros, illetve a v\u00e1ros saj\u00e1t c\u00e9ge (OSz Zrt) a fenti \u00e1rn\u00e1l j\u00f3val olcs\u00f3bban be tudn\u00e1 szerezni, ak\u00e1r \u00fajonnan is.<\/p>\n<p>Ami miatt m\u00e9gis egyezs\u00e9gre kellene jutni a Remondis Oroszl\u00e1ny Zrt tulajdonosaival, az nem m\u00e1s, mint a tev\u00e9kenys\u00e9ghez sz\u00fcks\u00e9ges enged\u00e9ly. A hullad\u00e9kt\u00f6rv\u00e9ny j\u00f6v\u0151 \u00e9vi \u00e9letbel\u00e9p\u00e9se ut\u00e1n azon t\u00e1rsas\u00e1g v\u00e9gezhet majd ilyen tev\u00e9kenys\u00e9get, amelyik 100%-os \u00e1llami vagy \u00f6nkorm\u00e1nyzati tulajdonban van \u00e9s 2012. j\u00fanius 30-\u00e1n m\u00e1r megvolt erre az enged\u00e9lye. Ez az egyetlen ok, ami miatt a v\u00e1ros nem nyer\u0151, hanem ink\u00e1bb vesztes poz\u00edci\u00f3b\u00f3l t\u00e1rgyalhat.<\/p>\n<p>A fentiekben le\u00edrtak k\u00fcl\u00f6n pikant\u00e9ri\u00e1ja az a t\u00e9ny, hogy csak a k\u00f6zelm\u00faltban fogadt\u00e1k el a hullad\u00e9kt\u00f6rv\u00e9nyt, a t\u00f6rv\u00e9ny nyilv\u00e1nos el\u0151k\u00e9sz\u00edt\u00e9se \u00e9s parlamenti vit\u00e1ja m\u00e1r legal\u00e1bb m\u00e1sf\u00e9l, de ink\u00e1bb k\u00e9t \u00e9ve folyik. \u00cdgy az\u00f3ta tudni lehet, hogy 2014-t\u0151l csak \u00f6nkorm\u00e1nyzati vagy \u00e1llami tulajdon\u00fa c\u00e9gek v\u00e9gezhetik a hullad\u00e9kgy\u0171jt\u00e9si \u00e9s kezel\u00e9si tev\u00e9kenys\u00e9get. Oroszl\u00e1ny menedzsment szeml\u00e9let\u0171 v\u00e1rosvezet\u00e9s\u00e9nek, \u00e9s k\u00fcl\u00f6n\u00f6sen Tak\u00e1cs K\u00e1roly polg\u00e1rmesternek k\u00e9t \u00e9ve lett volna egy olyan strat\u00e9gia kidolgoz\u00e1s\u00e1ra, amely lehet\u0151v\u00e9 teszi, hogy a v\u00e1ros a lehet\u0151 legegyszer\u0171bben, legolcs\u00f3bban szerezze meg a tev\u00e9kenys\u00e9ghez sz\u00fcks\u00e9ges enged\u00e9lyeket \u00e9s eszk\u00f6z\u00f6ket. T\u00fal sokat nem is kellett volna gondolkodniuk, hiszen a v\u00e1ros rendelkezik egy saj\u00e1t tulajdon\u00fa szolg\u00e1ltat\u00f3 c\u00e9ggel, amelyik a Remondis hely\u00e9be l\u00e9phetett volna.<\/p>\n<p>Sz\u00f3val, ez a kiindul\u00f3 alap, a tov\u00e1bbiakat a v\u00e1ros honlapj\u00e1n tal\u00e1lhat\u00f3 polg\u00e1rmesteri interj\u00fab\u00f3l tudhatjuk meg, hogy (kivonatos k\u00f6zl\u00e9s): &#8222;<em>Sz\u00e1nd\u00e9kunkban volt megv\u00e1s\u00e1rolni, amennyiben minden felt\u00e9telt teljes\u00edt\u00fcnk. Jelen pillanatban a 3 f\u0151 felt\u00e9tel k\u00f6z\u00fcl kett\u0151 teljes\u00fclt. Az \u00f6nkorm\u00e1nyzat d\u00f6nt\u00e9se, hogy a t\u00f6bbs\u00e9gi r\u00e9szv\u00e9nyt meg k\u00edv\u00e1nja v\u00e1s\u00e1rolni, \u00e9s megvan a korm\u00e1nyenged\u00e9ly a hitelfelv\u00e9telre. A harmadik a fedezet, hogy legyen r\u00e1 banki k\u00f6lcs\u00f6n, ez sajnos nem teljes\u00fclt. A k\u00f6zbeszerz\u00e9si elj\u00e1r\u00e1st sikertelennek kellett nyilv\u00e1n\u00edtanunk. \u00c9rtes\u00edten\u00fcnk kellett a Remondis vezet\u0151it, hogy jelen pillanatban nem tudjuk a szerz\u0151d\u00e9si felt\u00e9teleket teljes\u00edteni.<\/em>&#8221;<\/p>\n<p>Hopp, hopp, itt meg\u00e1llunk \u2013 mondan\u00e1 a klasszikus.<\/p>\n<p>&#8222;<strong>Nem tudjuk a szerz\u0151d\u00e9si felt\u00e9teleket teljes\u00edteni.<\/strong>&#8221; \u2013 hangzik el a riportban, ami azt jelenti, hogy a fideszes t\u00f6bbs\u00e9g felhatalmaz\u00e1st adott egy el\u0151k\u00e9sz\u00edtetlen, \u00e1t nem gondolt, \u00e9rvekkel al\u00e1 nem t\u00e1masztott, hat\u00e1stanulm\u00e1ny n\u00e9lk\u00fcli \u00fcgylet megk\u00f6t\u00e9s\u00e9re.<\/p>\n<p>\u00d6sszegezve: teljesen \u00e9rthetetlen, hogy a fideszesek mi\u00e9rt is mentek bele egy 576 milli\u00f3s hitelig\u00e9ny\u0171 projektbe addig, am\u00edg legal\u00e1bb az al\u00e1bbi dolgokat nem tiszt\u00e1zt\u00e1k:<\/p>\n<ul>\n<li>Pontosan, milyen nagys\u00e1g\u00fa \u00e9s \u00f6sszet\u00e9tel\u0171 vagyonr\u00f3l van sz\u00f3? (Alapvet\u0151en a Remondisban l\u00e9v\u0151 t\u00e1rgyi eszk\u00f6z\u00f6k t\u00e9teles sz\u00e1mbav\u00e9tele, az egy\u00e9b vagyont\u00e1rgyak \u00e9s vagyon \u00e9rt\u00e9k\u0171 jogok pontos\u00edt\u00e1sa, a k\u00f6vetel\u00e9sek \u00e9s k\u00f6telezetts\u00e9gek tiszt\u00e1z\u00e1sa minden ilyen \u00fcgyletben megker\u00fclhetetlen.) A jelenlegi vagyon k\u00f6nyv szerinti \u00e9rt\u00e9ke egy dolog (mondjuk az eg\u00e9sz c\u00e9get tekintve is sz\u00e1zmilli\u00f3kkal alacsonyabb, mint a 75%-\u00e9rt k\u00edn\u00e1lt 576 milli\u00f3), annak t\u00e9nyleges \u00e9rt\u00e9k\u00e9t a piac \u00e9s az eszk\u00f6z\u00f6k \u00e1llapota hat\u00e1rozza meg. Bemond\u00e1sra v\u00e1s\u00e1rolni valamit t\u00f6bb, mint f\u00e9lmilli\u00e1rd\u00e9rt, r\u00e1ad\u00e1sul k\u00f6zp\u00e9nzb\u0151l an\u00e9lk\u00fcl, hogy azok pontos \u00e1llapot\u00e1t (piaci \u00e9rt\u00e9k\u00e9t) ismern\u00e9nk, \u00f3ri\u00e1si b\u0171n \u00e9s felel\u0151tlens\u00e9g!<\/li>\n<li>A j\u00f6v\u0151beni k\u00f6telezetts\u00e9gek \u2013itt f\u0151leg a hullad\u00e9k kezel\u00e9s\u00e9re, gondoz\u00e1s\u00e1ra, illetve a j\u00f6v\u0151beni t\u00e1rol\u00f3 kialak\u00edt\u00e1s\u00e1ra vonatkoz\u00f3 dolgokra gondolva\u2013 t\u00e9teles ismerete n\u00e9lk\u00fcl a jelenlegi vev\u0151nek (a k\u00f6telezetts\u00e9gek \u00e1tvev\u0151j\u00e9nek) g\u0151ze sincs arr\u00f3l, hogy ezek milyen \u00fctemez\u00e9sben \u00e9s milyen nagys\u00e1grendben jelentkeznek. Tov\u00e1bb\u00e1 az is k\u00e9rd\u00e9ses, hogy milyen form\u00e1ban \u00e9s m\u00f3don val\u00f3s\u00edthat\u00f3ak meg, ha megval\u00f3s\u00edthat\u00f3ak egy\u00e1ltal\u00e1n.<\/li>\n<li>Mivel jelz\u00e9s van arra, hogy az \u00e1llam mindenk\u00e9ppen t\u00f6bbs\u00e9gi tulajdoni r\u00e9szt k\u00edv\u00e1n v\u00e1llalni ezen a ter\u00fcleten, akkor komoly dilemma, hogy mi\u00e9rt is \u00e1ldozza az \u00f6nkorm\u00e1nyzat saj\u00e1t forr\u00e1sait arra, hogy az \u00e1llam majd k\u00e9s\u0151bb &#8222;valahogy tulajdonhoz&#8221; jusson? (Pont olyan ez, mint az oktat\u00e1s, az eg\u00e9szs\u00e9g\u00fcgy \u00e9s a szennyv\u00edzkezel\u00e9s! Ezek fejleszt\u00e9s\u00e9re is milli\u00e1rdokat k\u00f6lt\u00f6tt az el\u0151z\u0151 v\u00e1rosvezet\u00e9s, most meg ezek \u00fczemeltet\u00e9s\u00e9t sorra elveszi t\u0151l\u00fcnk az \u00e1llam. Mi\u00e9rt van erre sz\u00fcks\u00e9g?)<\/li>\n<\/ul>\n<p>De t\u00e9rj\u00fcnk vissza a k\u00e1lyh\u00e1hoz, illetve a bankokhoz. Egyetlen jelentkez\u0151 sem akadt, amelyik hitelt adna az oroszl\u00e1nyi \u00f6nkorm\u00e1nyzatnak, bele\u00e9rtve annak sz\u00e1mlavezet\u0151 p\u00e9nzint\u00e9zet\u00e9t is. Tak\u00e1cs K\u00e1roly polg\u00e1rmester finoman fogalmazva \u00fagy mondja, hogy a bankok \u00e9s a korm\u00e1ny n\u00e9zetk\u00fcl\u00f6nbs\u00e9gei miatt a v\u00e1ros nem kap hitelt. Hogy val\u00f3j\u00e1ban mi\u00e9rt nem adnak, ahhoz nem kell nagy \u00e9sz: az\u00e9rt, mert kiv\u00e9reztetik \u0151ket m\u00f3dszeresen, s ma m\u00e1r nem l\u00e1tj\u00e1k biztos\u00edtottnak hiteleik megt\u00e9r\u00fcl\u00e9s\u00e9t forradalmi hev\u00fclett\u0151l \u00e1thatott kis haz\u00e1nkban. \u00c9s ha a bank megvizsg\u00e1ln\u00e1, milyen t\u00e9nyleges piaci \u00e9rt\u00e9k\u0171, \u00e9s milyen kil\u00e1t\u00e1sokkal rendelkez\u0151 c\u00e9g 75%-\u00e1nak a megv\u00e1s\u00e1rl\u00e1s\u00e1ra akar a v\u00e1ros 576 milli\u00f3 hitelt felvenni, v\u00e9lhet\u0151en akkor is azonnal el\u00e1llna a hitelny\u00fajt\u00e1st\u00f3l.<\/p>\n<p>V\u00e9g\u00fcl nem siker\u00fclt kidobni t\u00f6bb mint 576 milli\u00f3t az ablakon, de a k\u00f6vetkezm\u00e9nyek bel\u00e1thatatlanok. Szinte az eg\u00e9sz t\u00f6rt\u00e9nethez \u00fajra kell varrni a gombokat, el\u00f6lr\u0151l kell kezdeni az eg\u00e9szet, mik\u00f6zben az id\u0151 s\u00fcrget: a hullad\u00e9klerak\u00f3nk gyakorlatilag betelt, \u00e9s az \u00faj \u00e9p\u00edt\u00e9se m\u00e9g mindig nem kezd\u0151d\u00f6tt el, mert nincs r\u00e1 k\u00f6rnyezetv\u00e9delmi enged\u00e9ly.<\/p>\n<p>Az elm\u00falt k\u00e9t \u00e9s f\u00e9l \u00e9vben szemtan\u00fai lehett\u00fcnk Oroszl\u00e1nyban az esztelen p\u00e9nzsz\u00f3r\u00e1snak, legyen sz\u00f3 a v\u00e9rtessoml\u00f3i \u00fatr\u00f3l, a sokmilli\u00f3s \u00e9ves polg\u00e1rmesteri utazgat\u00e1si k\u00f6lts\u00e9gr\u0151l, a n\u00e9pbut\u00edt\u00f3 politikai-cirkuszi esem\u00e9nyekr\u0151l, int\u00e9zm\u00e9nyi \u00e9s k\u00f6zter\u00fcleti \u00e1tnevez\u00e9sekr\u0151l, t\u00edzmilli\u00f3kat felem\u00e9szt\u0151, \u00e9s nem is a v\u00e1ros, hanem az MLSz tulajdon\u00e1t k\u00e9pez\u0151 m\u0171f\u00fcves p\u00e1ly\u00e1kr\u00f3l (amelyek \u00fczemeltet\u00e9si k\u00f6lts\u00e9geit a v\u00e1rosnak kell el\u0151teremtenie), hogy csak p\u00e1rat soroljunk eml\u00e9keztet\u0151nek. Mindek\u00f6zben egyetlen \u2013ak\u00e1r csak k\u00f6z\u00e9pt\u00e1v\u00fa\u2013 fejleszt\u00e9si, gazdas\u00e1gi, takar\u00e9koss\u00e1gi, vagy hat\u00e9konys\u00e1gi program sem ker\u00fclt a test\u00fclet el\u00e9.<\/p>\n<p>Hi\u00e1ba minden id\u0151k legnagyobb helyi ipar\u0171z\u00e9si ad\u00f3bev\u00e9tele, az utak, j\u00e1rd\u00e1k lassan j\u00e1rhatatlanok, a j\u00e1tsz\u00f3terek, k\u00f6zter\u00fcletek \u00e1llapota egyre aggaszt\u00f3bb, milli\u00e1rdos vagyonveszt\u00e9ssel kell szembes\u00fcln\u00fcnk, a hivatali \u00e9s \u00f6nkorm\u00e1nyzati g\u00e9pezet sz\u00e9tes\u0151ben, a mindeddig j\u00f3l \u00e9s hat\u00e9konyan m\u0171k\u00f6d\u0151 OSz Zrt lassan visszafejl\u0151dik arra a szintre, ahonnan 22 \u00e9ve elindult, de mindezekr\u0151l ink\u00e1bb majd legk\u00f6zelebb\u2026<\/p>\n<p>Ma m\u00e1r nem kell b\u00e1tors\u00e1g annak kijelent\u00e9s\u00e9hez: Tak\u00e1cs K\u00e1roly \u00e9s a Fidesz frakci\u00f3ja eddig csak k\u00e1rt okozott a v\u00e1rosnak a folyamatosan rossz d\u00f6nt\u00e9seivel. Senkit nem hallgatnak meg, nem a v\u00e1ros \u00e9rdekeit n\u00e9zik, hanem a kicsinyes bossz\u00fak \u00e9s a paranoi\u00e1juk vez\u00e9rli \u0151ket, s ez v\u00e1rosunkra \u00e9s annak lak\u00f3ira n\u00e9zve katasztrof\u00e1lis. Nem kicsit, nagyon!<\/p>\n","protected":false},"excerpt":{"rendered":"<p>Balh\u00e9 van a v\u00e1rosh\u00e1z\u00e1n, nem kicsi, nagy! Minden jel szerint meghi\u00fasult a \u2013f\u0171t\u0151m\u0171ves d\u00f6nt\u00e9shez hasonl\u00f3an egy\u00e9bk\u00e9nt teljesen el\u0151k\u00e9sz\u00edtetlen, minden hat\u00e1stanulm\u00e1ny, egyeztet\u00e9s \u00e9s \u00e9rt\u00e9kbecsl\u00e9s n\u00e9lk\u00fcl elhat\u00e1rozott\u2013 Remondis r\u00e9szv\u00e9nyv\u00e1s\u00e1rl\u00e1s. <a href=\"https:\/\/www.mszporoszlany.hu\/?p=2283\">Egy kattint\u00e1s ide a folytat\u00e1shoz&#8230;. <span class=\"meta-nav\">&rarr;<\/span><\/a><\/p>\n","protected":false},"author":35,"featured_media":0,"comment_status":"open","ping_status":"closed","sticky":false,"template":"","format":"standard","meta":{"footnotes":""},"categories":[194],"tags":[1498,1500,428,1501,1502,657,1505,1504,1503,1764,131,148,70,1496,9,1499],"class_list":["post-2283","post","type-post","status-publish","format-standard","hentry","category-oroszlany","tag-576-millio-ft","tag-eszkozallomany","tag-fidesz-frakcio","tag-forgalmi-ertek","tag-konyv-szerinti-ertek","tag-kotelezettsegek","tag-magyar-labdarugo-szovetseg","tag-megterules","tag-megvalosithatosag","tag-oroszlany","tag-oroszlanyi-szolgaltato-zrt","tag-piaci-ertek","tag-polgarmester","tag-remondis-oroszlany-zrt","tag-takacs-karoly","tag-uj-hulladektorveny"],"_links":{"self":[{"href":"https:\/\/www.mszporoszlany.hu\/index.php?rest_route=\/wp\/v2\/posts\/2283","targetHints":{"allow":["GET"]}}],"collection":[{"href":"https:\/\/www.mszporoszlany.hu\/index.php?rest_route=\/wp\/v2\/posts"}],"about":[{"href":"https:\/\/www.mszporoszlany.hu\/index.php?rest_route=\/wp\/v2\/types\/post"}],"author":[{"embeddable":true,"href":"https:\/\/www.mszporoszlany.hu\/index.php?rest_route=\/wp\/v2\/users\/35"}],"replies":[{"embeddable":true,"href":"https:\/\/www.mszporoszlany.hu\/index.php?rest_route=%2Fwp%2Fv2%2Fcomments&post=2283"}],"version-history":[{"count":0,"href":"https:\/\/www.mszporoszlany.hu\/index.php?rest_route=\/wp\/v2\/posts\/2283\/revisions"}],"wp:attachment":[{"href":"https:\/\/www.mszporoszlany.hu\/index.php?rest_route=%2Fwp%2Fv2%2Fmedia&parent=2283"}],"wp:term":[{"taxonomy":"category","embeddable":true,"href":"https:\/\/www.mszporoszlany.hu\/index.php?rest_route=%2Fwp%2Fv2%2Fcategories&post=2283"},{"taxonomy":"post_tag","embeddable":true,"href":"https:\/\/www.mszporoszlany.hu\/index.php?rest_route=%2Fwp%2Fv2%2Ftags&post=2283"}],"curies":[{"name":"wp","href":"https:\/\/api.w.org\/{rel}","templated":true}]}}