{"id":229,"date":"2011-05-21T11:26:41","date_gmt":"2011-05-21T10:26:41","guid":{"rendered":"http:\/\/www.mszporoszlany.hu\/?p=229"},"modified":"2012-04-06T20:32:28","modified_gmt":"2012-04-06T19:32:28","slug":"rokkantnyugdijasok","status":"publish","type":"post","link":"https:\/\/www.mszporoszlany.hu\/?p=229","title":{"rendered":"Rokkantnyugd\u00edjasok"},"content":{"rendered":"<p><img loading=\"lazy\" decoding=\"async\" class=\"alignleft size-full wp-image-232\" title=\"rokkant\" src=\"https:\/\/www.mszporoszlany.hu\/wp-content\/uploads\/2012\/03\/rokkant.jpg\" alt=\"\" width=\"200\" height=\"120\" \/>Haz\u00e1nkban ma 728 ezren kapnak rokkants\u00e1gi nyugell\u00e1t\u00e1st \u2013 a munkak\u00e9pes kor\u00fa n\u00e9pess\u00e9gen bel\u00fcl kiemelked\u0151en magas a rokkantak ar\u00e1nya \u2013 \u00e1llap\u00edtja meg a Nemzetgazdas\u00e1gi Miniszt\u00e9rium tanulm\u00e1nya, mely az Ellentmond\u00e1sos t\u00e1mogat\u00e1si rendszer c\u00edmet kapta.<\/p>\n<p><!--more--><\/p>\n<p>Mint az anyagban olvashat\u00f3: <em>Haz\u00e1nk jelenleg j\u00f3val t\u00f6bbet k\u00f6lt a rokkants\u00e1ggal kapcsolatos ell\u00e1t\u00e1sra, mint a hasonl\u00f3 fejletts\u00e9gi szint\u0171 \u00e9s eg\u00e9szs\u00e9g\u00fcgyi helyzetben l\u00e9v\u0151 m\u00e1s orsz\u00e1gok. Magyarorsz\u00e1gon rendk\u00edv\u00fcl alacsony a megv\u00e1ltozott munkak\u00e9pess\u00e9g\u0171ek foglalkoztat\u00e1sa, a t\u00e1mogat\u00e1si rendszer csak a kiv\u00e9telezett helyzetben l\u00e9v\u0151 v\u00e9dett szervezetek sz\u00e1m\u00e1ra kedvez\u0151. Ha a rokkants\u00e1g miatt a munk\u00e1b\u00f3l kies\u0151 700 ezer ember dolgozna, \u00e9s fele olyan m\u00e9rt\u00e9kben j\u00e1rulna hozz\u00e1 a termel\u00e9shez, mint a t\u00f6bbi 3,7 milli\u00f3 foglalkoztatott, akkor ez a magyar GDP-t k\u00f6zel 10 sz\u00e1zal\u00e9kkal n\u00f6veln\u00e9.<\/em><\/p>\n<p><em>Az Orsz\u00e1gos Nyugd\u00edjbiztos\u00edt\u00e1si Igazgat\u00f3s\u00e1g adatai alapj\u00e1n 2010 szeptember\u00e9ben 2 926 090 f\u0151 r\u00e9szes\u00fclt nyugd\u00edjban \u00e9s nyugd\u00edjszer\u0171 ell\u00e1t\u00e1sban, amelyb\u0151l 728 601 f\u0151, az ell\u00e1tottak 24,9%-a kapott rokkants\u00e1gi nyugell\u00e1t\u00e1st. A rokkantnyugd\u00edjasok 52%-a korbet\u00f6lt\u00f6tt rokkants\u00e1gi nyugd\u00edjban, 48 %-a pedig korhat\u00e1r alatti rokkants\u00e1gi nyugd\u00edjban r\u00e9szes\u00fclt. Az EU \u00e9lenj\u00e1r\u00f3 orsz\u00e1gaiban a megv\u00e1ltozott munkak\u00e9pess\u00e9g\u0171ek foglalkoztat\u00e1sa 40%-os, m\u00edg itthon csup\u00e1n 12-15%-os. Haz\u00e1nk j\u00f3val t\u00f6bbet k\u00f6lt e c\u00e9lra, mint a hasonl\u00f3 fejletts\u00e9gi szint\u0171 \u00e9s eg\u00e9szs\u00e9g\u00fcgyi helyzetben l\u00e9v\u0151 Szlov\u00e1kia \u00e9s Litv\u00e1nia.<\/em><\/p>\n<p><em>A magyar t\u00e1mogat\u00e1si rendszer \u00f6sszetett \u00e9s egyben ellentmond\u00e1sos: esetenk\u00e9nt t\u00fal sokat ad, fontos t\u00e1mogat\u00e1sok azonban hi\u00e1nyoznak. A rendszer legs\u00falyosabb ellentmond\u00e1sa az, hogy a munk\u00e1ltat\u00f3 nem kap \u00e9rdemi felvil\u00e1gos\u00edt\u00e1st a megv\u00e1ltozott munkak\u00e9pess\u00e9g\u0171 rehabilit\u00e1ci\u00f3s \u00e9rt\u00e9kel\u00e9s\u00e9r\u0151l, \u00e9s \u00edgy neh\u00e9z \u0151t elhelyezni a megfelel\u0151 munkak\u00f6rbe.\u00a0Magyarorsz\u00e1gon a rokkants\u00e1ghoz \u00e9s eg\u00e9szs\u00e9gk\u00e1rosod\u00e1shoz kapcsol\u00f3d\u00f3 ell\u00e1t\u00e1sok rendszere jelenleg rengeteg probl\u00e9m\u00e1val k\u00fczd, t\u00falzottan bonyolult \u00e9s ellentmond\u00e1sos a t\u00e1mogat\u00e1si rendszer, kritikusan alacsony a megv\u00e1ltozott munkak\u00e9pess\u00e9g\u0171ek foglalkoztat\u00e1sa \u2013 <\/em>olvashat\u00f3 az anyagban.<\/p>\n<p>Teh\u00e1t jelenleg t\u00f6bb mint 700 ezren kapnak valamilyen rokkants\u00e1gi ell\u00e1t\u00e1st, ezen bel\u00fcl\u00a0t\u00f6bb mint hatsz\u00e1zezren vannak, akik\u00a0az \u00fagynevezett harmadik csoportba tartoz\u00f3 rokkants\u00e1g alapj\u00e1n kapnak ell\u00e1t\u00e1st, \u0151k azok, akik legink\u00e1bb \u00e9rintettek lehetnek a fel\u00fclvizsg\u00e1latokban.<\/p>\n<p><em>A rokkants\u00e1gi kateg\u00f3ri\u00e1k egyr\u00e9szr\u0151l a meg\u00e1llap\u00edtott eg\u00e9szs\u00e9gk\u00e1rosod\u00e1s m\u00e9rt\u00e9k\u00e9t\u0151l, m\u00e1sr\u00e9szr\u0151l a rehabilit\u00e1lhat\u00f3s\u00e1gt\u00f3l \u00e9s a szakmai munkak\u00e9pess\u00e9gt\u0151l, harmadr\u00e9szben az \u00f6nfenntart\u00e1si k\u00e9pess\u00e9gt\u0151l\u00a0 f\u00fcggnek.\u00a0Ebb\u0151l k\u00f6vetkez\u0151en\u00a0a harmadik\u00a0(III.) csoportba tartozik az\u00a0a rokkant szem\u00e9ly, akinek az eg\u00e9szs\u00e9gk\u00e1rosod\u00e1s\u00e1t az NRSZH szak\u00e9rt\u0151i bizotts\u00e1ga 50-79 sz\u00e1zal\u00e9k k\u00f6z\u00f6tti m\u00e9rt\u00e9k\u0171nek v\u00e9lem\u00e9nyezte \u00e9s szakmai munkak\u00e9pess\u00e9g\u00e9t rehabilit\u00e1ci\u00f3val sem lehet helyre\u00e1ll\u00edtani vagy az \u00fcgyf\u00e9l \u00e9letkora miatt m\u00e1r nem indokolt a foglalkoz\u00e1si rehabilit\u00e1ci\u00f3 megkezd\u00e9se. (origo.hu)<\/em><\/p>\n<p>Mint az m\u00e1r v\u00e9glegesnek tekinthet\u0151, az oroszl\u00e1nyi b\u00e1ny\u00e1szokat nem \u00e9rinti a korkedvezm\u00e9nyes nyugd\u00edj megvon\u00e1sa \u2013 annak ellen\u00e9re, hogy ez a kit\u00e1tel sehol sem szerepel az alkotm\u00e1nym\u00f3dos\u00edt\u00f3 el\u0151terjeszt\u00e9sben -, ann\u00e1l ink\u00e1bb a rokkantnyugd\u00edjak fel\u00fclvizsg\u00e1lata. A tervek szerint az \u00e9v m\u00e1sodik fel\u00e9ben kezd\u0151dhet el a fel\u00fclvizsg\u00e1lat, ami a k\u00fcl\u00f6nb\u00f6z\u0151 nyilatkozatok szerint 200-600 ezer embert \u00e9rintene, akiknek &#8211; a becsl\u00e9sek alapj\u00e1n &#8211; ak\u00e1r a fele is visszat\u00e9rhetne a munka vil\u00e1g\u00e1ba.<\/p>\n<p>Inform\u00e1ci\u00f3ink szerint Oroszl\u00e1nyban megk\u00f6zel\u00edti az ezret a b\u00e1ny\u00e1sz rokkantnyugd\u00edjasok sz\u00e1ma, azonban arr\u00f3l, hogy mekkora h\u00e1nyadukat \u00e9rintheti az int\u00e9zked\u00e9s, nem siker\u00fclt adatokat beszerezn\u00fcnk.<\/p>\n","protected":false},"excerpt":{"rendered":"<p>Haz\u00e1nkban ma 728 ezren kapnak rokkants\u00e1gi nyugell\u00e1t\u00e1st \u2013 a munkak\u00e9pes kor\u00fa n\u00e9pess\u00e9gen bel\u00fcl kiemelked\u0151en magas a rokkantak ar\u00e1nya \u2013 \u00e1llap\u00edtja meg a Nemzetgazdas\u00e1gi Miniszt\u00e9rium tanulm\u00e1nya, mely az Ellentmond\u00e1sos t\u00e1mogat\u00e1si rendszer c\u00edmet kapta. <a href=\"https:\/\/www.mszporoszlany.hu\/?p=229\">Egy kattint\u00e1s ide a folytat\u00e1shoz&#8230;. <span class=\"meta-nav\">&rarr;<\/span><\/a><\/p>\n","protected":false},"author":35,"featured_media":0,"comment_status":"open","ping_status":"closed","sticky":false,"template":"","format":"standard","meta":{"footnotes":""},"categories":[196],"tags":[129,127,128],"class_list":["post-229","post","type-post","status-publish","format-standard","hentry","category-magyarorszag","tag-banyasz","tag-rokkant","tag-rokkantnyugdij"],"_links":{"self":[{"href":"https:\/\/www.mszporoszlany.hu\/index.php?rest_route=\/wp\/v2\/posts\/229","targetHints":{"allow":["GET"]}}],"collection":[{"href":"https:\/\/www.mszporoszlany.hu\/index.php?rest_route=\/wp\/v2\/posts"}],"about":[{"href":"https:\/\/www.mszporoszlany.hu\/index.php?rest_route=\/wp\/v2\/types\/post"}],"author":[{"embeddable":true,"href":"https:\/\/www.mszporoszlany.hu\/index.php?rest_route=\/wp\/v2\/users\/35"}],"replies":[{"embeddable":true,"href":"https:\/\/www.mszporoszlany.hu\/index.php?rest_route=%2Fwp%2Fv2%2Fcomments&post=229"}],"version-history":[{"count":0,"href":"https:\/\/www.mszporoszlany.hu\/index.php?rest_route=\/wp\/v2\/posts\/229\/revisions"}],"wp:attachment":[{"href":"https:\/\/www.mszporoszlany.hu\/index.php?rest_route=%2Fwp%2Fv2%2Fmedia&parent=229"}],"wp:term":[{"taxonomy":"category","embeddable":true,"href":"https:\/\/www.mszporoszlany.hu\/index.php?rest_route=%2Fwp%2Fv2%2Fcategories&post=229"},{"taxonomy":"post_tag","embeddable":true,"href":"https:\/\/www.mszporoszlany.hu\/index.php?rest_route=%2Fwp%2Fv2%2Ftags&post=229"}],"curies":[{"name":"wp","href":"https:\/\/api.w.org\/{rel}","templated":true}]}}