{"id":2299,"date":"2013-07-31T19:20:38","date_gmt":"2013-07-31T18:20:38","guid":{"rendered":"http:\/\/www.mszporoszlany.hu\/?p=2299"},"modified":"2013-07-31T19:20:38","modified_gmt":"2013-07-31T18:20:38","slug":"bujocska","status":"publish","type":"post","link":"https:\/\/www.mszporoszlany.hu\/?p=2299","title":{"rendered":"B\u00faj\u00f3cska"},"content":{"rendered":"<p><img loading=\"lazy\" decoding=\"async\" class=\"alignleft size-full wp-image-2300\" alt=\"Szennyviz\" src=\"https:\/\/www.mszporoszlany.hu\/wp-content\/uploads\/2013\/07\/Szennyviz.png\" width=\"200\" height=\"120\" \/>Oroszl\u00e1ny v\u00e1rosa ism\u00e9t szeg\u00e9nyebb lett! A 2013. j\u00falius 23-i rendk\u00edv\u00fcli test\u00fcleti \u00fcl\u00e9sen arr\u00f3l d\u00f6nt\u00f6tt a test\u00fclet, hogy 2015-t\u0151l az oroszl\u00e1nyi szennyv\u00edztelep \u00e1tad\u00e1sra ker\u00fcl az EDV Zrt. r\u00e9sz\u00e9re. A d\u00f6nt\u00e9s a polg\u00e1ri frakci\u00f3 t\u00e1mogat\u00e1sa \u00e9s az ellenz\u00e9k elutas\u00edt\u00e1sa mellett sz\u00fcletett meg. Az \u00fcl\u00e9s \u00e9s a 2010 \u00f3ta foly\u00f3 dolgok kicsit a b\u00faj\u00f3csk\u00e1ra hasonl\u00edtanak. Mindenki ott van, de nem \u00e1rulja el hol. Elb\u00fajnak a felel\u0151ss\u00e9g \u00e9s a sz\u00e1monk\u00e9r\u00e9s el\u0151l! Vajon kinek vagy kiknek a felel\u0151ss\u00e9ge az, hogy a v\u00e1ros ism\u00e9t szeg\u00e9nyebb lesz, ez\u00fattal egy szennyv\u00edztiszt\u00edt\u00f3 teleppel?<\/p>\n<p><!--more--><\/p>\n<p>Tak\u00e1cs K\u00e1roly az \u00fcl\u00e9sen elmondta, hogy a test\u00fclet nincs d\u00f6nt\u00e9si helyzetben. 2011-ben sz\u00fcletett egy t\u00f6rv\u00e9ny, mely szerint az eddig megszokott m\u00f3don a v\u00e1ros nem \u00fczemeltetheti tov\u00e1bb a szennyv\u00edztiszt\u00edt\u00f3 telepet. Jogosan vet\u0151dik fel a k\u00e9rd\u00e9s: ha nincs d\u00f6nt\u00e9si joga a test\u00fcletnek, akkor mi\u00e9rt d\u00f6nt\u00f6tt? A t\u00f6rv\u00e9ny azt mondja ki, hogy egy szennyv\u00edztelepet \u00fczemeletet\u0151 c\u00e9gnek legal\u00e1bb 150 ezer felhaszn\u00e1l\u00f3t kell produk\u00e1lnia. Az viszont, hogy az adott telep\u00fcl\u00e9s ezt hogyan oldja meg, arra a t\u00f6rv\u00e9ny m\u00e1r nem t\u00e9r ki. Volt egy csatlakoz\u00e1si k\u00eds\u00e9rlet egy holdinghoz, melyr\u0151l m\u00e1r honlapunkon is \u00edrtunk, viszont az a megold\u00e1s a v\u00e1ros sz\u00e1m\u00e1ra h\u00e1tr\u00e1nyos lett volna. Lett volna m\u00e1s lehet\u0151s\u00e9g arra, hogy a v\u00e1ros &#8222;tulajdonosa&#8221; maradjon a telepnek, amit az ad\u00f3fizet\u0151k p\u00e9nz\u00e9n moderniz\u00e1ltak 2004-ben?<\/p>\n<p>Tak\u00e1cs K\u00e1roly havonta t\u00f6bbsz\u00e1zezer forintot aut\u00f3zik el a v\u00e1ros p\u00e9nz\u00e9b\u0151l h\u00e1rom\u00e9ves aut\u00f3j\u00e1val, m\u00e9gsem siker\u00fclt megfelel\u0151 megold\u00e1st tal\u00e1lnia a probl\u00e9m\u00e1ra. Pedig \u0151 maga f\u00e9nyezte t\u00e1rgyal\u00e1si \u00e9s szak\u00e9rt\u0151i tud\u00e1s\u00e1t. Ez az \u00fcgy \u00fagy t\u0171nik m\u00e9g az \u0151 gyomr\u00e1t is megfek\u00fcdte, pedig 2010 \u00f3ta v\u00e9gre el tudott volna int\u00e9zni valami \u00e9rdemi dolgot is, ami a nem csak az \u00daj K\u00e9thetes szerint lett volna eredm\u00e9ny! M\u00e1s \u00fcgyekben (p\u00e9ld\u00e1ul az ellenz\u00e9k alaptalan megr\u00e1galmaz\u00e1sa) szereti hangs\u00falyozni, hogy \u0151t a v\u00e1laszt\u00f3k hatalmazt\u00e1k fel erre. Nos, Tak\u00e1cs K\u00e1rolyt arra is felhatalmazt\u00e1k az oroszl\u00e1nyiak, hogy v\u00e9dje meg a v\u00e1ros \u00e9rdekeit, vagyon\u00e1t. Egy polg\u00e1rmesternek ez lenne az els\u0151dleges feladata. Tak\u00e1cs K\u00e1roly elbukott, mint polg\u00e1rmester!<\/p>\n<p>Az, hogy a v\u00e1ros gyakorlatilag nincstelenn\u00e9 v\u00e1lt nem csak Tak\u00e1cs K\u00e1rolynak k\u00f6sz\u00f6nhet\u0151. A polg\u00e1ri frakci\u00f3 egyetlen tagj\u00e1t\u00f3l sem lehetett hallani olyan megsz\u00f3lal\u00e1st, hogy b\u00e1rmelyik int\u00e9zm\u00e9ny elv\u00e9tel\u00e9t is nehezm\u00e9nyezn\u00e9k. Csendben \u00fcltek, n\u00e9ha el\u0151j\u00f6ttek egy kiad\u00f3s \u201eem\u00fatny\u00f3c\u00e9vez\u00e9ssel\u201d, de azon k\u00edv\u00fcl m\u00e1st nem tudtak felmutatni. A polg\u00e1ri frakci\u00f3 a legjobb p\u00e9lda a szavaz\u00f3g\u00e9pek m\u0171k\u00f6d\u00e9si mechanizmus\u00e1ra. Fentr\u0151l, mindenki Viktor\u00e1t\u00f3l meg\u00e9rkezik az \u00fczenet, amit Papp P\u00e9ter tolm\u00e1csol a frakci\u00f3tagok fel\u00e9, \u0151k pedig egyszerre b\u00f3lintva megnyomj\u00e1k az \u00e9ppen k\u00edv\u00e1nt gombot! Egyszer\u0171, nem? Csup\u00e1n m\u00e1r csak az a k\u00e9rd\u00e9s marad, hogy nekik ez lenne a dolguk? A Fidesz rendszer\u00e9ben igen, de \u0151k 2010 \u0151sz\u00e9n nem a Fidesz rendszer\u00e9re esk\u00fcdtek fel, hanem arra, hogy a v\u00e1ros \u00e9rdekeit k\u00e9pviselik. Ezen az \u00fcl\u00e9sen se j\u00f6tt \u00f6ssze.<\/p>\n<p>\u00c9s v\u00e9g\u00fcl a felel\u0151s keres\u00e9s\u00e9ben eljutottunk egy magasabb szintre, a hatalmi g\u00e9pezet hamvas cs\u00facsaira. Tegy\u00fck fel, hogy tiltakozott a k\u00e9pvisel\u0151test\u00fclet az \u00e1tad\u00e1s ellen, de nem tudott mit tenni. Tisztess\u00e9gb\u0151l megtett\u00e9k, hogy elmondj\u00e1k, mi lenne a v\u00e1ros \u00e9rdeke, de fenn z\u00e1rt f\u00fclekre tal\u00e1ltak. Lehetett volna egy m\u00e1sik forgat\u00f3k\u00f6nyv is! 2010 \u0151sze el\u0151tt \u00e1prilisban valaki szint\u00e9n arra esk\u00fcd\u00f6tt fel, hogy a v\u00e1laszt\u00f3k \u00e9rdekeit k\u00e9pviseli a parlamentben. \u0150 volt Czunyin\u00e9 dr. Bertalan Judit, aki t\u00f6bbek k\u00f6z\u00f6tt a t\u00e9rs\u00e9g Fidesz-KDNP-s orsz\u00e1ggy\u0171l\u00e9si k\u00e9pvisel\u0151je. Neki m\u00e9g a t\u00f6rv\u00e9ny meghoz\u00e1sa el\u0151tt lehet\u0151s\u00e9ge lett volna jelezni azt, hogy a v\u00e1laszt\u00f3k\u00f6rzet\u00e9ben h\u00e1tr\u00e1nyosan fog \u00e9rinteni a t\u00f6rv\u00e9ny egy majd 20 ezres v\u00e1rost. De nem tette meg, nem k\u00e9pviselte v\u00e1laszt\u00f3it. Mi\u00e9rt nem? Tal\u00e1n az\u00e9rt mert az orsz\u00e1ggy\u0171l\u00e9si k\u00e9pvisel\u0151 mand\u00e1tuma mellett, korm\u00e1nyhivatal vezet\u0151? Tal\u00e1n az\u00e9rt mert szolg\u00e1lati g\u00e9pkocsi j\u00e1r neki sof\u0151rrel? Tal\u00e1n az\u00e9rt, mert nem \u00e9rt neki annyit a v\u00e1laszt\u00f3k k\u00e9pviselete, hogy vesz\u00e9lyeztesse a Nemzeti Egy\u00fcttm\u0171k\u00f6d\u00e9s rendszer\u00e9ben fel\u00e9p\u00edtett egzisztenci\u00e1j\u00e1t? Ezekre a k\u00e9rd\u00e9sekre csak \u0151 tudja a v\u00e1laszt!<\/p>\n<p>Az elj\u00e1r\u00e1s beleillik a Fideszesek \u00e1llamos\u00edt\u00e1sban, k\u00f6zponti ir\u00e1ny\u00edt\u00e1sban, &#8222;centr\u00e1lis er\u0151t\u00e9rben&#8221; b\u00edz\u00f3 elgondol\u00e1saiba. Figyelmen k\u00edv\u00fcl hagyj\u00e1k a piaci t\u00f6rv\u00e9nyeket, mintha azok r\u00e1juk a j\u00f6v\u0151ben sem vonatkozn\u00e1nak. Ha nem lenne amortiz\u00e1ci\u00f3, visszap\u00f3tl\u00e1s, fejleszt\u00e9s stb., m\u00e9g igazuk is lehetne. Keserves lesz az \u00e9bred\u00e9s, amikor v\u00e9get \u00e9rnek a voluntarista \u00e1lmok.<\/p>\n<p><strong>Mi a v\u00e1rosvezet\u00e9s m\u00e9rlege 2010-t\u0151l az \u00e9rdemi k\u00e9rd\u00e9sekben?<\/strong><\/p>\n<ul>\n<li>Elvesztett\u00fck a v\u00e1ros milli\u00e1rdos \u00e9rt\u00e9k\u0171 szakrendel\u0151j\u00e9t, a 120 milli\u00f3s bankbet\u00e9ttel egy\u00fctt.<\/li>\n<li>A Fideszes t\u00f6bbs\u00e9g\u0171 test\u00fclet megszavazta a V\u00e9rtesi Er\u0151m\u0171 2014 \u00e9v v\u00e9gi bez\u00e1r\u00e1s\u00e1t, \u00e9s egy nagyon dr\u00e1g\u00e1n meg\u00e9p\u00fcl\u0151, eladhatatlanul dr\u00e1ga h\u0151t termel\u0151, gazdas\u00e1gtalan f\u0171t\u0151m\u0171 meg\u00e9p\u00edt\u00e9s\u00e9t, majd esetleges megv\u00e1s\u00e1rl\u00e1s\u00e1t.<\/li>\n<li>2014 december 31-el \u00e9rdemi ellenvet\u00e9s n\u00e9lk\u00fcl gyakorlatilag ingyen \u00e1tadja a szint\u00e9n milli\u00e1rdos \u00e9rt\u00e9k\u0171, modern, nyeres\u00e9ges szennyv\u00edztiszt\u00edt\u00f3 telep \u00fczemeltet\u00e9s\u00e9t az EDV Zrt r\u00e9sz\u00e9re. Ett\u0151l kezdve a haszon \u00e9s a d\u00f6nt\u00e9si jog nem a v\u00e1ros\u00e9 hanem a v\u00edzm\u0171\u00e9 lesz.<\/li>\n<\/ul>\n<p><strong>Oroszl\u00e1ny \u00f6sszess\u00e9g\u00e9ben nagyon rosszul j\u00e1rt, amit \u00e9vek munk\u00e1j\u00e1val az el\u0151z\u0151 v\u00e1rosvezet\u00e9sek fel\u00e9p\u00edtettek, azt most pillanatok alatt mindenf\u00e9le ellent\u00e9telez\u00e9s n\u00e9lk\u00fcl elveszik t\u0151l\u00fcnk. Azt \u00edg\u00e9rt\u00e9k 2010-ben, hogy &#8222;M\u00f6g\u00f6tt\u00fcnk a korm\u00e1ny, el\u0151tt\u00fcnk Oroszl\u00e1ny&#8221;. Vajon mire gondolhattak?<\/strong><\/p>\n<p>A szennyv\u00edztiszt\u00edt\u00f3 telep tervezett \u00e1tad\u00e1sa 2015-ben fog esed\u00e9kess\u00e9 v\u00e1lni, azonban el\u0151tte lesz m\u00e9g egy fontos d\u00e1tum: 2014. Akkor az embereknek v\u00e1laszt kell adniuk egy nagyon fontos k\u00e9rd\u00e9sre: <em><strong>Szeretn\u00e9k, hogy a v\u00e1rosvezet\u00e9s m\u00f6g\u00f6tt tov\u00e1bbra is a korm\u00e1ny legyen?!<\/strong><\/em><\/p>\n","protected":false},"excerpt":{"rendered":"<p>Oroszl\u00e1ny v\u00e1rosa ism\u00e9t szeg\u00e9nyebb lett! A 2013. j\u00falius 23-i rendk\u00edv\u00fcli test\u00fcleti \u00fcl\u00e9sen arr\u00f3l d\u00f6nt\u00f6tt a test\u00fclet, hogy 2015-t\u0151l az oroszl\u00e1nyi szennyv\u00edztelep \u00e1tad\u00e1sra ker\u00fcl az EDV Zrt. r\u00e9sz\u00e9re. A d\u00f6nt\u00e9s a polg\u00e1ri frakci\u00f3 t\u00e1mogat\u00e1sa \u00e9s az ellenz\u00e9k elutas\u00edt\u00e1sa mellett sz\u00fcletett meg. Az \u00fcl\u00e9s \u00e9s a 2010 \u00f3ta foly\u00f3 dolgok kicsit a b\u00faj\u00f3csk\u00e1ra hasonl\u00edtanak. Mindenki ott van, de nem \u00e1rulja el hol. Elb\u00fajnak a felel\u0151ss\u00e9g \u00e9s a sz\u00e1monk\u00e9r\u00e9s el\u0151l! Vajon kinek vagy kiknek a felel\u0151ss\u00e9ge az, hogy a v\u00e1ros ism\u00e9t szeg\u00e9nyebb lesz, ez\u00fattal egy szennyv\u00edztiszt\u00edt\u00f3 teleppel? <a href=\"https:\/\/www.mszporoszlany.hu\/?p=2299\">Egy kattint\u00e1s ide a folytat\u00e1shoz&#8230;. <span class=\"meta-nav\">&rarr;<\/span><\/a><\/p>\n","protected":false},"author":35,"featured_media":0,"comment_status":"open","ping_status":"closed","sticky":false,"template":"","format":"standard","meta":{"footnotes":""},"categories":[194],"tags":[1521,229,1526,1525,93,1518,60,1528,1522,1524,184,1764,56,1519,70,1178,1379,134,1523,9,105,1520,1527],"class_list":["post-2299","post","type-post","status-publish","format-standard","hentry","category-oroszlany","tag-20-ezres-varos","tag-allamositas","tag-bankbetet","tag-centralis-eroter","tag-czunyine-dr-bertalan-judit","tag-edv-zrt","tag-fidesz","tag-gazdasagtalan-futomu","tag-kormanyhivatal-vezeto","tag-kozponti-iranyitas","tag-nemzeti-egyuttmukodes-rendszere","tag-oroszlany","tag-papp-peter","tag-polgari-frakcio","tag-polgarmester","tag-sofor","tag-szakrendelo","tag-szennyvizvagyon","tag-szolgalati-gepkocsi","tag-takacs-karoly","tag-uj-kethetes","tag-valasztokorzet","tag-vertesi-eromu-bezarasa"],"_links":{"self":[{"href":"https:\/\/www.mszporoszlany.hu\/index.php?rest_route=\/wp\/v2\/posts\/2299","targetHints":{"allow":["GET"]}}],"collection":[{"href":"https:\/\/www.mszporoszlany.hu\/index.php?rest_route=\/wp\/v2\/posts"}],"about":[{"href":"https:\/\/www.mszporoszlany.hu\/index.php?rest_route=\/wp\/v2\/types\/post"}],"author":[{"embeddable":true,"href":"https:\/\/www.mszporoszlany.hu\/index.php?rest_route=\/wp\/v2\/users\/35"}],"replies":[{"embeddable":true,"href":"https:\/\/www.mszporoszlany.hu\/index.php?rest_route=%2Fwp%2Fv2%2Fcomments&post=2299"}],"version-history":[{"count":0,"href":"https:\/\/www.mszporoszlany.hu\/index.php?rest_route=\/wp\/v2\/posts\/2299\/revisions"}],"wp:attachment":[{"href":"https:\/\/www.mszporoszlany.hu\/index.php?rest_route=%2Fwp%2Fv2%2Fmedia&parent=2299"}],"wp:term":[{"taxonomy":"category","embeddable":true,"href":"https:\/\/www.mszporoszlany.hu\/index.php?rest_route=%2Fwp%2Fv2%2Fcategories&post=2299"},{"taxonomy":"post_tag","embeddable":true,"href":"https:\/\/www.mszporoszlany.hu\/index.php?rest_route=%2Fwp%2Fv2%2Ftags&post=2299"}],"curies":[{"name":"wp","href":"https:\/\/api.w.org\/{rel}","templated":true}]}}