{"id":2302,"date":"2013-07-31T20:51:54","date_gmt":"2013-07-31T19:51:54","guid":{"rendered":"http:\/\/www.mszporoszlany.hu\/?p=2302"},"modified":"2013-07-31T21:07:47","modified_gmt":"2013-07-31T20:07:47","slug":"minden-felett","status":"publish","type":"post","link":"https:\/\/www.mszporoszlany.hu\/?p=2302","title":{"rendered":"Minden felett?"},"content":{"rendered":"<p><img loading=\"lazy\" decoding=\"async\" class=\"alignleft size-full wp-image-2303\" alt=\"Mutyibolt\" src=\"https:\/\/www.mszporoszlany.hu\/wp-content\/uploads\/2013\/07\/Mutyibolt.jpg\" width=\"200\" height=\"120\" \/>A doh\u00e1nyz\u00e1s k\u00e1ros, ez nem vitat\u00e9ma! Viszont az is k\u00e1ros, amikor a korm\u00e1nyzat t\u00f6bb t\u00edzezer ember meg\u00e9lhet\u00e9s\u00e9t vesz\u00e9lyezteti, \u00e9s m\u00e1sodrang\u00fa embernek tekinti a doh\u00e1nyosokat. Az viszont m\u00e9g k\u00e1rosabb, amikor egy semmib\u0151l l\u00e9trehozott szervezet diszpon\u00e1l minden k\u00e9rd\u00e9sben, \u00e9s a szervezet egys\u00e9gei nem tartoznak besz\u00e1mol\u00f3val semmilyen m\u00e1s szervezet fel\u00e9, vagyis nincs f\u00e9k a rendszerben.<\/p>\n<p><!--more--><\/p>\n<p>T\u00f6rt\u00e9nt kis haz\u00e1nkban, hogy 2013 j\u00falius\u00e1ban t\u00f6bb\u00e9-kev\u00e9sb\u00e9 megnyitottak a trafikok, melyekkel a Fidesz z\u00f6m\u00e9ben saj\u00e1t holdudvar\u00e1ban osztott fel egy t\u00f6bb milli\u00e1rd forintos \u00fczletet. J\u00falius 15-ig sok mindent nem vettek \u00e9szre az emberek, hiszen a r\u00e9gi \u00e1rus\u00edt\u00f3helyeken is lehetett doh\u00e1ny\u00e1rut kapni, azt\u00e1n j\u00falius 16-\u00e1n m\u00e1r mindenki csak a Nemzeti Doh\u00e1nyboltokban v\u00e1s\u00e1rolhatta meg a doh\u00e1nyt.<\/p>\n<p>Az \u00e1tlagpolg\u00e1r joggal hiheti azt, hogy a trafikok \u00fagy fognak m\u0171k\u00f6dni majd, ahogy egy \u00e1tlagos bolt. P\u00e9ld\u00e1ul be kell majd szerezni a m\u0171k\u00f6d\u00e9si enged\u00e9lyt a helyi jegyz\u0151t\u0151l, mint egy m\u00e1sik kereskedelmi egys\u00e9gnek, \u00e9s panasz eset\u00e9n a fogyaszt\u00f3v\u00e9delmi hivatalhoz lehet majd fordulni. Ebb\u0151l a k\u00e9t \u00e1ll\u00edt\u00e1sb\u00f3l sajnos egyik sem teljes\u00fcl, hiszen a trafikoknak nem kell enged\u00e9lyt k\u00e9rni az \u00e1rus\u00edt\u00e1shoz, a helyi jegyz\u0151 csup\u00e1n t\u00e1j\u00e9koztat\u00e1st kap a Nemzeti Doh\u00e1nykereskedelmi Nonprofit Zrt-t\u0151l. Teh\u00e1t helyben a jegyz\u0151 nem tudja azt szab\u00e1lyozni, hogy hol ny\u00edlik trafik. Ezzel elker\u00fclhet\u0151 lenne, hogy ne egy helyen ny\u00edljanak a boltok, esetleg szab\u00e1lyozhat\u00f3 lenne az adott telep\u00fcl\u00e9s ell\u00e1totts\u00e1ga sokkal egyenletesebb lehetett volna. Viszont azoknak, akik koncesszi\u00f3t nyertek sok plusz terhet jelentett volna, ha a helyiek megpr\u00f3b\u00e1lj\u00e1k szab\u00e1lyozni hol ny\u00edlik meg a trafik. Ahogy ez egy \u00e1llateledel bolt, egy vegyesbolt, egy \u00e9lelmiszer bolt eset\u00e9ben term\u00e9szetes.<\/p>\n<p>A m\u00e1sik probl\u00e9ma, ha az \u00e1llampolg\u00e1rnak van probl\u00e9m\u00e1ja. Ha nincs megel\u00e9gedve a kiszolg\u00e1l\u00e1s min\u0151s\u00e9g\u00e9vel, vagy esetleg nincs nyitva egy bolt nyitvatart\u00e1si id\u0151ben, akkor a fogyaszt\u00f3v\u00e9delemhez fordulhat panasz\u00e1val. A hat\u00f3s\u00e1g kivizsg\u00e1lja az \u00fcgyet \u00e9s int\u00e9zkedik. A <a title=\"Civilhetes \u00fajs\u00e1g\" href=\"http:\/\/civilhetes.hu\/civilhetes-3-evfolyam-16-szam#.UfltrG0lGYF\" target=\"_blank\">Civilhetes <\/a>\u00fajs\u00e1g egyik olvas\u00f3ja panaszt tett egy dorogi trafikkal kapcsolatosan, ugyanis nem tartott\u00e1k be a kif\u00fcggesztett nyitvatart\u00e1si id\u0151t. Level\u00e9t el is k\u00fcldte a Kom\u00e1rom- Esztergom Megyei Korm\u00e1nyhivatal Fogyaszt\u00f3v\u00e9delmi Fel\u00fcgyel\u0151s\u00e9g\u00e9nek:<\/p>\n<p style=\"padding-left: 30px;\"><em>Sajn\u00e1lattal vettem tudom\u00e1sul, hogy a Nemzeti Doh\u00e1nykereskedelmi Zrt. honlapj\u00e1n tal\u00e1lhat\u00f3 \u00fcgyf\u00e9lszolg\u00e1lati telefonsz\u00e1m\u00e1n (h\u00e9tk\u00f6znap 9-15 \u00f3r\u00e1ig) senki nem volt el\u00e9rhet\u0151, t\u00f6bbsz\u00f6ri pr\u00f3b\u00e1lkoz\u00e1sra sem, csak \u00fczenetr\u00f6gz\u00edt\u00e9sre volt lehet\u0151s\u00e9g. \u00cdgy egy Nemzeti Doh\u00e1nyboltra nem tudtam panaszt tenni.<\/em><\/p>\n<p style=\"padding-left: 30px;\"><em>Ez\u00faton \u00d6n\u00f6kn\u00e9l szeretn\u00e9k panaszt tenni a Dorog v\u00e1ros\u00e1ban tal\u00e1lhat\u00f3 K\u00f6zt\u00e1rsas\u00e1g \u00fat 118. sz\u00e1m alatt l\u00e9v\u0151 Nemzeti Doh\u00e1nyboltra, A ki\u00edrt inform\u00e1ci\u00f3k szerint minden nap 05:00-23:00-ig v\u00e1llalj\u00e1k a nyitva tart\u00e1st. Ellenben, t\u00f6bbsz\u00f6r felkerestem a Doh\u00e1nyboltot 21 \u00f3ra magass\u00e1g\u00e1ban \u00e9s meglep\u0151dve l\u00e1ttam, hogy az \u00fczlet m\u00e1r nem volt nyitva ebben az id\u0151ben.<\/em><br \/>\n<em> K\u00e9rem az \u00e1ltalam megjel\u00f6lt Nemzeti Doh\u00e1nybolt nyitva tart\u00e1si idej\u00e9nek fel\u00fclvizsg\u00e1lat\u00e1t.<\/em><br \/>\n<em> K\u00f6sz\u00f6n\u00f6m!<\/em><br \/>\n<em> \u00dcdv\u00f6zlettel:<\/em><br \/>\n<em> XY<\/em><\/p>\n<p>Mi t\u00f6rt\u00e9nt ezut\u00e1n? Nem az, amire sz\u00e1m\u00edthatunk egy m\u00e1sik kereskedelmi egys\u00e9g eset\u00e9ben. Hanem a korm\u00e1nyhivatal illet\u00e9kese klaviat\u00far\u00e1t ragadott \u00e9s a k\u00f6vetkez\u0151 levelet k\u00fcldte vissza a panaszosnak:<\/p>\n<p style=\"padding-left: 30px;\"><em>Tisztelt XY!<\/em><\/p>\n<p style=\"padding-left: 30px;\"><em>2013. j\u00falius 17. napj\u00e1n \u00e9rkezett meg az e-mail \u00fatj\u00e1n a Kom\u00e1rom-Esztergom Megyei Korm\u00e1nyhivatal Fogyaszt\u00f3v\u00e9delmi Fel\u00fcgyel\u0151s\u00e9g\u00e9re beadv\u00e1nya, melyben a Dorog, K\u00f6zt\u00e1rsas\u00e1g \u00fat 118. sz\u00e1m alatt m\u0171k\u00f6d\u0151 Nemzeti Doh\u00e1nybolt nyitvatart\u00e1si idej\u00e9nek be nem tart\u00e1s\u00e1ra panaszkodik.<\/em><\/p>\n<p style=\"padding-left: 30px;\"><em>Ez\u00faton t\u00e1j\u00e9koztatom, hogy bejelent\u00e9s\u00e9nek kivizsg\u00e1l\u00e1s\u00e1ra hat\u00f3s\u00e1gom nem rendelkezik hat\u00e1sk\u00f6rrel, \u00edgy azt a t\u00e1j\u00e9koztat\u00e1s c\u00e9lj\u00e1b\u00f3l mell\u00e9kelten megk\u00fcldtem a Nemzeti Doh\u00e1nykereskedelmi Nonprofit Zrt.-nek az ellenorzes@nemzetidohany.hu c\u00edmre.<\/em><\/p>\n<p style=\"padding-left: 30px;\"><em>A bejelent\u00e9s kivizsg\u00e1l\u00e1s\u00e1t \u00e1s v\u00e1laszad\u00e1st a tov\u00e1bbiakban a Zrt-t\u0151l v\u00e1rhatja.<\/em><\/p>\n<p style=\"padding-left: 30px;\"><em>Tatab\u00e1nya, 2013. j\u00falius 22.<\/em><br \/>\n<em> Tisztelettel:<\/em><br \/>\n<em> Dr. Bures Gabriella<\/em><br \/>\n<em> Fel\u00fcgyel\u0151s\u00e9g-vezet\u0151<\/em><\/p>\n<p>Mi k\u00f6vetkezik ebb\u0151l? A trafikok senkinek \u00e9s semminek nem tartoznak besz\u00e1mol\u00f3val csak a Nemzeti Doh\u00e1nykereskedelmi Nonprofit Zrt-nek. A Fidesz-KDNP korm\u00e1ny \u00e1ltal l\u00e9trehozott mutyi g\u00e9pezet m\u0171k\u00f6d\u00e9s\u00e9t nagyon j\u00f3l jellemzi a fenti k\u00e9t eset. Felosztott\u00e1k a piacot egym\u00e1s k\u00f6z\u00f6tt \u00e9s minden f\u00e9ket, minden ellen\u0151rz\u00e9si pontot vagy kiiktattak, vagy saj\u00e1t emberre, szervre b\u00edzt\u00e1k.<\/p>\n<p>Trafik \u00fcgyben ugyanaz t\u00f6rt\u00e9nt, mint amit orsz\u00e1gosan csin\u00e1ltak 2010 \u00f3ta az igazs\u00e1gszolg\u00e1ltat\u00e1ssal, az oktat\u00e1ssal, a szoci\u00e1lis rendszerrel. Aki eddig nem k\u00f6vette az orsz\u00e1gos h\u00edreket, fejlem\u00e9nyeket az ez ut\u00e1n el tudja k\u00e9pzelni, hogy hogyan m\u0171k\u00f6dik ma Magyarorsz\u00e1g. Csak a trafikos p\u00e9ld\u00e1n\u00e1l maradva: korl\u00e1tozt\u00e1k a kereskedelmet \u00fagy, hogy uni\u00f3s tagok vagyunk, ahol ez az egyik alappill\u00e9r. \u00dagy \u00fczemeltetnek egy majd 5000 tagot sz\u00e1ml\u00e1l\u00f3 kereskedelmi h\u00e1l\u00f3zatot, hogy a hat\u00f3s\u00e1goknak semmi belesz\u00f3l\u00e1suk nincs \u00e9s v\u00e9g\u00fcl: l\u00e9trehoztak egy olyan szervet, ami vez\u00e9nyli az eg\u00e9sz \u00fajraoszt\u00e1st. Egy olyan rendszert \u00e9s egy olyan szervezetet hoztak l\u00e9tre, ami vetekedik az els\u0151 helyez\u00e9s tekintet\u00e9ben a KLIK-kel a leghaszontalanabb szervezet verseny\u00e9ben.<\/p>\n<p><strong>Persze vannak, akik jobban j\u00e1rnak, de vajon \u0151k vannak t\u00f6bben?<\/strong><\/p>\n","protected":false},"excerpt":{"rendered":"<p>A doh\u00e1nyz\u00e1s k\u00e1ros, ez nem vitat\u00e9ma. Viszont az is k\u00e1ros, amikor a korm\u00e1nyzat t\u00f6bb t\u00edzezer ember meg\u00e9lhet\u00e9s\u00e9t vesz\u00e9lyezteti, \u00e9s m\u00e1sodrang\u00fa embernek tekinti a doh\u00e1nyosokat. Az viszont m\u00e9g k\u00e1rosabb, amikor egy semmib\u0151l l\u00e9trehozott szervezet diszpon\u00e1l minden k\u00e9rd\u00e9sben, \u00e9s a szervezet egys\u00e9gei nem tartoznak besz\u00e1mol\u00f3val semmilyen m\u00e1s szervezet fel\u00e9, vagyis nincs f\u00e9k a rendszerben. <a href=\"https:\/\/www.mszporoszlany.hu\/?p=2302\">Egy kattint\u00e1s ide a folytat\u00e1shoz&#8230;. <span class=\"meta-nav\">&rarr;<\/span><\/a><\/p>\n","protected":false},"author":35,"featured_media":0,"comment_status":"open","ping_status":"closed","sticky":false,"template":"","format":"standard","meta":{"footnotes":""},"categories":[1],"tags":[1535,1529,231,1538,60,1536,1531,1530,1462,1533,1534,1537,1532,1200],"class_list":["post-2302","post","type-post","status-publish","format-standard","hentry","category-egyeb","tag-civilhetes","tag-dohanyzas","tag-dorog","tag-ellenorzesnemzetidohany-hu","tag-fidesz","tag-komarom-esztergom-megyei-kormanyhivatal-fogyasztovedelmi-felugyeloseg","tag-masodrangu-emberek","tag-megelhetes","tag-mutyi","tag-nemzeti-dohanybolt","tag-nemzeti-dohanykereskedelmi-nonprofit-zrt","tag-nyitva-tartas","tag-trafik","tag-veszelyeztetes"],"_links":{"self":[{"href":"https:\/\/www.mszporoszlany.hu\/index.php?rest_route=\/wp\/v2\/posts\/2302","targetHints":{"allow":["GET"]}}],"collection":[{"href":"https:\/\/www.mszporoszlany.hu\/index.php?rest_route=\/wp\/v2\/posts"}],"about":[{"href":"https:\/\/www.mszporoszlany.hu\/index.php?rest_route=\/wp\/v2\/types\/post"}],"author":[{"embeddable":true,"href":"https:\/\/www.mszporoszlany.hu\/index.php?rest_route=\/wp\/v2\/users\/35"}],"replies":[{"embeddable":true,"href":"https:\/\/www.mszporoszlany.hu\/index.php?rest_route=%2Fwp%2Fv2%2Fcomments&post=2302"}],"version-history":[{"count":0,"href":"https:\/\/www.mszporoszlany.hu\/index.php?rest_route=\/wp\/v2\/posts\/2302\/revisions"}],"wp:attachment":[{"href":"https:\/\/www.mszporoszlany.hu\/index.php?rest_route=%2Fwp%2Fv2%2Fmedia&parent=2302"}],"wp:term":[{"taxonomy":"category","embeddable":true,"href":"https:\/\/www.mszporoszlany.hu\/index.php?rest_route=%2Fwp%2Fv2%2Fcategories&post=2302"},{"taxonomy":"post_tag","embeddable":true,"href":"https:\/\/www.mszporoszlany.hu\/index.php?rest_route=%2Fwp%2Fv2%2Ftags&post=2302"}],"curies":[{"name":"wp","href":"https:\/\/api.w.org\/{rel}","templated":true}]}}