{"id":2307,"date":"2013-08-07T05:30:16","date_gmt":"2013-08-07T04:30:16","guid":{"rendered":"http:\/\/www.mszporoszlany.hu\/?p=2307"},"modified":"2013-08-07T05:32:38","modified_gmt":"2013-08-07T04:32:38","slug":"idorend","status":"publish","type":"post","link":"https:\/\/www.mszporoszlany.hu\/?p=2307","title":{"rendered":"Id\u0151rend"},"content":{"rendered":"<p><strong><img loading=\"lazy\" decoding=\"async\" class=\"alignleft size-full wp-image-2309\" alt=\"Remondis-200\" src=\"https:\/\/www.mszporoszlany.hu\/wp-content\/uploads\/2013\/08\/Remondis-200.png\" width=\"200\" height=\"120\" \/>2013.07.29 \u2013 oroszlany.hu<\/strong><br \/>\n<em>Oroszl\u00e1ny V\u00e1ros \u00d6nkorm\u00e1nyzata 2012. \u00e9v k\u00f6zep\u00e9t\u0151l kezd\u0151d\u0151 t\u00e1rgyal\u00e1ssorozat v\u00e9g\u00e9n meg\u00e1llapodott a n\u00e9met Remondis c\u00e9ggel abban, hogy a meglev\u0151 8%-os tulajdon r\u00e9sze f\u00f6l\u00f6tt tov\u00e1bbi 75 %-os r\u00e9szt megv\u00e1s\u00e1rol, brutt\u00f3 576 MFt \u00f6sszegben. Az ehhez sz\u00fcks\u00e9ges korm\u00e1nyenged\u00e9lyt megszerezte, de EU-s hitelfelv\u00e9teli k\u00f6zbeszerz\u00e9si p\u00e1ly\u00e1zata sikertelen\u00fcl z\u00e1rult le. A meg\u00e1llapod\u00e1s 2013. j\u00falius 31-\u00e9n lej\u00e1r, ha nem t\u00f6rt\u00e9nik meg a kifizet\u00e9s. A Korm\u00e1ny l\u00e1tva ennek a v\u00e1s\u00e1rl\u00e1snak a strat\u00e9giai jelent\u0151s\u00e9g\u00e9t &#8211; az orsz\u00e1ggy\u0171l\u00e9si k\u00e9pvisel\u0151 seg\u00edts\u00e9g\u00e9vel &#8211; anyagi t\u00e1mogat\u00e1st ny\u00fajt a d\u00f6nt\u00e9s\u00e9vel ennek az \u00fczletr\u00e9sznek a megv\u00e1s\u00e1rl\u00e1s\u00e1hoz. A v\u00e9tel\u00e1r kifizet\u00e9se j\u00falius 31-\u00e9n megt\u00f6rt\u00e9nt, a r\u00e9szv\u00e9nycsere folyamata elindult.<\/em><\/p>\n<p><!--more--><\/p>\n<p><strong>2013.07.29 \u2013 Oroszl\u00e1nyi telev\u00edzi\u00f3<\/strong><br \/>\n<em> Id\u00e9n \u00e1prilisban d\u00f6nt\u00f6tte el a k\u00e9pvisel\u0151-test\u00fclet t\u00f6bbs\u00e9ge, hogy 576 milli\u00f3 forint\u00e9rt megv\u00e1s\u00e1rolja a parkfenntart\u00f3-hullad\u00e9kkezel\u0151 Remondis c\u00e9g 75 %-\u00e1t. Ezzel a v\u00e1ros m\u00e1r megl\u00e9v\u0151 8 %-os tulajdonr\u00e9sze 83%-ra emelkedett volna. A v\u00e1s\u00e1rl\u00e1shoz sz\u00fcks\u00e9ges hitelfelv\u00e9telhez megj\u00f6tt ugyan a sz\u00fcks\u00e9ges korm\u00e1nyenged\u00e9lyt, de a k\u00f6zbeszerz\u00e9si elj\u00e1r\u00e1s v\u00e9g\u00e9n egy bank sem adott k\u00f6lcs\u00f6nt a v\u00e1rosnak. A polg\u00e1rmester sajt\u00f3referens\u00e9nek \u00edr\u00e1sa szerint a Remondis n\u00e9met tulajdonosaival k\u00f6t\u00f6tt meg\u00e1llapod\u00e1s j\u00falius 31-\u00e9n lej\u00e1r, ha nem t\u00f6rt\u00e9nik meg a kifizet\u00e9s, ez\u00e9rt: &#8222;a Korm\u00e1ny l\u00e1tva ennek a v\u00e1s\u00e1rl\u00e1snak a strat\u00e9giai jelent\u0151s\u00e9g\u00e9t &#8211; az orsz\u00e1ggy\u0171l\u00e9si k\u00e9pvisel\u0151 seg\u00edts\u00e9g\u00e9vel &#8211; anyagi t\u00e1mogat\u00e1st ny\u00fajt a d\u00f6nt\u00e9s\u00e9vel ennek az \u00fczletr\u00e9sznek a megv\u00e1s\u00e1rl\u00e1s\u00e1hoz.&#8221; A Magyar K\u00f6zl\u00f6nyben megjelentek szerint a Korm\u00e1ny j\u00falius 29-\u00e9n hat\u00e1rozott arr\u00f3l, hogy Oroszl\u00e1nyt 280 milli\u00f3 forintos k\u00f6lcs\u00f6nben r\u00e9szes\u00edti. Ezt az \u00f6sszeget a v\u00e1rosnak decemberben m\u00e1r vissza is kell fizetnie.<\/em><\/p>\n<p><em>A h\u00edr azonban egyel\u0151re nem sz\u00f3l a k\u00f6vetkez\u0151 fontos k\u00e9rd\u00e9sekr\u0151l.<\/em><\/p>\n<ul>\n<li><em>Honnan teremti el\u0151 szerd\u00e1ig a v\u00e1ros az 576 milli\u00f3 forintos v\u00e1s\u00e1rl\u00e1si \u00f6sszeghez m\u00e9g hi\u00e1nyz\u00f3 296 milli\u00f3 forintot?<\/em><\/li>\n<li><em>Mib\u0151l fizeti vissza az \u00e1llami k\u00f6lcs\u00f6nt decemberben?<\/em><\/li>\n<li><em>Mib\u0151l \u00e9s hogyan v\u00e1s\u00e1rolja meg a r\u00e9szv\u00e9nyek fennmarad\u00f3 (dolgoz\u00f3i k\u00e9zben l\u00e9v\u0151) 17 %-\u00e1t?<\/em><\/li>\n<\/ul>\n<p><em> A legfrissebb t\u00f6rv\u00e9nyi szigor\u00edt\u00e1s \u00e9rtelm\u00e9ben ugyanis a hullad\u00e9kszolg\u00e1ltat\u00f3 c\u00e9geknek sz\u00e1z sz\u00e1zal\u00e9kos \u00e1llami vagy \u00f6nkorm\u00e1nyzati tulajdonban kell lennie. A k\u00f6vetkez\u0151 napok esem\u00e9nyei minden bizonnyal v\u00e1laszt adnak a k\u00e9rd\u00e9sekre.<\/em><\/p>\n<p><strong>2013.08.01 \u2013 Facebook<\/strong><br \/>\n<em>Tak\u00e1cs K\u00e1roly \u2013 A 75 % (+ 8% van) \u00e9rdemi d\u00f6nt\u00e9seket tudunk hozni a t\u00e1rsas\u00e1gban, ahol nem profit maxim\u00e1l\u00e1s \u00e9s befektet\u00e9s minimaliz\u00e1l\u00e1s lesz a f\u0151 szempont. T\u00f6bb agg\u00f3d\u00f3 \u00e9rdekl\u0151d\u00e9s is volt az ell\u00e1tott telep\u00fcl\u00e9sek polg\u00e1rmestereit\u0151l az elm\u00falt napokban, mivel az \u00faj hullad\u00e9kgazd\u00e1lkod\u00e1si t\u00f6rv\u00e9ny komoly el\u0151\u00edr\u00e1sokat tesz meg. Azonnal meg kell kezden\u00fcnk az \u00faj hullad\u00e9k t\u00e1rol\u00f3 b\u0151v\u00edt\u00e9si munk\u00e1it \u2013 el\u0151bb az enged\u00e9lyek megszerz\u00e9s\u00e9t. A KDVH\u00d6T EU KEOP p\u00e1ly\u00e1zat\u00e1t korm\u00e1ny felmondta, teh\u00e1t szelekt\u00edv hullad\u00e9kgy\u0171jt\u00e9s beruh\u00e1z\u00e1sban most erre nem sz\u00e1m\u00edthatunk m\u00e1r. Nagyon sok munka lesz m\u00e9g.<\/em><\/p>\n<p><em>Ezzel a Sz\u00e9kely \u00far\u00e9k \u00e1ltal \u2013 alig 60 M Ft-\u00e9rt \u2013 1995-ben eladott v\u00e1rosi c\u00e9g v\u00e1rosi (\u00e1llami) tulajdonban van ism\u00e9t! De most err\u0151l vajon megjelenik egy \u00faj mszp\u00e9s EHETI? Vajon ez\u00e9rt t\u00e1voztak a rendk\u00edv\u00fcli \u00fcl\u00e9sr\u0151l? Biztosan restellik az \u00fcgyet.<\/em><\/p>\n<p><strong>2013.08.01 \u2013 Facebook<\/strong><br \/>\n<em>Tak\u00e1cs K\u00e1roly \u2013 A szem\u00e9tsz\u00e1ll\u00edt\u00e1s lesz egy\u00e1ltal\u00e1n \u2013ez is nagy eredm\u00e9ny\u2013, mert ennyi\u00e9rt a multi c\u00e9gek m\u00e1r kivonuln\u00e1nak! Egy\u00e9bk\u00e9nt a Tisztelt szocialista szimpatiz\u00e1nsok nem szeretik hallgatni, de sajnos az\u00e9rt kell k\u00f6zel 10x \u00e1ron visszav\u00e1s\u00e1rolni a c\u00e9get, mert az \u0150 igen tisztelt &#8222;vez\u00e9reik&#8221; eladt\u00e1k anno! Igen, s menet k\u00f6zben akiknek eladt\u00e1k k\u00f6r\u00fcl bel\u00fcl a mostani v\u00e9tel\u00e1rnak megfelel\u0151 \u00f6sszeget kiutaztattak \u2013 profitk\u00e9nt!<\/em><\/p>\n<p><strong>2013.08.02 \u2013 oroszlany.hu<\/strong><br \/>\n<em>Meg\u00e9rkezett Oroszl\u00e1ny sz\u00e1ml\u00e1j\u00e1ra a n\u00e9met tulajdon\u00fa hullad\u00e9ksz\u00e1ll\u00edt\u00f3 c\u00e9g, a Remondis megv\u00e1s\u00e1rl\u00e1s\u00e1ra sz\u00e1nt, brutt\u00f3 576 milli\u00f3 forint korm\u00e1nyzati t\u00e1mogat\u00e1s m\u00e1sodik, 296 milli\u00f3 forintos r\u00e9szlete. A j\u00falius 31-\u00e9n m\u00e1r utalt 280 milli\u00f3 forinttal egy\u00fctt ezzel teljess\u00e9 v\u00e1lt a t\u00e1mogat\u00e1si \u00f6sszeg.<\/em><\/p>\n<p><em>A korm\u00e1nyzati t\u00e1mogat\u00e1snak k\u00f6sz\u00f6nhet\u0151en Oroszl\u00e1ny hitelfelv\u00e9tel, teh\u00e1t kamatk\u00f6lts\u00e9g n\u00e9lk\u00fcl jut birtok\u00e1ba a v\u00e1ros \u00e9s a k\u00f6rnyez\u0151 telep\u00fcl\u00e9sek hullad\u00e9ksz\u00e1ll\u00edt\u00e1si k\u00f6zfeladat\u00e1t ell\u00e1t\u00f3 c\u00e9gnek. A c\u00e9g t\u00f6bbs\u00e9gi r\u00e9szv\u00e9nytulajdon\u00e1t 1995-ben, Sz\u00e9kely Antal szocialista polg\u00e1rmester idej\u00e9ben privatiz\u00e1lta el az akkori v\u00e1rosvezet\u00e9s 59 milli\u00f3 forint\u00e9rt. A n\u00e9met tulajdonosok az\u00f3ta minden \u00e9vben jelent\u0151s hasznot realiz\u00e1ltak a szolg\u00e1ltat\u00e1sb\u00f3l.<\/em><\/p>\n<p><em>Tak\u00e1cs K\u00e1roly polg\u00e1rmester szerint ezzel a v\u00e1s\u00e1rl\u00e1ssal a v\u00e1ros meg tud felelni a rezsics\u00f6kkent\u00e9s \u00e9s az \u00faj hullad\u00e9kt\u00f6rv\u00e9ny el\u0151\u00edr\u00e1sainak. Tov\u00e1bbi el\u0151ny, hogy a k\u00e9t v\u00e1rosi k\u00f6zszolg\u00e1ltat\u00f3 c\u00e9g (a Remondis \u00e9s az Oroszl\u00e1nyi Szolg\u00e1ltat\u00f3 Zrt.) feladatainak \u00e1tvizsg\u00e1l\u00e1s\u00e1val \u00e9s \u00fajraszab\u00e1lyoz\u00e1s\u00e1val hat\u00e9konyabb\u00e1 \u00e9s takar\u00e9kosabb\u00e1 tehet\u0151 a v\u00e1rosgazd\u00e1lkod\u00e1s. A v\u00e1rosvezet\u00e9s augusztus 6-\u00e1n &#8222;tulajdonosv\u00e1lt\u00f3 munk\u00e1sgy\u0171l\u00e9sen&#8221; t\u00e1j\u00e9koztatja a munkav\u00e1llal\u00f3kat a tulajdonosv\u00e1lt\u00e1s r\u00e9szleteir\u0151l.<\/em><\/p>\n<p>Ennyi a r\u00f6vid t\u00f6rt\u00e9net \u00f6sszefoglal\u00e1sa, s most arr\u00f3l ne besz\u00e9lj\u00fcnk, hogy szeretett vez\u00e9r\u00fcnk egyik napr\u00f3l a m\u00e1sikra, mint a saj\u00e1tj\u00e1t osztogatja az ad\u00f3fizet\u0151k forintjait \u2013 amit persze az ad\u00f3fizet\u0151k vissza fognak kamatost\u00f3l fizetni, l\u00e1sd p\u00e9ld\u00e1nak a bankok \u00e1ltal \u00e1th\u00e1r\u00edtott tranzakci\u00f3s ad\u00f3t.<\/p>\n<p>De most ne legyen savany\u00fa a sz\u0151l\u0151, \u00f6r\u00fclj\u00fcnk egy\u00fctt m\u00e9g az olyan agyament \u00f6sszehasonl\u00edt\u00e1snak is, mint mennyi az annyi ma \u00e9s 18 \u00e9vvel ezel\u0151tt. B\u00e1r itt \u00e1lljunk meg egy pillanatra: 1995-ben 59 milli\u00f3 forint\u00e9rt v\u00e1lt meg a v\u00e1ros a c\u00e9gt\u0151l (hogy ez j\u00f3 volt, vagy nem, azt mindenki p\u00e1rt\u00e1ll\u00e1sa szerint \u00edt\u00e9lje meg, mert ahogy n\u00e9zem a facebookos bejegyz\u00e9seket, korrekt \u00e9rt\u00e9kel\u00e9snek itt m\u00e1r nincsen helye).<\/p>\n<p>Sz\u00f3val az akkori p\u00e9nz mai \u00e9rt\u00e9k\u00e9t szeml\u00e9ltess\u00fck kicsit h\u00e9tk\u00f6znapibb m\u00f3dom:<br \/>\n1995-ben 59 forint volt egy kors\u00f3 K\u0151b\u00e1nyai a Sziget fesztiv\u00e1lon. \u00d6t \u00e9ve 320, 2009-ben 450, 2010-ben 500, tavaly pedig 530 forint volt egy kors\u00f3 Dreher. 2013-ban 20 forint h\u00edj\u00e1n hatsz\u00e1zba ker\u00fcl, azaz k\u00f6zel t\u00edzszeres az infl\u00e1ci\u00f3.<br \/>\nPersze a Sziget-s\u00f6rt csak akkor kortyolhatjuk, csak ha van bel\u00e9p\u0151nk. Egy napijegy 1995-ben 500 forint volt, 2000-ben pont 2000, \u00f6t \u00e9vre r\u00e1 5000, 2010-ben 12 000, id\u00e9n pedig m\u00e9g egy ezressel t\u00f6bb. Lehetne m\u00e9g sorolni v\u00e9g n\u00e9lk\u00fcl a p\u00e9ld\u00e1kat, de nincsen semmi \u00e9rtelme, ugyanis b\u00e1rmilyen j\u00f3l is adt\u00e1k el anno a v\u00e1rosi c\u00e9get, a helyi fideszesek szerint akkor is rossz \u00fczlet volt, mert nem &#8222;\u0150k&#8221; csin\u00e1lt\u00e1k.<\/p>\n<p>S, ha m\u00e1r \u00e1lland\u00f3an h\u00e1trafel\u00e9 mutogatunk: ugyanezen gondolatmenet ment\u00e9n, mai \u00e1ron vajon mennyit is \u00e9r az a Tak\u00e1cs K\u00e1roly \u00e1ltal 2002-ben felvett 25 milli\u00f3s v\u00e9gkiel\u00e9g\u00edt\u00e9s, ami \u2013 \u00e1llami c\u00e9g l\u00e9v\u00e9n \u2013 szint\u00e9n az ad\u00f3fizet\u0151k zseb\u00e9t terhelte?<\/p>\n<p>Hogy mekkora a katyvasz ebben a v\u00e1rosban, arr\u00f3l mi sem sz\u00f3l jobban, mint egy internetes bejegyz\u00e9s a k\u00f6zelm\u00faltb\u00f3l: <em>Minden h\u00e9ten hangos a F\u0151t\u00e9r az ott lak\u00f3k nagy \u00f6r\u00f6m\u00e9re. Biciklizhet\u00fcnk szab\u00e1lytalanul, \u00e9s vesz\u00e9lyesen az \u00faj bicikli \u00faton. T\u00e1mogatunk olyanokat, akik nem \u00e9rdemlik meg. Sp\u00f3roltunk a h\u00f3 el nem takar\u00edt\u00e1sb\u00f3l, \u00e9s nincs is gond, mert h\u00e1t minden \u00fat cs\u00fasz\u00e1smentes. Lesz \u00faj stadionunk ahol d\u00fch\u00f6nghet\u00fcnk, lesz \u00faj strandunk amiben leh\u0171thetj\u00fck magunkat, \u00e9s lesz j\u00f3 dr\u00e1ga f\u0171t\u00e9s\u00fcnk, ha m\u00e9gis f\u00e1zn\u00e1nk. Nem pazaroltuk a p\u00e9nzt \u00e9rt\u00e9kteremt\u00e9sre, mert azt m\u00e1r megtett\u00e9k az elm\u00falt id\u0151szakban, \u00edgy arra nem is kell vigy\u00e1zni, vigye akinek kell. Nem akarunk orvoshoz j\u00e1rni, mert \u00fagyse jutunk be, amikor kellene. Hol itt a probl\u00e9ma? Ja, hogy a hullad\u00e9k elhelyez\u00e9s probl\u00e9m\u00e1s? K\u00e9pzelj\u00fck magunkat Olaszorsz\u00e1gba, ott ez mindennapos \u00fcgy.<\/em><\/p>\n<p>Mindenki azt kapja, amit meg\u00e9rdemel. \u00dagy l\u00e1tszik, mi ezt \u00e9rdemelj\u00fck\u2026<\/p>\n","protected":false},"excerpt":{"rendered":"<p>Oroszl\u00e1ny V\u00e1ros \u00d6nkorm\u00e1nyzata 2012. \u00e9v k\u00f6zep\u00e9t\u0151l kezd\u0151d\u0151 t\u00e1rgyal\u00e1ssorozat v\u00e9g\u00e9n meg\u00e1llapodott a n\u00e9met Remondis c\u00e9ggel abban, hogy a meglev\u0151 8%-os tulajdon r\u00e9sze f\u00f6l\u00f6tt tov\u00e1bbi 75 %-os r\u00e9szt megv\u00e1s\u00e1rol, brutt\u00f3 576 MFt \u00f6sszegben. Az ehhez sz\u00fcks\u00e9ges korm\u00e1nyenged\u00e9lyt megszerezte, de EU-s hitelfelv\u00e9teli k\u00f6zbeszerz\u00e9si p\u00e1ly\u00e1zata sikertelen\u00fcl z\u00e1rult le. A meg\u00e1llapod\u00e1s 2013. j\u00falius 31-\u00e9n lej\u00e1r, ha nem t\u00f6rt\u00e9nik meg a kifizet\u00e9s. A Korm\u00e1ny l\u00e1tva ennek a v\u00e1s\u00e1rl\u00e1snak a strat\u00e9giai jelent\u0151s\u00e9g\u00e9t &#8211; az orsz\u00e1ggy\u0171l\u00e9si k\u00e9pvisel\u0151 seg\u00edts\u00e9g\u00e9vel &#8211; anyagi t\u00e1mogat\u00e1st ny\u00fajt a d\u00f6nt\u00e9s\u00e9vel ennek az \u00fczletr\u00e9sznek a megv\u00e1s\u00e1rl\u00e1s\u00e1hoz. A v\u00e9tel\u00e1r kifizet\u00e9se j\u00falius 31-\u00e9n megt\u00f6rt\u00e9nt, a r\u00e9szv\u00e9nycsere folyamata elindult. <a href=\"https:\/\/www.mszporoszlany.hu\/?p=2307\">Egy kattint\u00e1s ide a folytat\u00e1shoz&#8230;. <span class=\"meta-nav\">&rarr;<\/span><\/a><\/p>\n","protected":false},"author":35,"featured_media":0,"comment_status":"open","ping_status":"closed","sticky":false,"template":"","format":"standard","meta":{"footnotes":""},"categories":[194],"tags":[1539,1542,1543,1541,681,131,1540,1383,61,9],"class_list":["post-2307","post","type-post","status-publish","format-standard","hentry","category-oroszlany","tag-576-mft","tag-kdvhot","tag-keop","tag-magyar-kozlony","tag-oroszlany-varos-onkormanyzata","tag-oroszlanyi-szolgaltato-zrt","tag-parkfenntarto-hulladekkezelo","tag-remondis","tag-szekely-antal","tag-takacs-karoly"],"_links":{"self":[{"href":"https:\/\/www.mszporoszlany.hu\/index.php?rest_route=\/wp\/v2\/posts\/2307","targetHints":{"allow":["GET"]}}],"collection":[{"href":"https:\/\/www.mszporoszlany.hu\/index.php?rest_route=\/wp\/v2\/posts"}],"about":[{"href":"https:\/\/www.mszporoszlany.hu\/index.php?rest_route=\/wp\/v2\/types\/post"}],"author":[{"embeddable":true,"href":"https:\/\/www.mszporoszlany.hu\/index.php?rest_route=\/wp\/v2\/users\/35"}],"replies":[{"embeddable":true,"href":"https:\/\/www.mszporoszlany.hu\/index.php?rest_route=%2Fwp%2Fv2%2Fcomments&post=2307"}],"version-history":[{"count":0,"href":"https:\/\/www.mszporoszlany.hu\/index.php?rest_route=\/wp\/v2\/posts\/2307\/revisions"}],"wp:attachment":[{"href":"https:\/\/www.mszporoszlany.hu\/index.php?rest_route=%2Fwp%2Fv2%2Fmedia&parent=2307"}],"wp:term":[{"taxonomy":"category","embeddable":true,"href":"https:\/\/www.mszporoszlany.hu\/index.php?rest_route=%2Fwp%2Fv2%2Fcategories&post=2307"},{"taxonomy":"post_tag","embeddable":true,"href":"https:\/\/www.mszporoszlany.hu\/index.php?rest_route=%2Fwp%2Fv2%2Ftags&post=2307"}],"curies":[{"name":"wp","href":"https:\/\/api.w.org\/{rel}","templated":true}]}}