{"id":2311,"date":"2013-08-07T15:39:14","date_gmt":"2013-08-07T14:39:14","guid":{"rendered":"http:\/\/www.mszporoszlany.hu\/?p=2311"},"modified":"2013-08-07T15:39:14","modified_gmt":"2013-08-07T14:39:14","slug":"11-ev-utan-megszunhet-a-gyori-kek-duna-is","status":"publish","type":"post","link":"https:\/\/www.mszporoszlany.hu\/?p=2311","title":{"rendered":"11 \u00e9v ut\u00e1n megsz\u0171nhet a gy\u0151ri K\u00c9K DUNA is?"},"content":{"rendered":"<p><img loading=\"lazy\" decoding=\"async\" class=\"alignleft size-full wp-image-2312\" alt=\"KekDuna\" src=\"https:\/\/www.mszporoszlany.hu\/wp-content\/uploads\/2013\/08\/KekDuna.png\" width=\"200\" height=\"120\" \/>S<em>zeptemberben lej\u00e1r a m\u0171sorszolg\u00e1ltat\u00e1si jogosults\u00e1gunk \u00e9s a M\u00e9diatan\u00e1cs nem \u00edr ki p\u00e1ly\u00e1zatot a frekvencia meghosszabb\u00edt\u00e1s\u00e1ra. Szerintetek sincs sz\u00fcks\u00e9g Gy\u0151rben a K\u00c9K DUNA-ra?<\/em> \u2013 Egyszer\u0171 h\u00edr az ad\u00f3 Facebook oldal\u00e1r\u00f3l. Egy seg\u00e9lyki\u00e1lt\u00e1s, amire persze a hallgat\u00f3k felh\u00e1borodottan reag\u00e1lnak, p\u00e9ld\u00e1ul \u00edgy: <em>Nem csak Gy\u0151rben, de Tatab\u00e1ny\u00e1n is sz\u00fcks\u00e9g volna a K\u00c9K DUNA R\u00c1DI\u00d3RA!!!<\/em><\/p>\n<p><!--more--><\/p>\n<p>Mert ugye eml\u00e9kez\u00fcnk m\u00e9g arra, hogy kis haz\u00e1nkban is piacvezet\u0151 volt a K\u00c9K DUNA? Azt\u00e1n az t\u00f6rt\u00e9nt, hogy sz\u00e9pen lassan kiny\u00edrt\u00e1k, de van helyette FORR\u00c1S R\u00c1DI\u00d3! Amit a rossz nyelvek szerint Fidesz k\u00f6zeli v\u00e1llalkoz\u00f3k vettek meg, m\u00e9g mint RAD\u00cdR R\u00c1DI\u00d3T.<br \/>\nTavaly \u00edgy b\u00facs\u00fazott az ad\u00f3 hallgat\u00f3it\u00f3l Tatab\u00e1ny\u00e1n: <em>A K\u00c9K DUNA R\u00e1di\u00f3 tatab\u00e1nyai m\u0171k\u00f6d\u00e9si enged\u00e9lye 2012-ben lej\u00e1rt \u00e9s hely\u00e9n egy k\u00f6zszolg\u00e1lati r\u00e1di\u00f3 megjelen\u00edt\u00e9s\u00e9t tervezi a M\u00e9diatan\u00e1cs, ez\u00e9rt a r\u00e1di\u00f3 13 \u00e9v m\u0171k\u00f6d\u00e9s ut\u00e1n befejezte sug\u00e1rz\u00e1s\u00e1t a 107 MHz-en. Egyel\u0151re nem tudjuk, hogy ezen, vagy egy m\u00e1sik frekvenci\u00e1n visszat\u00e9rhet\u00fcnk-e Tatab\u00e1ny\u00e1ra. M\u0171sorunk a neten tov\u00e1bbra is foghat\u00f3, illetve a v\u00e1rosban t\u00f6bb helyen hallgathat\u00f3 gy\u0151ri ad\u00f3nk m\u0171sora a 90.5-\u00f6n.<\/em> \u2013 H\u00e1t akkor mostant\u00f3l Gy\u0151rben sem fog sz\u00f3lni.<\/p>\n<p>S hogy mi volt a b\u0171ne a DUN\u00c1NAK? Szinte semmi. Egyszer\u0171en csak nem \u00e1llt be a sorba, nem volt el\u00e9g hossz\u00fa nyelve, \u00e9s azt nem a megfelel\u0151 helyre dugta. Ma ennyi is el\u00e9g a kiny\u00edr\u00e1shoz. Persze mindez t\u00f6rv\u00e9nyesen, jogszer\u0171en \u2013 van mit tanulniuk a szocialist\u00e1knak.<br \/>\nB\u00e9ke poraira!<\/p>\n","protected":false},"excerpt":{"rendered":"<p>Szeptemberben lej\u00e1r a m\u0171sorszolg\u00e1ltat\u00e1si jogosults\u00e1gunk \u00e9s a M\u00e9diatan\u00e1cs nem \u00edr ki p\u00e1ly\u00e1zatot a frekvencia meghosszabb\u00edt\u00e1s\u00e1ra. Szerintetek sincs sz\u00fcks\u00e9g Gy\u0151rben a K\u00c9K DUNA-ra? \u2013 Egyszer\u0171 h\u00edr az ad\u00f3 facebook oldal\u00e1r\u00f3l. Egy seg\u00e9lyki\u00e1lt\u00e1s, amire persze a hallgat\u00f3k felh\u00e1borodottan reag\u00e1lnak, p\u00e9ld\u00e1ul \u00edgy: Nem csak Gy\u0151rben, de Tatab\u00e1ny\u00e1n is sz\u00fcks\u00e9g volna a K\u00c9K DUNA R\u00c1DI\u00d3RA!!! <a href=\"https:\/\/www.mszporoszlany.hu\/?p=2311\">Egy kattint\u00e1s ide a folytat\u00e1shoz&#8230;. <span class=\"meta-nav\">&rarr;<\/span><\/a><\/p>\n","protected":false},"author":35,"featured_media":0,"comment_status":"open","ping_status":"closed","sticky":false,"template":"","format":"standard","meta":{"footnotes":""},"categories":[195,196],"tags":[60,1546,1545,1544,782,179],"class_list":["post-2311","post","type-post","status-publish","format-standard","hentry","category-komarom-esztergom-megye","category-magyarorszag","tag-fidesz","tag-forras-radio","tag-gyor","tag-kek-duna-radio","tag-mediatanacs","tag-tatabanya"],"_links":{"self":[{"href":"https:\/\/www.mszporoszlany.hu\/index.php?rest_route=\/wp\/v2\/posts\/2311","targetHints":{"allow":["GET"]}}],"collection":[{"href":"https:\/\/www.mszporoszlany.hu\/index.php?rest_route=\/wp\/v2\/posts"}],"about":[{"href":"https:\/\/www.mszporoszlany.hu\/index.php?rest_route=\/wp\/v2\/types\/post"}],"author":[{"embeddable":true,"href":"https:\/\/www.mszporoszlany.hu\/index.php?rest_route=\/wp\/v2\/users\/35"}],"replies":[{"embeddable":true,"href":"https:\/\/www.mszporoszlany.hu\/index.php?rest_route=%2Fwp%2Fv2%2Fcomments&post=2311"}],"version-history":[{"count":0,"href":"https:\/\/www.mszporoszlany.hu\/index.php?rest_route=\/wp\/v2\/posts\/2311\/revisions"}],"wp:attachment":[{"href":"https:\/\/www.mszporoszlany.hu\/index.php?rest_route=%2Fwp%2Fv2%2Fmedia&parent=2311"}],"wp:term":[{"taxonomy":"category","embeddable":true,"href":"https:\/\/www.mszporoszlany.hu\/index.php?rest_route=%2Fwp%2Fv2%2Fcategories&post=2311"},{"taxonomy":"post_tag","embeddable":true,"href":"https:\/\/www.mszporoszlany.hu\/index.php?rest_route=%2Fwp%2Fv2%2Ftags&post=2311"}],"curies":[{"name":"wp","href":"https:\/\/api.w.org\/{rel}","templated":true}]}}