{"id":2325,"date":"2013-08-15T20:22:12","date_gmt":"2013-08-15T19:22:12","guid":{"rendered":"http:\/\/www.mszporoszlany.hu\/?p=2325"},"modified":"2013-08-15T20:22:12","modified_gmt":"2013-08-15T19:22:12","slug":"hulladekbol-ipari-park","status":"publish","type":"post","link":"https:\/\/www.mszporoszlany.hu\/?p=2325","title":{"rendered":"Hullad\u00e9kb\u00f3l ipari park"},"content":{"rendered":"<p><img loading=\"lazy\" decoding=\"async\" class=\"alignleft size-full wp-image-2326\" alt=\"HulladekIkon\" src=\"https:\/\/www.mszporoszlany.hu\/wp-content\/uploads\/2013\/08\/HulladekIkon.jpg\" width=\"200\" height=\"120\" \/>A rendszerv\u00e1lt\u00e1s ut\u00e1ni els\u0151 k\u00e9pvisel\u0151-test\u00fcletben fideszes t\u00f6bbs\u00e9g d\u00f6nt\u00f6tt a v\u00e1ros \u00fcgyeiben. A 17 k\u00e9pvisel\u0151 k\u00f6z\u00f6tt h\u00e1rman jutottak be az MSZP-b\u0151l. Rengeteg megoldatlan k\u00e9rd\u00e9s v\u00e1rt r\u00e1juk. Legfontosabb volt a munkahelyek megtart\u00e1sa, \u00fajak megteremt\u00e9se. A felt\u00e9telek k\u00f6z\u00fcl nagyon hi\u00e1nyzott p\u00e9ld\u00e1ul a telefonh\u00e1l\u00f3zat ki\u00e9p\u00edt\u00e9se, korszer\u0171s\u00edt\u00e9se. A MAT\u00c1V olyan helyzetben volt a hihetetlen mennyis\u00e9g\u0171 ig\u00e9nyek \u00e9s fejleszt\u00e9sek miatt, hogy m\u00e1r nem tudott tov\u00e1bbi hitelekhez jutni. Ez\u00e9rt egy olyan modell j\u00f6tt l\u00e9tre, amelyben az \u00f6nkorm\u00e1nyzatok vett\u00e9k fel a hitelt a MAT\u00c1V helyett, \u00e9s egy szerz\u0151d\u00e9s szerint a telefont\u00e1rsas\u00e1g fix \u00f6sszegben t\u00f6rlesztett az \u00f6nkorm\u00e1nyzatoknak. Oroszl\u00e1ny is ezt az utat v\u00e1lasztotta, m\u00e1s lehet\u0151s\u00e9g nem volt. (A kamatok k\u00f6zben emelkedtek, \u00e9s a k\u00fcl\u00f6nb\u00f6zetet is az \u00f6nkorm\u00e1nyzat fizette.) Akkoriban m\u00e9g senki nem \u00e1lmodhatott mobiltelefonr\u00f3l, \u00f6r\u00fclt, ha egy\u00e1ltal\u00e1n kaphatott vezet\u00e9kes telefont. Ne feledj\u00fck el, m\u00e9g nem volt ipari park, a kev\u00e9s megmaradt v\u00e1llalat, a cs\u00f6kken\u0151 munkahelyek, megsz\u0171n\u0151 v\u00e1llalkoz\u00e1sok, c\u00e9gek miatt nem volt jelent\u0151s helyi ad\u00f3bev\u00e9tele a v\u00e1rosnak. Az ipari park kialak\u00edt\u00e1s\u00e1r\u00f3l is ekkor d\u00f6nt\u00f6ttek. &#8222;Csup\u00e1n&#8221; a p\u00e9nz hi\u00e1nyzott a megval\u00f3s\u00edt\u00e1shoz, ami akkoriban minden \u00f6nkorm\u00e1nyzatot szor\u00edtott! A 360 milli\u00f3s k\u00f6lcs\u00f6n t\u00f6rleszt\u00e9se \u00f3ri\u00e1si teher volt az egymilli\u00e1rdos k\u00f6lts\u00e9gvet\u00e9s sz\u00e1m\u00e1ra.<\/p>\n<p><!--more--><\/p>\n<p>Az els\u0151 test\u00fclet nem tehetett m\u00e1st, hozz\u00e1 kellett ny\u00falni valamilyen \u00e9rt\u00e9kes\u00edthet\u0151 vagyont\u00e1rgyhoz. Az akkori V\u00e1rosgazd\u00e1lkod\u00e1si R\u00e9szv\u00e9nyt\u00e1rsas\u00e1g ir\u00e1nt volt fizet\u0151k\u00e9pes kereslet. Tegy\u00fck hozz\u00e1, maga a c\u00e9g is hatalmas \u00f6sszegeket ig\u00e9nyelt volna, hogy az el\u00f6regedett g\u00e9pparkot, ed\u00e9nyzetet, az egy\u00e9b tev\u00e9kenys\u00e9geihez sz\u00fcks\u00e9ges elengedhetetlen fejleszt\u00e9seket megoldhassa. Erre sem volt p\u00e9nz, \u00e9s az enn\u00e9l nagyobb feladat megold\u00e1s\u00e1hoz sem, ami a f\u00e9lmilli\u00e1rdos hullad\u00e9klerak\u00f3 meg\u00e9p\u00edt\u00e9s\u00e9t jelentette! Ez\u00e9rt logikusnak t\u0171nt, hogy a r\u00e9szv\u00e9nyek \u00e9rt\u00e9kes\u00edt\u00e9s\u00e9vel egy\u00fctt t\u0151keer\u0151s partnert kell bevonni a feladat megold\u00e1s\u00e1hoz. Erre alkalmasnak l\u00e1tszott a n\u00e9met OTTO csoport, amelyik a vil\u00e1g sz\u00e1mos orsz\u00e1g\u00e1ban m\u0171k\u00f6d\u00f6tt a hullad\u00e9kkezel\u00e9si ipar\u00e1gban. A fideszes t\u00f6bbs\u00e9g\u0171 test\u00fclet el is d\u00f6nt\u00f6tte, hogy megkezdi a t\u00e1rgyal\u00e1sokat a c\u00e9ggel.<\/p>\n<p>Az 1994-es helyi v\u00e1laszt\u00e1s sor\u00e1n v\u00e1ltozott a test\u00fclet \u00f6sszet\u00e9tele, szocialista t\u00f6bbs\u00e9g volt, de a megkezdett beruh\u00e1z\u00e1sokat, t\u00e1rgyal\u00e1sokat folytatni kellett. Voltak \u00e9les vit\u00e1k, de a legfontosabb k\u00e9rd\u00e9sekben egyeztet\u00e9s folyt a test\u00fcletben r\u00e9szt vev\u0151 p\u00e1rtok k\u00f6z\u00f6tt. Nem volt k\u00e9rd\u00e9s, hogy az ipari parkot meg kell val\u00f3s\u00edtani, a hullad\u00e9klerak\u00f3t meg kell \u00e9p\u00edteni, a gimn\u00e1zium \u00e9p\u00edt\u00e9s\u00e9t folytatni kell, meg kell oldani a g\u00e1zberuh\u00e1z\u00e1st, csatorn\u00e1z\u00e1st, stb. A r\u00e9szv\u00e9nyelad\u00e1sr\u00f3l foly\u00f3 t\u00e1rgyal\u00e1sokon r\u00e9szt vett \u00e9s seg\u00edtett az elad\u00e1st kezdem\u00e9nyez\u0151 el\u0151z\u0151 polg\u00e1rmester, dr. Sunyovszki K\u00e1roly is. A t\u00e1rgyal\u00e1sokat siker\u00fclt lez\u00e1rni az akkori c\u00e9g\u00e9rt\u00e9k feletti \u00f6sszeggel, \u00e9s azzal, hogy az OTTO \u00e1tv\u00e1llalja azokat a tev\u00e9kenys\u00e9geket, amelyeket a kor\u00e1bbi v\u00e1rosgazd\u00e1lkod\u00e1s is v\u00e9gzett, seg\u00edt a hullad\u00e9klerak\u00f3 meg\u00e9p\u00edt\u00e9s\u00e9ben (p\u00e1ly\u00e1zat, lobbi, stb.) kiterjeszti m\u0171k\u00f6d\u00e9s\u00e9t m\u00e1s telep\u00fcl\u00e9sekre is. A szerz\u0151d\u00e9sben szigor\u00faan r\u00f6gz\u00edtett\u00fck az \u00e1rak k\u00e9pz\u00e9s\u00e9t, az infl\u00e1ci\u00f3hoz igaz\u00edtott m\u00e9rt\u00e9keket. Az OTTO ugyan id\u0151k\u00f6zben a r\u00e9szv\u00e9nyekkel egy\u00fctt \u00e1tadta a tev\u00e9kenys\u00e9get is a Remondisnak, de ez a szolg\u00e1ltat\u00e1sban nem okozott fennakad\u00e1st, ugyanis \u00e1tv\u00e1llalta a szerz\u0151d\u00e9ses k\u00f6telmeket is. Az \u00f6nkorm\u00e1nyzat \u00e9s a c\u00e9g egy\u00fcttm\u0171k\u00f6d\u00e9se mindeddig korrekt volt, a szolg\u00e1ltat\u00e1si \u00e1rr\u00f3l a test\u00fclet d\u00f6nt\u00f6tt.<\/p>\n<p>A r\u00e9szv\u00e9nyek t\u00f6bbs\u00e9g\u00e9nek elad\u00e1sa, ami egy\u00e9bk\u00e9nt nem egyszerre t\u00f6rt\u00e9nt, lehet\u0151v\u00e9 tette, hogy a p\u00e9nz\u00fcgyi lehet\u0151s\u00e9gek b\u0151v\u00fcljenek. Meg tudtuk v\u00e1s\u00e1rolni a mag\u00e1ntulajdonban l\u00e9v\u0151 ter\u00fcleteket a tervezett ipari park sz\u00e1m\u00e1ra, ki tudtuk a alak\u00edtani a k\u00f6zm\u0171ell\u00e1t\u00e1st.<br \/>\n1997-ben megkaptuk az Ipari Park c\u00edmet, ami n\u00e9lk\u00fcl a ter\u00fclet betelep\u00edt\u00e9se lehetetlen lett volna. Ma ez a ter\u00fclet, az ott m\u0171k\u00f6d\u0151 c\u00e9gek adj\u00e1k a helyi ad\u00f3k d\u00f6nt\u0151 t\u00f6bbs\u00e9g\u00e9t! Nagy szerep\u00fck volt ennek el\u0151k\u00e9sz\u00edt\u00e9s\u00e9ben, megval\u00f3s\u00edt\u00e1s\u00e1ban a kilencvenes \u00e9vek test\u00fcleteinek, polg\u00e1rmestereinek.<\/p>\n<p>Az el\u0151z\u0151 h\u00fasz \u00e9vben nem arra volt b\u00fcszke az \u00f6nkorm\u00e1nyzat vezet\u00e9se, hogy nem vett fel hitelt, hanem arra, hogy azokat \u00e9rt\u00e9kteremt\u0151 beruh\u00e1z\u00e1sokra ford\u00edtotta, n\u00f6velte a v\u00e1ros vagyon\u00e1t. A privatiz\u00e1ci\u00f3b\u00f3l kapott p\u00e9nz is hasznosult, nem besz\u00e9lve azokr\u00f3l a technol\u00f3giai, szakmai tapasztalatokr\u00f3l, amiket egy multi k\u00f6zvet\u00edt\u00e9s\u00e9vel szerezhett\u00fcnk.<br \/>\nMinden szerz\u0151d\u00e9sre, d\u00f6nt\u00e9sre lehet kap\u00e1sb\u00f3l mondani, hogy sokkal jobb megold\u00e1sok lehettek volna. S\u0151t, egyenesen k\u00e1ros volt a d\u00f6nt\u00e9s! K\u00fcl\u00f6n\u00f6sen akkor mondhatja ezt valaki, ha nem ismeri a k\u00f6r\u00fclm\u00e9nyeket, el\u0151zm\u00e9nyeket, \u00e9s politikai sunyis\u00e1gb\u00f3l elferd\u00edti a t\u00e9nyeket \u2013 hogy finoman fejezzem ki magam\u2026<\/p>\n<p>Sz\u00e9kely Antal<\/p>\n","protected":false},"excerpt":{"rendered":"<p>A rendszerv\u00e1lt\u00e1s ut\u00e1ni els\u0151 k\u00e9pvisel\u0151-test\u00fcletben fideszes t\u00f6bbs\u00e9g d\u00f6nt\u00f6tt a v\u00e1ros \u00fcgyeiben. A 17 k\u00e9pvisel\u0151 k\u00f6z\u00f6tt h\u00e1rman jutottak be az MSZP- b\u0151l. Rengeteg megoldatlan k\u00e9rd\u00e9s v\u00e1rt r\u00e1juk. Legfontosabb volt a munkahelyek megtart\u00e1sa, \u00fajak megteremt\u00e9se. A felt\u00e9telek k\u00f6z\u00fcl nagyon hi\u00e1nyzott p\u00e9ld\u00e1ul a telefonh\u00e1l\u00f3zat ki\u00e9p\u00edt\u00e9se, korszer\u0171s\u00edt\u00e9se. A MAT\u00c1V olyan helyzetben volt a hihetetlen mennyis\u00e9g\u0171 ig\u00e9nyek \u00e9s fejleszt\u00e9sek miatt, hogy m\u00e1r nem tudott tov\u00e1bbi hitelekhez jutni. Ez\u00e9rt egy olyan modell j\u00f6tt l\u00e9tre, amelyben az \u00f6nkorm\u00e1nyzatok vett\u00e9k fel a hitelt a MAT\u00c1V helyett, \u00e9s egy szerz\u0151d\u00e9s szerint a telefont\u00e1rsas\u00e1g fix \u00f6sszegben t\u00f6rlesztett az \u00f6nkorm\u00e1nyzatoknak. Oroszl\u00e1ny is ezt az utat v\u00e1lasztotta, m\u00e1s lehet\u0151s\u00e9g nem volt. (A kamatok k\u00f6zben emelkedtek, \u00e9s a k\u00fcl\u00f6nb\u00f6zetet is az \u00f6nkorm\u00e1nyzat fizette.) Akkoriban m\u00e9g senki nem \u00e1lmodhatott mobiltelefonr\u00f3l, \u00f6r\u00fclt, ha egy\u00e1ltal\u00e1n kaphatott vezet\u00e9kes telefont. Ne feledj\u00fck el, m\u00e9g nem volt ipari park, a kev\u00e9s megmaradt v\u00e1llalat, a cs\u00f6kken\u0151 munkahelyek, megsz\u0171n\u0151 v\u00e1llalkoz\u00e1sok, c\u00e9gek miatt nem volt jelent\u0151s helyi ad\u00f3bev\u00e9tele a v\u00e1rosnak. Az ipari park kialak\u00edt\u00e1s\u00e1r\u00f3l is ekkor d\u00f6nt\u00f6ttek. &#8222;Csup\u00e1n&#8221; a p\u00e9nz hi\u00e1nyzott a megval\u00f3s\u00edt\u00e1shoz, ami akkoriban minden \u00f6nkorm\u00e1nyzatot szor\u00edtott! A 360 milli\u00f3s k\u00f6lcs\u00f6n t\u00f6rleszt\u00e9se \u00f3ri\u00e1si teher volt az egymilli\u00e1rdos k\u00f6lts\u00e9gvet\u00e9s sz\u00e1m\u00e1ra. <a href=\"https:\/\/www.mszporoszlany.hu\/?p=2325\">Egy kattint\u00e1s ide a folytat\u00e1shoz&#8230;. <span class=\"meta-nav\">&rarr;<\/span><\/a><\/p>\n","protected":false},"author":35,"featured_media":0,"comment_status":"open","ping_status":"closed","sticky":false,"template":"","format":"standard","meta":{"footnotes":""},"categories":[194],"tags":[1564,1568,1565,1567,60,83,1053,1562,1563,1763,1764,1566,1561,61],"class_list":["post-2325","post","type-post","status-publish","format-standard","hentry","category-oroszlany","tag-360-millios-kolcson","tag-dr-sunyovszki-karoly","tag-egymilliardos-koltsegvetes","tag-felmilliardos-hulladeklerako","tag-fidesz","tag-hitel","tag-ipari-park","tag-matav","tag-megszuno-vallalkozasok","tag-mszp","tag-oroszlany","tag-otto-csoport","tag-rendszervaltas","tag-szekely-antal"],"_links":{"self":[{"href":"https:\/\/www.mszporoszlany.hu\/index.php?rest_route=\/wp\/v2\/posts\/2325","targetHints":{"allow":["GET"]}}],"collection":[{"href":"https:\/\/www.mszporoszlany.hu\/index.php?rest_route=\/wp\/v2\/posts"}],"about":[{"href":"https:\/\/www.mszporoszlany.hu\/index.php?rest_route=\/wp\/v2\/types\/post"}],"author":[{"embeddable":true,"href":"https:\/\/www.mszporoszlany.hu\/index.php?rest_route=\/wp\/v2\/users\/35"}],"replies":[{"embeddable":true,"href":"https:\/\/www.mszporoszlany.hu\/index.php?rest_route=%2Fwp%2Fv2%2Fcomments&post=2325"}],"version-history":[{"count":0,"href":"https:\/\/www.mszporoszlany.hu\/index.php?rest_route=\/wp\/v2\/posts\/2325\/revisions"}],"wp:attachment":[{"href":"https:\/\/www.mszporoszlany.hu\/index.php?rest_route=%2Fwp%2Fv2%2Fmedia&parent=2325"}],"wp:term":[{"taxonomy":"category","embeddable":true,"href":"https:\/\/www.mszporoszlany.hu\/index.php?rest_route=%2Fwp%2Fv2%2Fcategories&post=2325"},{"taxonomy":"post_tag","embeddable":true,"href":"https:\/\/www.mszporoszlany.hu\/index.php?rest_route=%2Fwp%2Fv2%2Ftags&post=2325"}],"curies":[{"name":"wp","href":"https:\/\/api.w.org\/{rel}","templated":true}]}}