{"id":2331,"date":"2013-08-24T14:49:42","date_gmt":"2013-08-24T13:49:42","guid":{"rendered":"http:\/\/www.mszporoszlany.hu\/?p=2331"},"modified":"2013-08-24T14:49:42","modified_gmt":"2013-08-24T13:49:42","slug":"poziciohalmozas-felsofokon","status":"publish","type":"post","link":"https:\/\/www.mszporoszlany.hu\/?p=2331","title":{"rendered":"Poz\u00edci\u00f3halmoz\u00e1s fels\u0151fokon"},"content":{"rendered":"<p><img loading=\"lazy\" decoding=\"async\" class=\"alignleft size-full wp-image-2332\" alt=\"Czunyine\" src=\"https:\/\/www.mszporoszlany.hu\/wp-content\/uploads\/2013\/08\/Czunyine.jpg\" width=\"200\" height=\"120\" \/>Aki k\u00f6veti a h\u00edreket az bizony\u00e1ra \u00e9rtes\u00fclt r\u00f3la, hogy a Nemzeti Fejleszt\u00e9si Miniszt\u00e9rium miniszteri biztosokat nevezett ki minden megye \u00e9l\u00e9re, akik majd felm\u00e9rik az utak \u00e1llapot\u00e1t \u00e9s fontoss\u00e1gi sorrendet alak\u00edtanak ki a fel\u00faj\u00edt\u00e1sokkal kapcsolatban. Felmer\u00fclhet benn\u00fcnk az a k\u00e9rd\u00e9s, hogy mi\u00e9rt van sz\u00fcks\u00e9g minden megy\u00e9ben \u00fat\u00fcgyi biztosra, hiszen eddig is tudtuk azt melyik szerv illet\u00e9kes egy adott \u00fatszakasz fel\u00faj\u00edt\u00e1s\u00e1ban. Az m\u00e1sik k\u00e9rd\u00e9s, hogy gyakran nem volt forr\u00e1s a fel\u00faj\u00edt\u00e1s megval\u00f3s\u00edt\u00e1s\u00e1ra, de most, hogy van megyei \u00fat\u00fcgyi biztos, most majd lesz?<\/p>\n<p><!--more--><\/p>\n<p>Megy\u00e9nkben a poz\u00edci\u00f3t nem m\u00e1s l\u00e1tja el, mint Czunyin\u00e9 dr. Bertalan Judit, akinek lassan egy A4 m\u00e9ret\u0171 n\u00e9vjegyk\u00e1rty\u00e1ra lesz sz\u00fcks\u00e9ge, ha minden posztj\u00e1t fel szeretn\u00e9 sorolni. Eddig is sok teend\u0151je volt a Nemzeti Egy\u00fcttm\u0171k\u00f6d\u00e9s Rendszer\u00e9ben, de \u00fagy t\u0171nik v\u00e1llalta ezt az \u00e1ldozatot is. 2010-ben orsz\u00e1ggy\u0171l\u00e9si k\u00e9pvisel\u0151je a volt 3. v\u00e1laszt\u00f3k\u00f6rzetnek, egy parlamenti bizotts\u00e1g eln\u00f6ke, kett\u0151 m\u00e1sik bizotts\u00e1g tagja volt 2011. febru\u00e1r 14-ig \u00e9s Bokod k\u00f6zs\u00e9g \u00f6nkorm\u00e1nyzati k\u00e9pvisel\u0151je 2010-t\u0151l. Ezen k\u00edv\u00fcl m\u00e9g \u0151 a Kom\u00e1rom- Esztergom megyei korm\u00e1nyhivatal vezet\u0151je. J\u00f6vedelemnyilatkozata alapj\u00e1n a k\u00e9pvisel\u0151i mand\u00e1tumai\u00e9rt j\u00e1r\u00f3 juttat\u00e1sai mell\u00e9 havonta brutt\u00f3 997.200 Ft \u00f6sszeget kap.<\/p>\n<p>\u00dagy t\u0171nik, hogy egy nap \u00e1llhat 48 \u00f3r\u00e1b\u00f3l is! A fenti feladatok ell\u00e1t\u00e1sa egyenk\u00e9nt k\u00edv\u00e1nnak egy teljes embert, viszont Czunyin\u00e9 asszony nap, mint nap r\u00e1c\u00e1fol erre. Ha k\u00e9pviseli v\u00e1laszt\u00f3it a parlamentben, akkor nyomon k\u00f6veti a jogszab\u00e1lyi v\u00e1ltoz\u00e1sokat, felsz\u00f3lal egy-egy, a v\u00e1laszt\u00f3k\u00f6rzete sz\u00e1m\u00e1ra h\u00e1tr\u00e1nyos t\u00f6rv\u00e9ny vit\u00e1j\u00e1ban \u00e9s folyamatosan egyeztet a polg\u00e1rokkal, akik \u0151t bejuttatt\u00e1k a k\u00e9pvisel\u0151i helyre. A korm\u00e1ny megb\u00edzotti poszt szint\u00e9n egy nagyon szerte\u00e1gaz\u00f3 feladat, megyei szinten kell \u00f6sszefognia t\u00f6bbek k\u00f6z\u00f6tt a fogyaszt\u00f3v\u00e9delmet, a kereskedelmet, a munka\u00fcgyet, a nyugd\u00edj-igazgat\u00f3s\u00e1got, a f\u00f6ldhivatalt \u00e9s m\u00e9g sok m\u00e1s szervet. Korm\u00e1ny megb\u00edzotti st\u00e1tusz\u00e1hoz j\u00e1r neki g\u00e9pkocsi haszn\u00e1lat \u00e9s mobiltelefon haszn\u00e1lat.<\/p>\n<p>Biztos j\u00f3l l\u00e1tja el a feladat\u00e1t? A k\u00f6rzet, a v\u00e1ros \u00e9rdekei folyamatosan \u00e9rv\u00e9nyes\u00fclnek a parlamentben? Nem vettek el t\u00f6bb int\u00e9zm\u00e9nyt a v\u00e1rost\u00f3l, amibe kor\u00e1bban milli\u00e1rdokat fektetett? Nem sz\u00fcletett olyan t\u00f6rv\u00e9ny, ami h\u00e1tr\u00e1nyosan \u00e9rinten\u00e9 a helyieket, mondjuk a b\u00e1nya bez\u00e1r\u00e1sa 2014 v\u00e9g\u00e9n? Nem sz\u00fcletett olyan t\u00f6rv\u00e9ny, ami plusz 600 milli\u00f3s kiad\u00e1sra k\u00e9nyszer\u00edten\u00e9 a v\u00e1ros a Remondis v\u00e9tel kapcs\u00e1n? A megyei korm\u00e1nyhivatalban minden rendben megy? Nincsenek k\u00edgy\u00f3z\u00f3 sorok egy-egy \u00fcgyint\u00e9z\u0151 ablak el\u0151tt? Biztos kellett 3 milli\u00e1rd forint az \u00faj korm\u00e1nyhivatali pl\u00e1za l\u00e9trehoz\u00e1s\u00e1ra? Ha ezekre a k\u00e9rd\u00e9sekre \u0151szint\u00e9n v\u00e1laszol b\u00e1rki, akkor felm\u00e9rheti, hogy 2010-es tev\u00e9kenyked\u00e9se \u00f3ta h\u00e1nyasra vizsg\u00e1zna a k\u00e9pvisel\u0151 \u2013korm\u00e1nymegb\u00edzott\u2013 miniszteri megb\u00edzott asszony.<\/p>\n<p>R\u00e1ad\u00e1sul most ezen feladatok mell\u00e9 m\u00e9g a megyei \u00fatbiztosi miniszteri st\u00e1tuszt is megkapta. A megb\u00edzat\u00e1s\u00e9rt d\u00edjaz\u00e1sban ugyan nem r\u00e9szes\u00fcl, az viszont besz\u00e9des, hogy a miniszter egy ilyen fontos poz\u00edci\u00f3ra egy olyan embert v\u00e1lasztott ki, aki m\u00e1r rendelkezik gyakorlatilag k\u00e9t \u00e1ll\u00e1ssal. Mennyi ideje lesz az \u00faj megb\u00edzat\u00e1s\u00e1ra, ha m\u00e1r a megl\u00e9v\u0151 kett\u0151 teljes\u00edt\u00e9se is emberfeletti teljes\u00edtm\u00e9nyt k\u00edv\u00e1nna? Mikort\u00f3l sz\u00e1m\u00edt valaki poz\u00edci\u00f3halmoz\u00f3nak a Nemzeti Egy\u00fcttm\u0171k\u00f6d\u00e9s Rendszer\u00e9ben? Mikor el\u00e9g?<\/p>\n<p>Azt se felejts\u00fck el, hogy k\u00f6zelegnek a v\u00e1laszt\u00e1sok \u00e9s 2010 \u00f3ta Magyarorsz\u00e1gon a mutyik sz\u00e1ma meglehet\u0151sen magas. Az \u00fat\u00fcgyi biztosi rendszer megval\u00f3s\u00edt\u00e1s\u00e1val lehet\u0151s\u00e9g fog ny\u00edlni arra, hogy az \u00fatfel\u00faj\u00edt\u00e1sok politikai alapon legyenek koordin\u00e1lva. \u00c9s valljuk be a Fidesz eddigi m\u0171k\u00f6d\u00e9se sor\u00e1n bebizony\u00edtotta: ahol lehet mutyizni, azt \u0151k kihaszn\u00e1lj\u00e1k, maxim\u00e1lisan!<\/p>\n<p>K\u00e9pvisel\u0151i mand\u00e1tumai \u00e9s korm\u00e1nyhivatali vezet\u0151i megb\u00edzat\u00e1sa mellett a megyei \u00fat\u00fcgyi biztosi poszt Czunyin\u00e9 dr. Bertalan Juditot egy helyi kiskir\u00e1lly\u00e1 teszi, hiszen nem lesz olyan ter\u00fclet megy\u00e9ben, amibe nem lesz belesz\u00f3l\u00e1sa.<\/p>\n<p>\u00dagy t\u0171nik, hogy a Fidesz f\u00e9l. Politikai m\u00f3dszerekkel gondoskodnak arr\u00f3l, hogy minden napra legyen egy fot\u00f3 valamelyik \u00fajs\u00e1gban az \u00e9ppen \u00fcgyeletes \u00fcdv\u00f6sk\u00e9vel, aki ez\u00fattal nem a 3 milli\u00e1rd forintos korm\u00e1nyzati pl\u00e1z\u00e1r\u00f3l fog besz\u00e9lni, hanem ott lesz minden egyes j\u00e1rdafel\u00faj\u00edt\u00e1sn\u00e1l, ahol persze el fogja mondani, hogy a Fidesz n\u00e9lk\u00fcl ez nem val\u00f3sult volna meg, m\u00e9g akkor is, ha EU-s forr\u00e1sokat haszn\u00e1ltak fel. A Fidesz teh\u00e1t kit\u0171zte a z\u00e1szl\u00f3j\u00e1ra a jelsz\u00f3t: kamp\u00e1nyra, v\u00e1laszt\u00e1sra fel! Egy k\u00e9rd\u00e9s maradt csup\u00e1n: cirkusz van folyamatosan, keny\u00e9r nem sok. Be\u00e9rj\u00fck-e 2014-ben tov\u00e1bbra is a cirkusszal vagy kellene m\u00e1r egy kis keny\u00e9r is?<\/p>\n<p><strong>Fontosabb adatok el\u00e9rhet\u0151s\u00e9ge<\/strong><\/p>\n<ul>\n<li>Czunyin\u00e9 dr. Bertalan Judit <a title=\"Dokumentum megnyit\u00e1sa\" href=\"http:\/\/www.parlament.hu\/kepv\/eletrajz\/hu\/c029.pdf\" target=\"_blank\">\u00e9letrajza<\/a><\/li>\n<li>Czunyin\u00e9 dr. Bertalan Judit <a title=\"Oldal megnyit\u00e1sa\" href=\"http:\/\/www.parlament.hu\/internet\/plsql\/ogy_kpv.kepv_adat?p_azon=c029\" target=\"_blank\">parlamenti adatlapja<\/a><\/li>\n<li>Czunyin\u00e9 dr. Bertalan Judit <a title=\"Oldal megnyit\u00e1sa\" href=\"http:\/\/www.parlament.hu\/internet\/plsql\/ogy_vagyonpub.vagyon_kiir_egys?P_FNEV=\/2012\/c029_j0121231k.pdf&amp;p_cont=application\/pdf\" target=\"_blank\">vagyonnyilatkozata<\/a><\/li>\n<li>A KEMKH <a title=\"Oldal megnyit\u00e1sa\" href=\"http:\/\/www.kormanyhivatal.hu\/hu\/dok?source=12&amp;type=102#!DocumentBrowse\" target=\"_blank\">szervezet<\/a>i fel\u00e9p\u00edt\u00e9se<\/li>\n<li>A megyei \u00fatbiztosokat kinevez\u0151 NFM <a title=\"Oldal megnyit\u00e1sa\" href=\"http:\/\/njt.hu\/cgi_bin\/njt_doc.cgi?docid=162047.245557\" target=\"_blank\">utas\u00edt\u00e1s<\/a><\/li>\n<\/ul>\n","protected":false},"excerpt":{"rendered":"<p>Aki k\u00f6veti a h\u00edreket az bizony\u00e1ra \u00e9rtes\u00fclt r\u00f3la, hogy a Nemzeti Fejleszt\u00e9si Miniszt\u00e9rium miniszteri biztosokat nevezett ki minden megye \u00e9l\u00e9re, akik majd felm\u00e9rik az utak \u00e1llapot\u00e1t \u00e9s fontoss\u00e1gi sorrendet alak\u00edtanak ki a fel\u00faj\u00edt\u00e1sokkal kapcsolatban. Felmer\u00fclhet benn\u00fcnk az a k\u00e9rd\u00e9s, hogy mi\u00e9rt van sz\u00fcks\u00e9g minden megy\u00e9ben \u00fat\u00fcgyi biztosra, hiszen eddig is tudtuk azt melyik szerv illet\u00e9kes egy adott \u00fatszakasz fel\u00faj\u00edt\u00e1s\u00e1ban. Az m\u00e1sik k\u00e9rd\u00e9s, hogy gyakran nem volt forr\u00e1s a fel\u00faj\u00edt\u00e1s megval\u00f3s\u00edt\u00e1s\u00e1ra, de most, hogy van megyei \u00fat\u00fcgyi biztos, most majd lesz? <a href=\"https:\/\/www.mszporoszlany.hu\/?p=2331\">Egy kattint\u00e1s ide a folytat\u00e1shoz&#8230;. <span class=\"meta-nav\">&rarr;<\/span><\/a><\/p>\n","protected":false},"author":35,"featured_media":0,"comment_status":"open","ping_status":"closed","sticky":false,"template":"","format":"standard","meta":{"footnotes":""},"categories":[200,195,196,194],"tags":[93,1570,1573,1569,184,1166,1572,1571],"class_list":["post-2331","post","type-post","status-publish","format-standard","hentry","category-kisterseg","category-komarom-esztergom-megye","category-magyarorszag","category-oroszlany","tag-czunyine-dr-bertalan-judit","tag-kem-3-valasztokorzet","tag-komarom-esztergom-megyei-kormanyhivatal-vezeto","tag-miniszteri-biztos","tag-nemzeti-egyuttmukodes-rendszere","tag-nemzeti-fejlesztesi-miniszterium","tag-onkormanyzati-kepviselo","tag-parlamenti-bizottsagi-elnok"],"_links":{"self":[{"href":"https:\/\/www.mszporoszlany.hu\/index.php?rest_route=\/wp\/v2\/posts\/2331","targetHints":{"allow":["GET"]}}],"collection":[{"href":"https:\/\/www.mszporoszlany.hu\/index.php?rest_route=\/wp\/v2\/posts"}],"about":[{"href":"https:\/\/www.mszporoszlany.hu\/index.php?rest_route=\/wp\/v2\/types\/post"}],"author":[{"embeddable":true,"href":"https:\/\/www.mszporoszlany.hu\/index.php?rest_route=\/wp\/v2\/users\/35"}],"replies":[{"embeddable":true,"href":"https:\/\/www.mszporoszlany.hu\/index.php?rest_route=%2Fwp%2Fv2%2Fcomments&post=2331"}],"version-history":[{"count":0,"href":"https:\/\/www.mszporoszlany.hu\/index.php?rest_route=\/wp\/v2\/posts\/2331\/revisions"}],"wp:attachment":[{"href":"https:\/\/www.mszporoszlany.hu\/index.php?rest_route=%2Fwp%2Fv2%2Fmedia&parent=2331"}],"wp:term":[{"taxonomy":"category","embeddable":true,"href":"https:\/\/www.mszporoszlany.hu\/index.php?rest_route=%2Fwp%2Fv2%2Fcategories&post=2331"},{"taxonomy":"post_tag","embeddable":true,"href":"https:\/\/www.mszporoszlany.hu\/index.php?rest_route=%2Fwp%2Fv2%2Ftags&post=2331"}],"curies":[{"name":"wp","href":"https:\/\/api.w.org\/{rel}","templated":true}]}}