{"id":2334,"date":"2013-08-26T06:03:59","date_gmt":"2013-08-26T05:03:59","guid":{"rendered":"http:\/\/www.mszporoszlany.hu\/?p=2334"},"modified":"2013-08-26T06:25:59","modified_gmt":"2013-08-26T05:25:59","slug":"a-szetesett-pali","status":"publish","type":"post","link":"https:\/\/www.mszporoszlany.hu\/?p=2334","title":{"rendered":"A sz\u00e9tesett pali"},"content":{"rendered":"<p><em><img loading=\"lazy\" decoding=\"async\" class=\"alignleft size-full wp-image-2337\" alt=\"TakacsSzetesett\" src=\"https:\/\/www.mszporoszlany.hu\/wp-content\/uploads\/2013\/08\/TakacsSzetesett.jpg\" width=\"200\" height=\"120\" \/>Te mi van a Tak\u00e1cs Karcsival<\/em> \u2013 k\u00e9rdezte p\u00e1r hete egyik ismer\u0151s\u00f6m, <em>mert az a pali tiszt\u00e1ra sz\u00e9t van esve. \u00d6sszef\u00fcgg\u00e9stelen\u00fcl besz\u00e9l, sz\u00e9tsz\u00f3rtak a gondolatai, olyan, mint egy pi\u00e1s hajl\u00e9ktalan<\/em> \u2013 \u00f6sszegezte v\u00e9lem\u00e9ny\u00e9t. S, hogy mindez most mi\u00e9rt jutott eszembe, annak egyszer\u0171 a magyar\u00e1zata: Oroszl\u00e1ny els\u0151 embere \u00fajra elkezdte sajn\u00e1ltatni mag\u00e1t.<\/p>\n<p><!--more--><\/p>\n<p>Facebook oldal\u00e1n rendre jelennek meg \u2013 n\u00e9ha felh\u00e1bor\u00edt\u00f3, n\u00e9ha nevets\u00e9ges, sz\u00e1nalmas \u2013 bejegyz\u00e9sei, tal\u00e1n a legeml\u00e9kezetesebb, amit a H\u00edrTV riporter\u00e9nek hal\u00e1lakor posztolt: <em>Nagyon hi\u00e1nyozni fogsz! K\u00f6sz\u00f6nj\u00fck a seg\u00edts\u00e9ged, nyugodj b\u00e9k\u00e9ben! Ott voltam a gy\u00e1szmis\u00e9n ma Gy\u0151rben, s sok mindenen elgondolkodtam: Te is agyon dolgoztad magad. Mondd: mi\u00e9rt a j\u00f3 emberek mennek el ilyen gyorsan, <strong>s szem\u00e9tjeivel pedig itt kell tov\u00e1bb k\u00fczden\u00fcnk<\/strong>, eltartanunk \u0151ket?<\/em><\/p>\n<p>Minap a helyi telev\u00edzi\u00f3val kapcsolatban kezdett \u00f6nsanyargat\u00e1sba, amikor arr\u00f3l \u00edrt, hogy: <em>Vajon mi\u00e9rt nem t\u00e1j\u00e9koz\u00f3dik az OTV abban az OSZ Zrt \u00e1tvil\u00e1g\u00edt\u00e1si \u00fcgyben mag\u00e1t\u00f3l polg\u00e1rmestert\u0151l, amit \u0151 \u00edrt al\u00e1? Term\u00e9szetesen megint hi\u00e1nyos riportot adott k\u00f6zre ebben a t\u00e1rgyban. Vajon mi\u00e9rt nem t\u00e1j\u00e9koz\u00f3dik az objekt\u00edv t\u00e9nyekr\u0151l az OTV a Szolg\u00e1ltat\u00f3 V\u00e1rosk\u00f6zpont \u00fcgy\u00e9ben? Hiszen az ezzel kapcsolatos (val\u00f3ban hossz\u00fa) k\u00f6zbeszerz\u00e9si elj\u00e1r\u00e1s \u00fcgy\u00e9ben az NF\u00dc, KIM \u00e9s Korm\u00e1nyhivatalokkal val\u00f3 egyeztet\u00e9s rengeteg id\u0151be ker\u00fclt. Vajon kinek drukkol az OTV?<\/em> \u2013 Tak\u00e1cs K\u00e1roly polg\u00e1rmester<\/p>\n<p>Persze a v\u00e1lasz sem k\u00e9sett sok\u00e1ig, amit Kormos Ferenc f\u0151szerkeszt\u0151 jegyzett: <em>Tak\u00e1cs K\u00e1roly nem j\u00f6n az OTV-be, de jelenl\u00e9t\u00e9t hi\u00e1nyolja. Tak\u00e1cs K\u00e1roly saj\u00e1t facebook-profilj\u00e1n k\u00f6zreadott fentebbi \u00edr\u00e1s\u00e1ra nem tud a hely\u00e9n v\u00e1laszolni az OTV, mert a polg\u00e1rmester \u00far be\u00e1ll\u00edt\u00e1sai ezt nem teszik lehet\u0151v\u00e9. Ez\u00e9rt itt reag\u00e1lunk.<\/em> \u00cdme, a v\u00e1laszok a polg\u00e1rmester k\u00e9rd\u00e9seire.<\/p>\n<p><em>A polg\u00e1rmester \u00far \u00e1ll\u00edt\u00e1sa az \u00e1tvil\u00e1g\u00edt\u00e1si \u00fcgyben k\u00e9sz\u00fclt riportr\u00f3l nem felel meg a val\u00f3s\u00e1gnak. A t\u00e9m\u00e1ban Papp P\u00e9ter alpolg\u00e1rmester nyilatkozott, mert Tak\u00e1cs \u00far szabads\u00e1gon volt, tov\u00e1bb\u00e1 az\u00e9rt, mert \u00e9ppen Papp P\u00e9ter jelentette be az egy h\u00e9ttel kor\u00e1bbi munk\u00e1sgy\u0171l\u00e9sen az \u00e1tvil\u00e1g\u00edt\u00e1s t\u00e9ny\u00e9t &#8211; err\u0151l addig senki nem tett eml\u00edt\u00e9st sem!<\/em><\/p>\n<ol>\n<li><em>Ennek ellen\u00e9re Tak\u00e1cs K\u00e1roly ezek ut\u00e1n is (eddig is!) b\u00e1rmikor megsz\u00f3lalhat n\u00e1lunk ebben vagy b\u00e1rmilyen m\u00e1s \u00fcgyben is, csak keresnie kell benn\u00fcnket.<\/em><\/li>\n<li><em>A polg\u00e1rmester \u00far \u00e1ll\u00edt\u00e1sa a szolg\u00e1ltat\u00f3 v\u00e1rosk\u00f6zpontr\u00f3l k\u00e9sz\u00fclt riportr\u00f3l nem felel meg a val\u00f3s\u00e1gnak. A szolg\u00e1ltat\u00f3 v\u00e1rosk\u00f6zpont \u00fcgy\u00e9ben szem\u00e9lyesen Tak\u00e1cs K\u00e1roly sajt\u00f3referense nyilatkozott nek\u00fcnk \u2013 mondanival\u00f3j\u00e1t nyilv\u00e1nval\u00f3an egyeztetnie kellett a polg\u00e1rmesterrel. A 2-es pont \u2013 mint mindig \u2013 itt is \u00e9rv\u00e9nyes.<\/em><\/li>\n<li><em>Tak\u00e1cs K\u00e1roly a fenti k\u00e9rd\u00e9sek kapcs\u00e1n felveti: Kinek drukkol az OTV? Erre k\u00e9rd\u00e9ssel v\u00e1laszolunk: k\u00e9ne, hogy drukkoljunk valakinek? M\u00e1sk\u00e9pp nem is lehet \u00e9rtelmezni a vil\u00e1got, csak valakihez odacsap\u00f3dva?<\/em><\/li>\n<li><em>A polg\u00e1rmester \u00far egy hozz\u00e1sz\u00f3l\u00e1s\u00e1ban a saj\u00e1t m\u0171soridej\u00e9t hi\u00e1nyolva arra utalt, hogy ellenz\u0151i t\u00f6bb m\u0171sorid\u0151t kaphatnak. Felh\u00edvjuk a figyelm\u00e9t, hogy polg\u00e1rmester \u00far int\u00e9zte \u00fagy, hogy helyette Papp P\u00e9ter alpolg\u00e1rmester t\u00e1j\u00e9koztasson rendszeresen az OTV-ben. Tal\u00e1n \u0151t sorolja az ellenz\u0151i k\u00f6z\u00e9?<\/em><\/li>\n<\/ol>\n<p><em> Polg\u00e1rmester \u00far! A felvetett t\u00e9m\u00e1kkal kapcsolatos t\u00e1j\u00e9koztat\u00e1s\u00e1t \u00e9s az OTV-r\u0151l alkotott v\u00e9lem\u00e9ny\u00e9t is elmondhatja augusztus 26-ai ad\u00e1sunkban, \u00e9l\u0151ben, a st\u00fadi\u00f3ban, vagy megjelenhet a j\u00f6v\u0151ben b\u00e1rmelyik OTV-s &#8216;polg\u00e1rmesteri fogad\u00f3\u00f3ra&#8217; m\u0171sorban is, ahogy eddig nem tette. Tekintse ezt sokadik megh\u00edv\u00e1sunknak!<\/em><\/p>\n<p>Egy biztos, ebb\u0151l sem j\u00f6n ki j\u00f3l a mi K\u00e1rolyunk, persze ez a kis duhajkod\u00e1s csak akkor nyer \u00e9rtelmet, ha kicsit a kulissz\u00e1k m\u00f6g\u00e9 is bepillantunk. Azt tudjuk, hogy a polg\u00e1rmester nem sz\u00edvesen megy be az egyik helyi telev\u00edzi\u00f3ba. Az is l\u00e1that\u00f3, hogy helyettese viszont nagyon sz\u00edvesen teszi ezt, nem egyszer onnan ek\u00e9zve &#8222;f\u0151n\u00f6k\u00e9t&#8221;. Az is k\u00f6zismert, hogy Tak\u00e1cs \u00e9s Papp viszonya sosem volt felh\u0151tlen az\u00f3ta, hogy Papp P\u00e9tert 2010-ben els\u0151k\u00e9nt szavazta polg\u00e1rmester jel\u00f6ltnek a fideszes frakci\u00f3, majd fels\u0151bb utas\u00edt\u00e1sra ugyanezt megtett\u00e9k K\u00e1rollyal is.<\/p>\n<p>V\u00e9g\u00fcl \u2013 csak az \u00e9rdekess\u00e9g kedv\u00e9\u00e9rt \u2013 egy adal\u00e9k, aminek semmi k\u00f6ze az el\u0151z\u0151ekhez, de elgondolkodtat\u00f3: minden bizonnyal a megv\u00e1s\u00e1rolt Remondisb\u00f3l Oroszl\u00e1nyi K\u00f6rnyezetgazd\u00e1lkod\u00e1si Zrt-v\u00e9 avanzs\u00e1lt t\u00e1rsas\u00e1g igazgat\u00f3s\u00e1gi tagj\u00e1v\u00e1 v\u00e1lasztj\u00e1k kedden Kormosn\u00e9 dr. Kov\u00e1cs Katalin aljegyz\u0151t. D\u00edjaz\u00e1sa: 135.000 Ft\/h\u00f3. A t\u00e1rsas\u00e1g fel\u00fcgyel\u0151 bizotts\u00e1g\u00e1nak eln\u00f6ke Papp P\u00e9ter lesz, havi 101 ezer\u00e9rt.<\/p>\n<p>Hajr\u00e1 Oroszl\u00e1ny!<br \/>\nCsak a FIDESZ!?<\/p>\n","protected":false},"excerpt":{"rendered":"<p>Te mi van a Tak\u00e1cs Karcsival \u2013 k\u00e9rdezte p\u00e1r hete egyik ismer\u0151s\u00f6m -, mert az a pali tiszt\u00e1ra sz\u00e9t van esve. \u00d6sszef\u00fcgg\u00e9stelen\u00fcl besz\u00e9l, sz\u00e9tsz\u00f3rtak a gondolatai, olyan, mint egy pi\u00e1s hajl\u00e9ktalan \u2013 \u00f6sszegezte v\u00e9lem\u00e9ny\u00e9t. S, hogy mindez most mi\u00e9rt jutott eszembe, annak egyszer\u0171 a magyar\u00e1zata: Oroszl\u00e1ny els\u0151 embere \u00fajra elkezdte sajn\u00e1ltatni mag\u00e1t. <a href=\"https:\/\/www.mszporoszlany.hu\/?p=2334\">Egy kattint\u00e1s ide a folytat\u00e1shoz&#8230;. <span class=\"meta-nav\">&rarr;<\/span><\/a><\/p>\n","protected":false},"author":35,"featured_media":0,"comment_status":"open","ping_status":"closed","sticky":false,"template":"","format":"standard","meta":{"footnotes":""},"categories":[194],"tags":[412,266,1583,1579,1574,1582,1576,1577,1578,1581,1575,1764,1580,569,1198,56,70,1383,9],"class_list":["post-2334","post","type-post","status-publish","format-standard","hentry","category-oroszlany","tag-alpolgarmester","tag-facebook","tag-felugyelo-bizottsag","tag-foszerkeszto","tag-hirtv","tag-igazgatosag","tag-kim","tag-kormanyhivatalok","tag-kormos-ferenc","tag-kormosne-dr-kovacs-katalin","tag-nfu","tag-oroszlany","tag-oroszlanyi-kornyezetgazdalkodasi-zrt","tag-osz-zrt","tag-otv","tag-papp-peter","tag-polgarmester","tag-remondis","tag-takacs-karoly"],"_links":{"self":[{"href":"https:\/\/www.mszporoszlany.hu\/index.php?rest_route=\/wp\/v2\/posts\/2334","targetHints":{"allow":["GET"]}}],"collection":[{"href":"https:\/\/www.mszporoszlany.hu\/index.php?rest_route=\/wp\/v2\/posts"}],"about":[{"href":"https:\/\/www.mszporoszlany.hu\/index.php?rest_route=\/wp\/v2\/types\/post"}],"author":[{"embeddable":true,"href":"https:\/\/www.mszporoszlany.hu\/index.php?rest_route=\/wp\/v2\/users\/35"}],"replies":[{"embeddable":true,"href":"https:\/\/www.mszporoszlany.hu\/index.php?rest_route=%2Fwp%2Fv2%2Fcomments&post=2334"}],"version-history":[{"count":0,"href":"https:\/\/www.mszporoszlany.hu\/index.php?rest_route=\/wp\/v2\/posts\/2334\/revisions"}],"wp:attachment":[{"href":"https:\/\/www.mszporoszlany.hu\/index.php?rest_route=%2Fwp%2Fv2%2Fmedia&parent=2334"}],"wp:term":[{"taxonomy":"category","embeddable":true,"href":"https:\/\/www.mszporoszlany.hu\/index.php?rest_route=%2Fwp%2Fv2%2Fcategories&post=2334"},{"taxonomy":"post_tag","embeddable":true,"href":"https:\/\/www.mszporoszlany.hu\/index.php?rest_route=%2Fwp%2Fv2%2Ftags&post=2334"}],"curies":[{"name":"wp","href":"https:\/\/api.w.org\/{rel}","templated":true}]}}