{"id":2339,"date":"2013-08-31T22:38:17","date_gmt":"2013-08-31T21:38:17","guid":{"rendered":"http:\/\/www.mszporoszlany.hu\/?p=2339"},"modified":"2013-09-10T16:06:27","modified_gmt":"2013-09-10T15:06:27","slug":"nyilatkozat","status":"publish","type":"post","link":"https:\/\/www.mszporoszlany.hu\/?p=2339","title":{"rendered":"Nyilatkozat"},"content":{"rendered":"<p><img loading=\"lazy\" decoding=\"async\" class=\"alignleft size-full wp-image-2340\" alt=\"Takacs\" src=\"https:\/\/www.mszporoszlany.hu\/wp-content\/uploads\/2013\/08\/Takacs.jpg\" width=\"200\" height=\"120\" \/>Tak\u00e1cs K\u00e1roly, Oroszl\u00e1ny v\u00e1ros Fidesz-KDNP-s polg\u00e1rmestere a 2013. augusztus 27-i rendk\u00edv\u00fcli test\u00fcleti \u00fcl\u00e9sen \u00fajra hazudott. Azt \u00e1ll\u00edtotta ugyanis, hogy 2010 \u00f3ta a Fidesz-KDNP frakci\u00f3sz\u00f6vets\u00e9g t\u00f6bb fejleszt\u00e9st hajtott v\u00e9gre Oroszl\u00e1nyon, mint az elm\u00falt nyolc \u00e9v szocialista v\u00e1rosvezet\u00e9se \u00f6sszesen, ami egy\u00e9rtelm\u0171 hazugs\u00e1g!<\/p>\n<p><!--more--><\/p>\n<p>Tak\u00e1cs K\u00e1roly \u00e9s a Fidesz-KDNP frakci\u00f3 regn\u00e1l\u00e1sa \u00f3ta voltak ugyan fejleszt\u00e9sek Oroszl\u00e1nyon \u2013amelynek jelent\u0151s r\u00e9sz\u00e9t r\u00e1ad\u00e1sul az el\u0151z\u0151 v\u00e1rosvezet\u00e9s k\u00e9sz\u00edttetett el\u0151\u2013, azonban ezek egyike sem volt \u00e9rt\u00e9kteremt\u0151 beruh\u00e1z\u00e1s. S\u0151t! \u2013 ezek \u00e9rt\u00e9ke, annak ellen\u00e9re, hogy az el\u0151z\u0151, szocialista v\u00e1rosvezet\u00e9s \u00e9rt\u00e9kteremt\u0151 fejleszt\u00e9seinek k\u00f6sz\u00f6nhet\u0151en a Fidesz-KDNP sz\u00f6vets\u00e9g jelent\u0151s ipar\u0171z\u00e9si ad\u00f3bev\u00e9tellel vehette \u00e1t a v\u00e1ros ir\u00e1ny\u00edt\u00e1s\u00e1t, meg sem k\u00f6zel\u00edti a kor\u00e1bbi id\u0151szak fejleszt\u00e9seinek \u00e9rt\u00e9k\u00e9t. Ugyanis a kor\u00e1bbi id\u0151szakban \u2013 a szocialista v\u00e1rosvezet\u00e9s \u2013 2,6 milli\u00e1rd forint hitelt, t\u00f6bb milli\u00f3s Eur\u00f3pai Uni\u00f3s p\u00e1ly\u00e1zati forr\u00e1st is felhaszn\u00e1lva 10 milli\u00e1rd forint \u00e9rt\u00e9k\u0171 fejleszt\u00e9st hajtott v\u00e9gre a v\u00e1rosban.<\/p>\n<p>Felh\u00edvjuk a figyelmet az el\u0151z\u0151, szocialista v\u00e1rosvezet\u00e9s idej\u00e9n t\u00f6rt\u00e9nt tov\u00e1bbi fejleszt\u00e9sekre is. A k\u00f6nnyebb \u00f6sszehasonl\u00edthat\u00f3s\u00e1g kedv\u00e9\u00e9rt az eml\u00edtett id\u0151szakb\u00f3l csak az utols\u00f3 n\u00e9gy \u00e9v (2006-2010) fejleszt\u00e9seit emelj\u00fck ki: &#8211; a b\u00f6lcs\u0151de \u00e9s \u00f3voda fel\u00faj\u00edt\u00e1sa, &#8211; az \u00e1ltal\u00e1nos iskol\u00e1k fel\u00faj\u00edt\u00e1sa \u00e9s energetikai korszer\u0171s\u00edt\u00e9se, &#8211; a m\u0171vel\u0151d\u00e9si k\u00f6zpont fel\u00faj\u00edt\u00e1sa, &#8211; a v\u00e1rosi uszoda, tekep\u00e1lya \u00e9s sportcsarnok fel\u00faj\u00edt\u00e1sa, &#8211; a v\u00e1ros f\u0151ter\u00e9nek fel\u00faj\u00edt\u00e1sa, &#8211; \u00fatfel\u00faj\u00edt\u00e1sok, &#8211; a j\u00e1tsz\u00f3terek fel\u00faj\u00edt\u00e1sa, &#8211; az Als\u00f3 parkt\u00f3 rendbet\u00e9tele, &#8211; az \u00f6nk\u00e9ntes t\u0171zolt\u00f3k kommunik\u00e1ci\u00f3s k\u00f6zpontj\u00e1nak kialak\u00edt\u00e1sa, &#8211; az \u00f6nk\u00e9ntes t\u0171zolt\u00f3k t\u0171zolt\u00f3aut\u00f3j\u00e1nak beszerz\u00e9se, &#8211; 11 lak\u00f3\u00e9p\u00fclet fel\u00faj\u00edt\u00e1sa \u00e9s energetikai korszer\u0171s\u00edt\u00e9se, a v\u00e1rosi csatorna-rendszer fel\u00faj\u00edt\u00e1sa \u00e9s a t\u00e1vh\u0151rendszer h\u0151k\u00f6zpontjainak fejleszt\u00e9se.<\/p>\n<p>Mindezek \u00f6sszesen mintegy 3 milli\u00e1rd forint \u00e9rt\u00e9ket k\u00e9pviselnek.<\/p>\n<p>A k\u00f6z\u00f6lt inform\u00e1ci\u00f3knak megfelel\u0151en felsz\u00f3l\u00edtjuk Tak\u00e1cs K\u00e1roly polg\u00e1rmestert \u00e9s a teljes Fidesz-KDNP frakci\u00f3t, hogy a j\u00f6v\u0151ben tart\u00f3zkodjon a teljes m\u00e9rt\u00e9kben aljas sz\u00e1nd\u00e9kon, val\u00f3tlans\u00e1gon \u00e9s hazugs\u00e1gon alapul\u00f3 kijelent\u00e9seit\u0151l!<\/p>\n<p>Mivel lassan letelik Tak\u00e1cs K\u00e1roly polg\u00e1rmesteri ciklusa, javasoljuk, ink\u00e1bb azzal foglalkozzon, hogy mit tett \u0151 \u00e9s a Fidesz-KDNP frakci\u00f3 n\u00e9gy \u00e9v alatt Oroszl\u00e1ny\u00e9rt \u00e9s az oroszl\u00e1nyiak\u00e9rt.<\/p>\n<p>Az MSZP Oroszl\u00e1nyi Szervezet\u00e9nek<br \/>\nFrakci\u00f3ja \u00e9s Eln\u00f6ks\u00e9ge<\/p>\n","protected":false},"excerpt":{"rendered":"<p>Tak\u00e1cs K\u00e1roly, Oroszl\u00e1ny v\u00e1ros Fidesz-KDNP-s polg\u00e1rmestere a 2013. augusztus 27-i rendk\u00edv\u00fcli test\u00fcleti \u00fcl\u00e9sen \u00fajra hazudott. Azt \u00e1ll\u00edtotta ugyanis, hogy 2010 \u00f3ta a Fidesz-KDNP frakci\u00f3sz\u00f6vets\u00e9g t\u00f6bb fejleszt\u00e9st hajtott v\u00e9gre Oroszl\u00e1nyon, mint az elm\u00falt nyolc \u00e9v szocialista v\u00e1rosvezet\u00e9se \u00f6sszesen, ami egy\u00e9rtelm\u0171 hazugs\u00e1g! <a href=\"https:\/\/www.mszporoszlany.hu\/?p=2339\">Egy kattint\u00e1s ide a folytat\u00e1shoz&#8230;. <span class=\"meta-nav\">&rarr;<\/span><\/a><\/p>\n","protected":false},"author":35,"featured_media":0,"comment_status":"open","ping_status":"closed","sticky":false,"template":"","format":"standard","meta":{"footnotes":""},"categories":[194],"tags":[1585,1599,1593,1589,1587,1597,1584,903,151,1590,1592,1594,1596,87,1588,70,97,9,1598,1586,1595,95,1591],"class_list":["post-2339","post","type-post","status-publish","format-standard","hentry","category-oroszlany","tag-10-milliard-forint","tag-3-milliard-forint","tag-also-parkto","tag-altalanos-iskolak","tag-bolcsode","tag-csatornarendszer","tag-europai-unios-palyazat","tag-fejlesztesek","tag-fidesz-kdnp","tag-foter","tag-jatszoterek","tag-kommunikacios-kozpont","tag-lakoepuletek","tag-muvelodesi-kozpont","tag-ovoda","tag-polgarmester","tag-sportcsarnok","tag-takacs-karoly","tag-tavhorendszer","tag-tekepalya","tag-tuzoltoauto","tag-uszoda","tag-utak"],"_links":{"self":[{"href":"https:\/\/www.mszporoszlany.hu\/index.php?rest_route=\/wp\/v2\/posts\/2339","targetHints":{"allow":["GET"]}}],"collection":[{"href":"https:\/\/www.mszporoszlany.hu\/index.php?rest_route=\/wp\/v2\/posts"}],"about":[{"href":"https:\/\/www.mszporoszlany.hu\/index.php?rest_route=\/wp\/v2\/types\/post"}],"author":[{"embeddable":true,"href":"https:\/\/www.mszporoszlany.hu\/index.php?rest_route=\/wp\/v2\/users\/35"}],"replies":[{"embeddable":true,"href":"https:\/\/www.mszporoszlany.hu\/index.php?rest_route=%2Fwp%2Fv2%2Fcomments&post=2339"}],"version-history":[{"count":0,"href":"https:\/\/www.mszporoszlany.hu\/index.php?rest_route=\/wp\/v2\/posts\/2339\/revisions"}],"wp:attachment":[{"href":"https:\/\/www.mszporoszlany.hu\/index.php?rest_route=%2Fwp%2Fv2%2Fmedia&parent=2339"}],"wp:term":[{"taxonomy":"category","embeddable":true,"href":"https:\/\/www.mszporoszlany.hu\/index.php?rest_route=%2Fwp%2Fv2%2Fcategories&post=2339"},{"taxonomy":"post_tag","embeddable":true,"href":"https:\/\/www.mszporoszlany.hu\/index.php?rest_route=%2Fwp%2Fv2%2Ftags&post=2339"}],"curies":[{"name":"wp","href":"https:\/\/api.w.org\/{rel}","templated":true}]}}