{"id":2343,"date":"2013-09-02T19:00:59","date_gmt":"2013-09-02T18:00:59","guid":{"rendered":"http:\/\/www.mszporoszlany.hu\/?p=2343"},"modified":"2013-09-10T16:07:02","modified_gmt":"2013-09-10T15:07:02","slug":"ha-mar-masok-elfelejtik","status":"publish","type":"post","link":"https:\/\/www.mszporoszlany.hu\/?p=2343","title":{"rendered":"Ha m\u00e1r m\u00e1sok elfelejtik\u2026"},"content":{"rendered":"<p><img loading=\"lazy\" decoding=\"async\" class=\"alignleft size-full wp-image-2344\" alt=\"Eotvos\" src=\"https:\/\/www.mszporoszlany.hu\/wp-content\/uploads\/2013\/09\/Eotvos.png\" width=\"200\" height=\"120\" \/>Ma, amikor b\u00e1ny\u00e1sznap van, tisztelg\u00fcnk azon emberek el\u0151tt, akik eg\u00e9szs\u00e9g\u00fck \u00e9s \u00e9let\u00fck kock\u00e1ztat\u00e1s\u00e1val szenet b\u00e1ny\u00e1sznak, amivel f\u0171tj\u00fck otthonainkat. 2013-ban azonban a b\u00e1ny\u00e1sznap mell\u00e9 egy fontos \u00e9vfordul\u00f3 t\u00e1rsul, amir\u0151l ma sokan megfeledkeznek, pedig szerves r\u00e9sze Oroszl\u00e1ny \u00e9s a sz\u00e9nb\u00e1ny\u00e1szat m\u00faltj\u00e1nak.<\/p>\n<p><!--more--><\/p>\n<p>1953. szeptember els\u0151 vas\u00e1rnapja. A V\u00e9rtes hegys\u00e9g l\u00e1b\u00e1n\u00e1l fekv\u0151 kis v\u00e1rosk\u00e1ban, Oroszl\u00e1nyban, a b\u00e1ny\u00e1szat \u00fajabb lend\u00fcltet vett. A sz\u00e9nb\u00e1ny\u00e1szathoz sz\u00fcks\u00e9g volt szakk\u00e9pzett munkaer\u0151re, ez\u00e9rt \u00e9p\u00fclt egy iskola a v\u00e1rosban, egy szakmunk\u00e1sk\u00e9pz\u0151 int\u00e9zet. K\u00e9s\u0151bb az iskola felvette E\u00f6tv\u00f6s Lor\u00e1nd fizikus nev\u00e9t, akinek tal\u00e1lm\u00e1nyait vil\u00e1gszerte haszn\u00e1lj\u00e1k m\u00e9g ma is, \u00edgy m\u00e9lt\u00f3 n\u00e9vad\u00f3ja lett a b\u00e1nyaipar szakemberig\u00e9ny\u00e9t kiszolg\u00e1l\u00f3 iskol\u00e1nak.<\/p>\n<p>A ma mindenki sz\u00e1m\u00e1ra E\u00f6tv\u00f6sk\u00e9nt vagy szakik\u00e9nt emlegetett int\u00e9zm\u00e9ny \u00e9ppen 60 \u00e9ve kezdte meg m\u0171k\u00f6d\u00e9s\u00e9t. Az iskola nagym\u00e9rt\u00e9kben hozz\u00e1j\u00e1rult ahhoz, hogy a t\u00e9rs\u00e9g fejl\u0151dj\u00f6n, hiszen j\u00f3l k\u00e9pzett tan\u00e1raival r\u00e1termett munkaer\u0151t ny\u00fajtott a b\u00e1ny\u00e1nak, ahogy ezt k\u00e9s\u0151bb az ipari park c\u00e9geivel is tette. Sz\u00e1mos ott v\u00e9gzett di\u00e1k dolgozik ma is az Oroszl\u00e1nyba telepedett c\u00e9gekn\u00e9l, ami azt bizony\u00edtja, hogy az iskola versenyk\u00e9pes tud\u00e1st ny\u00fajtott, folyamatosan fejlesztette m\u0171helyeit \u00e9s pedag\u00f3gusai mindig naprak\u00e9sz tud\u00e1ssal oktatt\u00e1k a j\u00f6v\u0151 gener\u00e1ci\u00f3j\u00e1t, \u0151k pedig \u00e9p\u00edtett\u00e9k Oroszl\u00e1nyt.<\/p>\n<p>Joggal tehetj\u00fck fel a k\u00e9rd\u00e9st, hogy mi\u00e9rt nem eml\u00e9kezett meg senki ma az E\u00f6tv\u00f6sr\u0151l, a szakir\u00f3l. Az ut\u00f3bbi \u00e9vekben egyre jobban feled\u00e9sbe mer\u00fclt az iskola. 2011-ben a v\u00e1ros vezet\u00e9se egybeolvasztotta a gimn\u00e1ziummal \u00e9s az egykor nagy h\u00edr\u0171, \u00f6n\u00e1ll\u00f3 szakmunk\u00e1sk\u00e9pz\u0151 int\u00e9zetet egyszer\u0171en E\u00f6tv\u00f6s Lor\u00e1nd telephelly\u00e9 degrad\u00e1lta. Ebben a tan\u00e9vben, amikor a 60-dik sz\u00fclet\u00e9snapj\u00e1t \u00fcnnepli az iskola, aj\u00e1nd\u00e9kk\u00e9ppen m\u00e9g a nev\u00e9t is elvesztette, vagyis 2013. szeptember 1-je ut\u00e1n az Asztalos utca 2-ben a Hamvas B\u00e9la Gimn\u00e1zium \u00e9s Szakk\u00e9pz\u0151 Iskola Telephelye m\u0171k\u00f6dik, nem pedig az egykori E\u00f6tv\u00f6s Lor\u00e1nd Szakk\u00f6z\u00e9p \u2013 \u00e9s Szakiskola. Vajon mi lehet a probl\u00e9m\u00e1ja az oktat\u00e1s d\u00f6ntn\u00f6keinek E\u00f6tv\u00f6ssel?<\/p>\n<p>Nem lenne sz\u00fcks\u00e9g ma is a szakk\u00e9pz\u00e9s fontoss\u00e1g\u00e1ra? Nem kellene fejleszteni a m\u0171helyeket, hogy a tanul\u00f3k versenyk\u00e9pes tud\u00e1st szerezzenek \u00e9s a v\u00e1rosban maradva gyarap\u00edts\u00e1k azt? Mi\u00e9rt vesz\u00edti el egy kereken 60 \u00e9ves m\u00falttal rendelkez\u0151 int\u00e9zm\u00e9ny a n\u00e9vad\u00f3j\u00e1t, amikor azt m\u00e1r az \u00f6tvenes \u00e9vekben is enged\u00e9lyezt\u00e9k (pedig akkor nem volt gyakori jelens\u00e9g)? Kinek az \u00e9rdeke a cs\u00f6kken\u0151 sz\u00ednvonal \u00e9s a cs\u00f6kken\u0151 di\u00e1kl\u00e9tsz\u00e1m?<br \/>\nSok k\u00e9rd\u00e9s \u00e9s kev\u00e9s v\u00e1lasz! A feled\u00e9s hom\u00e1lya egyre jobban n\u0151 az egykori E\u00f6tv\u00f6s k\u00f6r\u00fcl, az oktat\u00e1sban helyi \u00e9s orsz\u00e1gos szinten bek\u00f6vetkez\u0151 v\u00e1ltoz\u00e1sok miatt az iskola csak \u00e1rny\u00e9ka az egykori sikeres int\u00e9zm\u00e9nynek, egykori \u00f6nmag\u00e1nak.<\/p>\n<p>Azonban a v\u00e1ros vezet\u00e9se megeml\u00e9kezett az oroszl\u00e1nyi szakk\u00e9pz\u00e9sr\u0151l: \u00e9pp ebben az \u00e9vben, Papp P\u00e9ter alpolg\u00e1rmester azt mondta, hogy sose hallotta, hogy Oroszl\u00e1nyban sz\u00ednvonalas szakk\u00e9pz\u00e9s folyt volna. Nos, err\u0151l nyilv\u00e1n m\u00e1st gondol az ott v\u00e9gzett t\u00f6bb ezer egykori di\u00e1k, m\u00e1st gondolnak err\u0151l a kijelent\u00e9sr\u0151l azok, akik fel\u00e9p\u00edtett\u00e9k a v\u00e1rost, \u00e9s m\u00e1st gondolnak err\u0151l a kijelent\u00e9sr\u0151l azok, akik ma a j\u00f6v\u0151t \u00e9p\u00edtik a v\u00e1ros ipari parkj\u00e1ban.<\/p>\n<p>Az k\u00fcl\u00f6n megd\u00f6bbent\u0151, hogy az eml\u00edtett \u00fcl\u00e9sen az \u00f6sszevont iskola igazgat\u00f3ja annyit reag\u00e1lt a kijelent\u00e9sre, hogy ne a m\u00falttal foglalkozzunk, hanem a j\u00f6v\u0151be n\u00e9zz\u00fcnk. Vajon ezzel a mondattal int\u00e9zt\u00e9k volna el ezt a kijelent\u00e9st az E\u00f6tv\u00f6s Lor\u00e1nd Szakk\u00f6z\u00e9p- \u00e9s Szakiskola kor\u00e1bbi vezet\u0151i is? S\u0151t, az int\u00e9zm\u00e9ny pedag\u00f3gusai sem k\u00e9rt\u00e9k ki maguknak a lemin\u0151s\u00edt\u00e9st. Lehet belet\u00f6r\u0151dtek a megv\u00e1ltoztathatatlanba, vagy f\u00e9lnek?<\/p>\n<p>Aki ma els\u00e9t\u00e1l az E\u00f6tv\u00f6s el\u0151tt, egyet biztosan tudhat: ez az iskola, ami ma m\u00e1r csak egy telephely, nem az E\u00f6tv\u00f6s!<\/p>\n","protected":false},"excerpt":{"rendered":"<p>Ma, amikor b\u00e1ny\u00e1sznap van, tisztelg\u00fcnk azon emberek el\u0151tt, akik eg\u00e9szs\u00e9g\u00fck \u00e9s \u00e9let\u00fck kock\u00e1ztat\u00e1s\u00e1val szenet b\u00e1ny\u00e1sznak, amivel f\u0171tj\u00fck otthonainkat. 2013-ban azonban a b\u00e1ny\u00e1sznap mell\u00e9 egy fontos \u00e9vfordul\u00f3 t\u00e1rsul, amir\u0151l ma sokan megfeledkeznek, pedig szerves r\u00e9sze Oroszl\u00e1ny \u00e9s a sz\u00e9nb\u00e1ny\u00e1szat m\u00faltj\u00e1nak. <a href=\"https:\/\/www.mszporoszlany.hu\/?p=2343\">Egy kattint\u00e1s ide a folytat\u00e1shoz&#8230;. <span class=\"meta-nav\">&rarr;<\/span><\/a><\/p>\n","protected":false},"author":35,"featured_media":0,"comment_status":"open","ping_status":"closed","sticky":false,"template":"","format":"standard","meta":{"footnotes":""},"categories":[194],"tags":[1605,1603,412,1600,1298,188,1604,1053,1764,56,123,1602,1601,1606],"class_list":["post-2343","post","type-post","status-publish","format-standard","hentry","category-oroszlany","tag-2013-szeptember-1","tag-60-eves","tag-alpolgarmester","tag-banyasznap","tag-eotvos-lorand","tag-eotvos-lorand-szakkozep-es-szakiskola","tag-hamvas-bela-gimnazium-es-szakkepzo-iskola-telephelye","tag-ipari-park","tag-oroszlany","tag-papp-peter","tag-szakkepzes","tag-szakmunkaskepzo","tag-szenbanyaszat","tag-versenykepes-tudas"],"_links":{"self":[{"href":"https:\/\/www.mszporoszlany.hu\/index.php?rest_route=\/wp\/v2\/posts\/2343","targetHints":{"allow":["GET"]}}],"collection":[{"href":"https:\/\/www.mszporoszlany.hu\/index.php?rest_route=\/wp\/v2\/posts"}],"about":[{"href":"https:\/\/www.mszporoszlany.hu\/index.php?rest_route=\/wp\/v2\/types\/post"}],"author":[{"embeddable":true,"href":"https:\/\/www.mszporoszlany.hu\/index.php?rest_route=\/wp\/v2\/users\/35"}],"replies":[{"embeddable":true,"href":"https:\/\/www.mszporoszlany.hu\/index.php?rest_route=%2Fwp%2Fv2%2Fcomments&post=2343"}],"version-history":[{"count":0,"href":"https:\/\/www.mszporoszlany.hu\/index.php?rest_route=\/wp\/v2\/posts\/2343\/revisions"}],"wp:attachment":[{"href":"https:\/\/www.mszporoszlany.hu\/index.php?rest_route=%2Fwp%2Fv2%2Fmedia&parent=2343"}],"wp:term":[{"taxonomy":"category","embeddable":true,"href":"https:\/\/www.mszporoszlany.hu\/index.php?rest_route=%2Fwp%2Fv2%2Fcategories&post=2343"},{"taxonomy":"post_tag","embeddable":true,"href":"https:\/\/www.mszporoszlany.hu\/index.php?rest_route=%2Fwp%2Fv2%2Ftags&post=2343"}],"curies":[{"name":"wp","href":"https:\/\/api.w.org\/{rel}","templated":true}]}}