{"id":2362,"date":"2013-09-10T16:03:29","date_gmt":"2013-09-10T15:03:29","guid":{"rendered":"http:\/\/www.mszporoszlany.hu\/?p=2362"},"modified":"2013-09-20T11:04:52","modified_gmt":"2013-09-20T10:04:52","slug":"agyrem-gyujtemeny-az-iskolarol","status":"publish","type":"post","link":"https:\/\/www.mszporoszlany.hu\/?p=2362","title":{"rendered":"Agyr\u00e9m gy\u0171jtem\u00e9ny az iskol\u00e1r\u00f3l"},"content":{"rendered":"<p><img loading=\"lazy\" decoding=\"async\" class=\"alignleft size-full wp-image-2276\" alt=\"Eletpalya\" src=\"https:\/\/www.mszporoszlany.hu\/wp-content\/uploads\/2013\/07\/Eletpalya.png\" width=\"200\" height=\"120\" \/>Szeptember 2-\u00e1n nemcsak a tan\u00edt\u00e1s kezd\u0151d\u00f6tt meg a k\u00f6znevel\u00e9si int\u00e9zm\u00e9nyekben, hanem sz\u00e1mos fontos v\u00e1ltoz\u00e1st is hoz az \u00faj tan\u00e9v az \u00e1llami iskol\u00e1kban. Akadnak minden di\u00e1kot, illetve sz\u00fcl\u0151t \u00e9rint\u0151 v\u00e1ltoz\u00e1sok, valamint olyanok, melyek id\u00e9n egyel\u0151re csak az 1., 5. \u00e9s 9. \u00e9vfolyamos tanulm\u00e1nyaikat megkezd\u0151kre vonatkoznak. Az <a title=\"Eur\u00f3pai Sz\u00fcl\u0151k Magyarorsz\u00e1gi Egyes\u00fclete\" href=\"http:\/\/szulok.eu\" target=\"_blank\">Eur\u00f3pai Sz\u00fcl\u0151k Magyarorsz\u00e1gi Egyes\u00fclete<\/a> seg\u00edts\u00e9g\u00e9vel mutatjuk a k\u00f6znevel\u00e9si t\u00f6rv\u00e9ny m\u00e1r hat\u00e1lyos, illetve a tan\u00e9v kezdet\u00e9vel most \u00e9letbe l\u00e9p\u0151 legfontosabb v\u00e1ltoz\u00e1sait.<\/p>\n<p><!--more--><\/p>\n<p><strong>Minden di\u00e1kot illetve sz\u00fcl\u0151t \u00e9rint\u0151 v\u00e1ltoz\u00e1sok:<\/strong><\/p>\n<ul>\n<li>A tank\u00f6telezetts\u00e9g fels\u0151 korhat\u00e1r\u00e1t 16 \u00e9vre sz\u00e1ll\u00edtott\u00e1k le. (b\u00e1r ez m\u00e1r tavaly is \u00e9rv\u00e9nyben volt!) Ez a gyakorlatban azt jelenti, hogy annak a tan\u00e9vnek a v\u00e9g\u00e9n, amelyben a di\u00e1k bet\u00f6lt\u00f6tte a 16. \u00e9let\u00e9v\u00e9t megsz\u0171nik az \u00e1llam ell\u00e1t\u00e1si k\u00f6telezetts\u00e9ge, ha egy di\u00e1kot eltan\u00e1csolnak egy iskol\u00e1b\u00f3l, nem kell \u0151t m\u00e1sik iskol\u00e1nak felvennie. Ugyanakkor nem v\u00e1llalhat munk\u00e1t, am\u00edg be nem t\u00f6lti a 17. \u00e9let\u00e9v\u00e9t, akkor is 1 \u00e9vig csak korl\u00e1tozottan, \u00edgy a legnehezebben kezelhet\u0151, eleve rosszabb es\u00e9lyekkel indul\u00f3 gyerekek \u00fagy ker\u00fclnek az utc\u00e1ra, hogy nem is tanulhatnak, nem is dolgozhatnak. K\u00e9pzetts\u00e9g n\u00e9lk\u00fcl egy\u00e9bk\u00e9nt is szinte lehetetlen elhelyezkedni.<\/li>\n<li>Az \u00e1ltal\u00e1nos iskola mind a 8 \u00e9vfolyam\u00e1n k\u00f6telez\u0151 lesz d\u00e9lut\u00e1n 4-ig bent maradnia a gyerekeknek az iskol\u00e1ban. A sz\u00fcl\u0151 k\u00e9relm\u00e9re az igazgat\u00f3 a k\u00f6telez\u0151 tan\u00edt\u00e1si \u00f3r\u00e1k ut\u00e1ni benttart\u00f3zkod\u00e1s al\u00f3l felment\u00e9st adhat, de ez csak lehet\u0151s\u00e9g.<\/li>\n<li>Az iskolai sz\u00fcl\u0151i munkak\u00f6z\u00f6ss\u00e9gek szinte valamennyi jog\u00e1t megvonta a t\u00f6rv\u00e9ny, saj\u00e1t szervezeti \u00e9s m\u0171k\u00f6d\u00e9si szab\u00e1lyzata \u00e9s tiszts\u00e9gvisel\u0151i megv\u00e1laszt\u00e1sa mellett csak t\u00e1j\u00e9koztat\u00e1st k\u00e9rhet a gyermeki, tanul\u00f3i jogok \u00e9rv\u00e9nyes\u00fcl\u00e9s\u00e9t, a pedag\u00f3giai munka eredm\u00e9nyess\u00e9g\u00e9t, a gyermekek, tanul\u00f3k csoportj\u00e1t \u00e9rint\u0151 b\u00e1rmely k\u00e9rd\u00e9sben, tov\u00e1bb\u00e1 k\u00e9r\u00e9sre tan\u00e1cskoz\u00e1si joggal r\u00e9szt vehet k\u00e9pvisel\u0151j\u00fck a nevel\u0151test\u00fclet ezen t\u00e9m\u00e1kkal foglalkoz\u00f3 \u00fcl\u00e9sein.<\/li>\n<li>Az iskol\u00e1kban, a tantest\u00fclet tagjak\u00e9nt akt\u00edv rend\u0151r\u00f6k, \u00fagynevezett b\u0171nmegel\u0151z\u00e9si tan\u00e1csad\u00f3k jelennek meg. Feladatuk els\u0151dlegesen az internetes \u00e9s droggal \u00f6sszef\u00fcgg\u0151 b\u0171ncselekm\u00e9nyek megel\u0151z\u00e9se lesz, de olyan inform\u00e1ci\u00f3kat kell szerezni\u00fck, amelyekb\u0151l megismerik a gyerekek iskol\u00e1n k\u00edv\u00fcli szok\u00e1sait, tev\u00e9kenys\u00e9g\u00e9t is. Akt\u00edv rend\u0151rk\u00e9nt, bel\u00e1t\u00e1suk szerint int\u00e9zkedhetnek is, ennek r\u00e9szek\u00e9nt ar\u00e1nyos m\u00e9rt\u00e9k\u0171 testi k\u00e9nyszert is alkalmazhatnak.<\/li>\n<li>Fontos, m\u00e1r \u00e9letbe l\u00e9pett v\u00e1ltoz\u00e1s, hogy az iskol\u00e1skor\u00fanak l\u00e1tsz\u00f3 gyerekeket, ha iskolaid\u0151ben az utc\u00e1n vagy egy\u00e9b nyilv\u00e1nos helyen (p\u00e9ld\u00e1ul pl\u00e1z\u00e1ban) vannak, \u00e9s nem tudj\u00e1k \u00edr\u00e1sban, hitelt \u00e9rdeml\u0151en bizony\u00edtani, hogy igazoltan vannak t\u00e1vol, a rend\u0151r bek\u00eds\u00e9rheti az iskol\u00e1ba, szint\u00e9n ak\u00e1r k\u00e9nyszer alkalmaz\u00e1s\u00e1val. (Ez is tavalyi \u00faj\u00edt\u00e1s)<\/li>\n<li>A di\u00e1kokat is jelent\u0151sen \u00e9rinti a pedag\u00f3gusok munkaterhel\u00e9s\u00e9nek v\u00e1ltoz\u00e1sa. Munkaidej\u00fckb\u0151l, heti 40 \u00f3r\u00e1b\u00f3l az eddigi 22 \u00f3ra helyett most 26 \u00f3r\u00e1val terhelhet\u0151ek tan\u00edt\u00e1si \u00f3r\u00e1val, tov\u00e1bbi 6 \u00f3r\u00e1t az iskol\u00e1ban tart\u00f3zkodni, t\u00f6bbek k\u00f6z\u00f6tt p\u00e9ld\u00e1ul a d\u00e9lut\u00e1ni gyermekmeg\u0151rz\u00e9st, a helyettes\u00edt\u00e9seket \u00edgy biztos\u00edtj\u00e1k. Munkaidej\u00fckb\u0151l 8 \u00f3ra marad az \u00f3r\u00e1kra val\u00f3 felk\u00e9sz\u00fcl\u00e9sre, a dolgozatok jav\u00edt\u00e1s\u00e1ra, az egy\u00e9ni, differenci\u00e1lt feladatok esetleges kidolgoz\u00e1s\u00e1ra, azaz minden tan\u00edt\u00e1si \u00f3r\u00e1ra 18 perc el\u0151k\u00e9sz\u00fcleti id\u0151 jut. Ha mondjuk egy pedag\u00f3gus 5 oszt\u00e1lyban, \u00f6sszesen 150 gyereket tan\u00edt, heti 3 percet sz\u00e1nhat minden gyerekre. (b\u00e1r 6 \u00f3r\u00e1ban az oktat\u00e1shoz\/nevel\u00e9shez k\u00f6t\u0151d\u0151 feladatok elv\u00e9gz\u00e9s\u00e9re is k\u00f6telezhet\u0151 az int\u00e9zm\u00e9nyen bel\u00fcl, vagyis a 6 \u00f3r\u00e1ban is v\u00e9gezhet ilyen feladatokat!)<\/li>\n<\/ul>\n<p><strong> Az 1., 5. \u00e9s 9. \u00e9vfolyamosokat \u00e9rint\u0151 v\u00e1ltoz\u00e1sok:<\/strong><\/p>\n<ul>\n<li>A sz\u00fcl\u0151k id\u00e9n m\u00e1r nem d\u00f6nthettek \u00fagy, hogy azok a gyerekek, akik 2013. augusztus 31-ig bet\u00f6ltik 6. \u00e9let\u00e9v\u00fcket, m\u00e9g egy \u00e9vig \u00f3vod\u00e1ban maradhassanak. Az el\u0151re nem tervezetten sok els\u0151s miatt a miniszt\u00e9rium magasabb oszt\u00e1lyl\u00e9tsz\u00e1mokat enged\u00e9lyezett.<\/li>\n<li>Jelent\u0151sen n\u0151nek a k\u00f6telez\u0151 \u00f3rasz\u00e1mok. Els\u0151 oszt\u00e1lyban napi 4 helyett 5 \u00f3ra a k\u00f6telez\u0151, \u00f6t\u00f6dikben a heti legfeljebb 22,5 \u00f3ra 28 \u00f3r\u00e1ra, a kilencedik \u00e9vfolyamon 27,5 \u00f3ra 35 \u00f3r\u00e1ra n\u00f6vekszik.<\/li>\n<li>Az iskol\u00e1k k\u00f6telez\u0151, \u00fagynevezett kerettantervek szerint tan\u00edtanak majd, helyi, egyedi, a gyerekeket figyelembe vev\u0151 alternat\u00edv\u00e1kra mind\u00f6ssze 10% lehet\u0151s\u00e9ge van ezent\u00fal az iskol\u00e1nak. A kor\u00e1bbi szab\u00e1lyoz\u00e1ssal szemben az \u00faj tantervek eg\u00e9szen konkr\u00e9tan el\u0151\u00edrj\u00e1k, hogy mikor, mit kell tan\u00edtani, r\u00e1ad\u00e1sul igen jelent\u0151sen megn\u0151tt a tananyag mennyis\u00e9ge.<\/li>\n<li>Az iskol\u00e1knak az \u00f3rasz\u00e1mon bel\u00fcl heti 5 testnevel\u00e9s \u00f3r\u00e1t kell az \u00f3rarendbe terveznie (ezt az int\u00e9zked\u00e9st egy \u00e9vvel ezel\u0151tt vezett\u00e9k be, \u00edgy \u00e9rinti a mostani 2., 6. \u00e9s 10. \u00e9vfolyamot is).<\/li>\n<li>Els\u0151 \u00e9s \u00f6t\u00f6dik \u00e9vfolyamon \u00faj tant\u00e1rgyakat vezetnek be. Minden sz\u00fcl\u0151nek k\u00f6telez\u0151en nyilatkoznia kell, hogy melyik vall\u00e1s hittan\u00f3r\u00e1j\u00e1ra k\u00edv\u00e1nja gyermek\u00e9t j\u00e1ratni, illetve helyette v\u00e1laszthat egy erk\u00f6lcstannak nevezett t\u00e1rgyat. Az ut\u00f3bbi oktat\u00e1s\u00e1ra n\u00e9h\u00e1ny \u00f3r\u00e1s k\u00e9pz\u00e9s keret\u00e9ben k\u00e9sz\u00edtik fel a tan\u00e1rokat. Az iskola ezen fel\u00fcl k\u00f6telez\u0151v\u00e9 tehet olyan t\u00e1rgyakat, mint a hagyom\u00e1nyos csal\u00e1dmodellt n\u00e9pszer\u0171s\u00edt\u0151, a nemi sztereot\u00edpi\u00e1kat er\u0151s\u00edteni c\u00e9lzott csal\u00e1di \u00e9letre nevel\u00e9s vagy a jelenismeret c\u00edm\u0171 t\u00e1rgy.<\/li>\n<li>Az els\u0151 \u00e9vfolyamon a gyerekek ingyenesen kapj\u00e1k a tank\u00f6nyvet, \u00e1m az ilyen k\u00f6nyvet a tan\u00e9v v\u00e9g\u00e9n vissza kell adniuk az iskola k\u00f6nyvt\u00e1ra sz\u00e1m\u00e1ra.<\/li>\n<\/ul>\n","protected":false},"excerpt":{"rendered":"<p>Szeptember 2-\u00e1n nemcsak a tan\u00edt\u00e1s kezd\u0151d\u00f6tt meg a k\u00f6znevel\u00e9si int\u00e9zm\u00e9nyekben, hanem sz\u00e1mos fontos v\u00e1ltoz\u00e1st is hoz az \u00faj tan\u00e9v az \u00e1llami iskol\u00e1kban. Akadnak minden di\u00e1kot, illetve sz\u00fcl\u0151t \u00e9rint\u0151 v\u00e1ltoz\u00e1sok, valamint olyanok, melyek id\u00e9n egyel\u0151re csak az 1., 5. \u00e9s 9. \u00e9vfolyamos tanulm\u00e1nyaikat megkezd\u0151kre vonatkoznak. Az Eur\u00f3pai Sz\u00fcl\u0151k Magyarorsz\u00e1gi Egyes\u00fclete seg\u00edts\u00e9g\u00e9vel mutatjuk a k\u00f6znevel\u00e9si t\u00f6rv\u00e9ny m\u00e1r hat\u00e1lyos, illetve a tan\u00e9v kezdet\u00e9vel most \u00e9letbe l\u00e9p\u0151 legfontosabb v\u00e1ltoz\u00e1sait. <a href=\"https:\/\/www.mszporoszlany.hu\/?p=2362\">Egy kattint\u00e1s ide a folytat\u00e1shoz&#8230;. <span class=\"meta-nav\">&rarr;<\/span><\/a><\/p>\n","protected":false},"author":35,"featured_media":0,"comment_status":"open","ping_status":"closed","sticky":false,"template":"","format":"standard","meta":{"footnotes":""},"categories":[195,196,194],"tags":[1607,1611,1608,1609,1506,1610,223,928],"class_list":["post-2362","post","type-post","status-publish","format-standard","hentry","category-komarom-esztergom-megye","category-magyarorszag","category-oroszlany","tag-allami-iskola","tag-bunmegelozesi-tanacsadok","tag-diak","tag-europai-szulok-magyarorszagi-egyesulete","tag-kozneveles","tag-orak-utani-benttartozkodas","tag-szuloi-munkakozosseg","tag-tankotelezettseg"],"_links":{"self":[{"href":"https:\/\/www.mszporoszlany.hu\/index.php?rest_route=\/wp\/v2\/posts\/2362","targetHints":{"allow":["GET"]}}],"collection":[{"href":"https:\/\/www.mszporoszlany.hu\/index.php?rest_route=\/wp\/v2\/posts"}],"about":[{"href":"https:\/\/www.mszporoszlany.hu\/index.php?rest_route=\/wp\/v2\/types\/post"}],"author":[{"embeddable":true,"href":"https:\/\/www.mszporoszlany.hu\/index.php?rest_route=\/wp\/v2\/users\/35"}],"replies":[{"embeddable":true,"href":"https:\/\/www.mszporoszlany.hu\/index.php?rest_route=%2Fwp%2Fv2%2Fcomments&post=2362"}],"version-history":[{"count":0,"href":"https:\/\/www.mszporoszlany.hu\/index.php?rest_route=\/wp\/v2\/posts\/2362\/revisions"}],"wp:attachment":[{"href":"https:\/\/www.mszporoszlany.hu\/index.php?rest_route=%2Fwp%2Fv2%2Fmedia&parent=2362"}],"wp:term":[{"taxonomy":"category","embeddable":true,"href":"https:\/\/www.mszporoszlany.hu\/index.php?rest_route=%2Fwp%2Fv2%2Fcategories&post=2362"},{"taxonomy":"post_tag","embeddable":true,"href":"https:\/\/www.mszporoszlany.hu\/index.php?rest_route=%2Fwp%2Fv2%2Ftags&post=2362"}],"curies":[{"name":"wp","href":"https:\/\/api.w.org\/{rel}","templated":true}]}}