{"id":2372,"date":"2013-09-20T11:03:53","date_gmt":"2013-09-20T10:03:53","guid":{"rendered":"http:\/\/www.mszporoszlany.hu\/?p=2372"},"modified":"2013-09-29T18:08:15","modified_gmt":"2013-09-29T17:08:15","slug":"mar-most-keszuljenek","status":"publish","type":"post","link":"https:\/\/www.mszporoszlany.hu\/?p=2372","title":{"rendered":"M\u00e1r most k\u00e9sz\u00fcljenek&#8230;"},"content":{"rendered":"<p><img loading=\"lazy\" decoding=\"async\" class=\"alignleft size-full wp-image-2373\" alt=\"Gloria\" src=\"https:\/\/www.mszporoszlany.hu\/wp-content\/uploads\/2013\/09\/Gloria.png\" width=\"200\" height=\"120\" \/>Ahogy lesz, \u00fagy lesz, mert a m\u00faltb\u00f3l \u00e9p\u00edtkez\u0151 j\u00f6v\u0151 m\u00e1r itt tipr\u00f3dik a k\u00fcsz\u00f6b\u00fcnk\u00f6n. Maholnap m\u00e1r tegnap volt, reggelre tal\u00e1n kitavaszodik az \u0151sz, burj\u00e1nzik a term\u00e9keny magyar kreativit\u00e1s \u00e9s b\u00fcszkes\u00e9g. Lelohadt a haz\u00e1nkat nyomorultt\u00e1 tev\u0151 szakad\u00e1sos, a moralit\u00e1s mocsar\u00e1ba s\u00fcllyed\u0151 gondolkod\u00e1s. Sz\u00e1rnyal a sas, folynak a foly\u00f3k \u00e9s a hit\u00fcnket sem vesztett\u00fck el, mert megvan! S\u0151t! \u2013 egyre t\u00f6bben lesz\u00fcnk! Nem \u00fagy van semmi, mint ahogy azt a szoci\u00e1l-liber\u00e1lis-bolsevista-idegensz\u00edv\u0171ek \u00e1ll\u00edtott\u00e1k, hanem \u00fagy van, ahogy van, mert a dakot\u00e1kt\u00f3l sem illik megk\u00e9rdezni, hogy mi\u00e9rt \u00fcl a lovon a menetir\u00e1nynak h\u00e1ttal. Harmadr\u00e9szt pedig mindig eszembe jut az a hajnali f\u00e9ny, amely derengeni l\u00e1tszik, amikor ball\u00e1bbal kelek f\u00f6l \u00e9s \u00fagy \u00e9rzem, hogy ez rossz, vagy nem j\u00f3.<\/p>\n<p>Ilyenkor \u2013 Honfit\u00e1rsaim! \u2013 minden magyar ember k\u00f6r\u00f6zik egyet a k\u00f6r\u00f6z\u00f6tt k\u00f6r\u00fcl, el kezd gondolkodni azon, hogy megszolg\u00e1lta-e a reggelit \u00e9s milyen feladattal b\u00edzta meg aznapra a magass\u00e1gos, azaz \u00e9n magamat. Tegye mindenki a sz\u00edv\u00e9re a kez\u00e9t \u00e9s ne hagyja ott: Mikor \u00e9rezn\u00e9 azt, hogy itt a magyar igazs\u00e1g? \u00c9n sem tudom biztosan, de ez egy j\u00f3 k\u00e9rd\u00e9s. Azt azonban tudom, hogy a hatalom az szolg\u00e1lat, \u00e9n a magam szolg\u00e1ja vagyok, s az az igazs\u00e1g innen n\u00e9zv\u00e9st, amelyet \u00e9n mondok, meg gondolok.<\/p>\n<p><!--more--><\/p>\n<p>Nem az\u00e9rt vagyunk kicsik, mert nagyok vagyunk, hanem az\u00e9rt vagyunk nagyok, hogy ne legy\u00fcnk kicsik, \u00e9s ha nagyok a kicsik, akkor bizony neh\u00e9z a sz\u00fcl\u00e9s. \u00c9n azon munk\u00e1lkodom, hogy ezt a nagyok is meg\u00e9rts\u00e9k \u2013 Kedves Bar\u00e1taim! \u2013 \u00e9s legyen a dolgoknak eleje \u00e9s v\u00e9ge \u00e9s ne gondolja senki, hogy az \u00e9n nevemben nek\u00fcnk b\u00e1rki, b\u00e1rmit mondhat, mert vel\u00fcnk nem lehet pack\u00e1zni sorsk\u00e9rd\u00e9sekben hivat\u00e1silag, nek\u00fcnk \u00e9nvelem k\u00fcldet\u00e9s\u00fcnk van itten a f\u00f6ld\u00f6n, ahol a talpat is talpra kell \u00e1ll\u00edtani m\u00e1r.<\/p>\n<p>Hajr\u00e1! \u2013 ahogy a V\u00f6r\u00f6s t\u00e9ren elhangzott m\u00e1jus elsej\u00e9n.<br \/>\nCsak a Fidesz!<\/p>\n","protected":false},"excerpt":{"rendered":"<p>Ahogy lesz, \u00fagy lesz, mert a m\u00faltb\u00f3l \u00e9p\u00edtkez\u0151 j\u00f6v\u0151 m\u00e1r itt tipr\u00f3dik a k\u00fcsz\u00f6b\u00fcnk\u00f6n. Maholnap m\u00e1r tegnap volt, reggelre tal\u00e1n kitavaszodik az \u0151sz, burj\u00e1nzik a term\u00e9keny magyar kreativit\u00e1s \u00e9s b\u00fcszkes\u00e9g. Lelohadt a haz\u00e1nkat nyomorultt\u00e1 tev\u0151 szakad\u00e1sos, a moralit\u00e1s mocsar\u00e1ba s\u00fcllyed\u0151 gondolkod\u00e1s. Sz\u00e1rnyal a sas, folynak a foly\u00f3k \u00e9s a hit\u00fcnket sem vesztett\u00fck el, mert megvan! S\u0151t! \u2013 egyre t\u00f6bben lesz\u00fcnk! Nem \u00fagy van semmi, mint ahogy azt a szoci\u00e1l-liber\u00e1lis-bolsevista-idegensz\u00edv\u0171ek \u00e1ll\u00edtott\u00e1k, hanem \u00fagy van, ahogy van, mert a dakot\u00e1kt\u00f3l sem illik megk\u00e9rdezni, hogy mi\u00e9rt \u00fcl a lovon a menetir\u00e1nynak h\u00e1ttal. Harmadr\u00e9szt pedig mindig eszembe jut az a hajnali f\u00e9ny, amely derengeni l\u00e1tszik, amikor ball\u00e1bbal kelek f\u00f6l \u00e9s \u00fagy \u00e9rzem, hogy ez rossz, vagy nem j\u00f3. <a href=\"https:\/\/www.mszporoszlany.hu\/?p=2372\">Egy kattint\u00e1s ide a folytat\u00e1shoz&#8230;. <span class=\"meta-nav\">&rarr;<\/span><\/a><\/p>\n","protected":false},"author":35,"featured_media":0,"comment_status":"open","ping_status":"closed","sticky":false,"template":"","format":"standard","meta":{"footnotes":""},"categories":[194],"tags":[],"class_list":["post-2372","post","type-post","status-publish","format-standard","hentry","category-oroszlany"],"_links":{"self":[{"href":"https:\/\/www.mszporoszlany.hu\/index.php?rest_route=\/wp\/v2\/posts\/2372","targetHints":{"allow":["GET"]}}],"collection":[{"href":"https:\/\/www.mszporoszlany.hu\/index.php?rest_route=\/wp\/v2\/posts"}],"about":[{"href":"https:\/\/www.mszporoszlany.hu\/index.php?rest_route=\/wp\/v2\/types\/post"}],"author":[{"embeddable":true,"href":"https:\/\/www.mszporoszlany.hu\/index.php?rest_route=\/wp\/v2\/users\/35"}],"replies":[{"embeddable":true,"href":"https:\/\/www.mszporoszlany.hu\/index.php?rest_route=%2Fwp%2Fv2%2Fcomments&post=2372"}],"version-history":[{"count":0,"href":"https:\/\/www.mszporoszlany.hu\/index.php?rest_route=\/wp\/v2\/posts\/2372\/revisions"}],"wp:attachment":[{"href":"https:\/\/www.mszporoszlany.hu\/index.php?rest_route=%2Fwp%2Fv2%2Fmedia&parent=2372"}],"wp:term":[{"taxonomy":"category","embeddable":true,"href":"https:\/\/www.mszporoszlany.hu\/index.php?rest_route=%2Fwp%2Fv2%2Fcategories&post=2372"},{"taxonomy":"post_tag","embeddable":true,"href":"https:\/\/www.mszporoszlany.hu\/index.php?rest_route=%2Fwp%2Fv2%2Ftags&post=2372"}],"curies":[{"name":"wp","href":"https:\/\/api.w.org\/{rel}","templated":true}]}}