{"id":2375,"date":"2013-09-22T20:34:29","date_gmt":"2013-09-22T19:34:29","guid":{"rendered":"http:\/\/www.mszporoszlany.hu\/?p=2375"},"modified":"2013-10-17T12:34:26","modified_gmt":"2013-10-17T11:34:26","slug":"nincs-uj-a-nap-alatt","status":"publish","type":"post","link":"https:\/\/www.mszporoszlany.hu\/?p=2375","title":{"rendered":"Nincs \u00faj a nap alatt!"},"content":{"rendered":"<p><img loading=\"lazy\" decoding=\"async\" class=\"alignleft size-full wp-image-2376\" alt=\"Gyermekmunka\" src=\"https:\/\/www.mszporoszlany.hu\/wp-content\/uploads\/2013\/09\/Gyermekmunka.jpg\" width=\"200\" height=\"120\" \/>&#8222;Politikailag \u00e9s mor\u00e1lisan is megbukott a Fidesz rezsigy\u0171jt\u00e9s melletti al\u00e1\u00edr\u00e1sgy\u0171jt\u0151 kamp\u00e1nya, miut\u00e1n kider\u00fclt, a korm\u00e1nyp\u00e1rt &#8216;gyermekmunk\u00e1t&#8217; vett ig\u00e9nybe. Szanyi Tibor szocialista orsz\u00e1ggy\u0171l\u00e9si k\u00e9pvisel\u0151 fogalmazott \u00edgy cs\u00fct\u00f6rt\u00f6k\u00f6n, a Fidesz f\u0151v\u00e1rosi sz\u00e9kh\u00e1za el\u0151tt tartott sajt\u00f3t\u00e1j\u00e9koztat\u00f3j\u00e1n. Az ellenz\u00e9ki politikus \u00e1ll\u00edt\u00e1sa al\u00e1t\u00e1maszt\u00e1s\u00e1ra a hvg.hu szerd\u00e1n megjelent cikk\u00e9re hivatkozott, amelyben egy hangfelv\u00e9tel alapj\u00e1n arr\u00f3l \u00edrnak, hogy Dunakeszi \u00e9s F\u00f3t mellett Veresegyh\u00e1z\u00e1n is &#8216;anyagilag \u00f6szt\u00f6n\u00f6zt\u00e9k&#8217; az al\u00e1\u00edr\u00e1sgy\u0171jt\u00e9st, ahol tizen\u00e9ves, k\u00f6z\u00e9piskol\u00e1s fiataloknak fizettek.&#8221; \u2013 olvashat\u00f3 a vil\u00e1gh\u00e1l\u00f3n sorozatban a jogos felh\u00e1borod\u00e1st kelt\u0151 m\u00f3dszerrel kapcsolatban.<\/p>\n<p><!--more--><\/p>\n<p>Egyszer\u0171 h\u00edr, ilyesmin fel sem kapja a fej\u00e9t az egyszer\u0171 haland\u00f3, m\u00e1r csak az\u00e9rt sem, mert nincs \u00faj a nap alatt. &#8222;Mik\u00f6zben a helyi Fideszben folyamatosan az erk\u00f6lcsr\u0151l pap(p)olnak, kisgyerekekkel hordatj\u00e1k ki a sz\u00f3r\u00f3lapjaikat, ami a politikai pedof\u00edlia kateg\u00f3ri\u00e1j\u00e1ba tartozik.&#8221; \u2013 adta h\u00edr\u00fcl az MSZP sz\u00f3r\u00f3lapja a 2010-es \u00f6nkorm\u00e1nyzati v\u00e1laszt\u00e1sok el\u0151tt, hogy mire haszn\u00e1lj\u00e1k fel a fiatalokat egyes jobboldali politikusok \u2013 persze bizony\u00e1ra akkor sem ingyen.<\/p>\n<p style=\"text-align: center;\"><a title=\"FIDESZ - Gyermekmunka 2010 - Oroszl\u00e1ny\" href=\"https:\/\/www.mszporoszlany.hu\/wp-content\/uploads\/2013\/09\/GyermekTakacs-1.png\" rel=\"lightbox[1]\"><img loading=\"lazy\" decoding=\"async\" class=\"alignnone\" alt=\"\" src=\"https:\/\/www.mszporoszlany.hu\/wp-content\/uploads\/2013\/09\/GyermekTakacs-1-320x240.png\" width=\"288\" height=\"216\" \/><\/a> <a title=\"FIDESZ - Gyermekmunka 2010 - Oroszl\u00e1ny\" href=\"https:\/\/www.mszporoszlany.hu\/wp-content\/uploads\/2013\/09\/GyermekTakacs-2.png\" rel=\"lightbox[1]\"><img loading=\"lazy\" decoding=\"async\" class=\"alignnone\" alt=\"\" src=\"https:\/\/www.mszporoszlany.hu\/wp-content\/uploads\/2013\/09\/GyermekTakacs-2-320x240.png\" width=\"288\" height=\"216\" \/><\/a><br \/>\nFIDESZ &#8211; Gyermekmunka 2010 &#8211; Oroszl\u00e1ny<\/p>\n<p>Azt\u00e1n el\u00e9rkezett a nagy nap Oroszl\u00e1nyban is \u2013 annak eredm\u00e9ny\u00e9t pedig az\u00f3ta is ny\u00f6gj\u00fck valamennyien.<\/p>\n","protected":false},"excerpt":{"rendered":"<p>&#8222;Politikailag \u00e9s mor\u00e1lisan is megbukott a Fidesz rezsigy\u0171jt\u00e9s melletti al\u00e1\u00edr\u00e1sgy\u0171jt\u0151 kamp\u00e1nya, miut\u00e1n kider\u00fclt, a korm\u00e1nyp\u00e1rt &#8216;gyermekmunk\u00e1t&#8217; vett ig\u00e9nybe. Szanyi Tibor szocialista orsz\u00e1ggy\u0171l\u00e9si k\u00e9pvisel\u0151 fogalmazott \u00edgy cs\u00fct\u00f6rt\u00f6k\u00f6n, a Fidesz f\u0151v\u00e1rosi sz\u00e9kh\u00e1za el\u0151tt tartott sajt\u00f3t\u00e1j\u00e9koztat\u00f3j\u00e1n. Az ellenz\u00e9ki politikus \u00e1ll\u00edt\u00e1sa al\u00e1t\u00e1maszt\u00e1s\u00e1ra a hvg.hu szerd\u00e1n megjelent cikk\u00e9re hivatkozott, amelyben egy hangfelv\u00e9tel alapj\u00e1n arr\u00f3l \u00edrnak, hogy Dunakeszi \u00e9s F\u00f3t mellett Veresegyh\u00e1z\u00e1n is &#8216;anyagilag \u00f6szt\u00f6n\u00f6zt\u00e9k&#8217; az al\u00e1\u00edr\u00e1sgy\u0171jt\u00e9st, ahol tizen\u00e9ves, k\u00f6z\u00e9piskol\u00e1s fiataloknak fizettek.&#8221; \u2013 olvashat\u00f3 a vil\u00e1gh\u00e1l\u00f3n sorozatban a jogos felh\u00e1borod\u00e1st kelt\u0151 m\u00f3dszerrel kapcsolatban. <a href=\"https:\/\/www.mszporoszlany.hu\/?p=2375\">Egy kattint\u00e1s ide a folytat\u00e1shoz&#8230;. <span class=\"meta-nav\">&rarr;<\/span><\/a><\/p>\n","protected":false},"author":35,"featured_media":0,"comment_status":"open","ping_status":"closed","sticky":false,"template":"","format":"standard","meta":{"footnotes":""},"categories":[194],"tags":[1614,60,1615,1617,301,1764,1405,1612,1613,9,1618],"class_list":["post-2375","post","type-post","status-publish","format-standard","hentry","category-oroszlany","tag-dunakeszi","tag-fidesz","tag-fot","tag-gyermekmunka","tag-hvg-hu","tag-oroszlany","tag-papp-peter-attila","tag-rezsigyujtes","tag-szanyi-tibor","tag-takacs-karoly","tag-veresegyhaza"],"_links":{"self":[{"href":"https:\/\/www.mszporoszlany.hu\/index.php?rest_route=\/wp\/v2\/posts\/2375","targetHints":{"allow":["GET"]}}],"collection":[{"href":"https:\/\/www.mszporoszlany.hu\/index.php?rest_route=\/wp\/v2\/posts"}],"about":[{"href":"https:\/\/www.mszporoszlany.hu\/index.php?rest_route=\/wp\/v2\/types\/post"}],"author":[{"embeddable":true,"href":"https:\/\/www.mszporoszlany.hu\/index.php?rest_route=\/wp\/v2\/users\/35"}],"replies":[{"embeddable":true,"href":"https:\/\/www.mszporoszlany.hu\/index.php?rest_route=%2Fwp%2Fv2%2Fcomments&post=2375"}],"version-history":[{"count":0,"href":"https:\/\/www.mszporoszlany.hu\/index.php?rest_route=\/wp\/v2\/posts\/2375\/revisions"}],"wp:attachment":[{"href":"https:\/\/www.mszporoszlany.hu\/index.php?rest_route=%2Fwp%2Fv2%2Fmedia&parent=2375"}],"wp:term":[{"taxonomy":"category","embeddable":true,"href":"https:\/\/www.mszporoszlany.hu\/index.php?rest_route=%2Fwp%2Fv2%2Fcategories&post=2375"},{"taxonomy":"post_tag","embeddable":true,"href":"https:\/\/www.mszporoszlany.hu\/index.php?rest_route=%2Fwp%2Fv2%2Ftags&post=2375"}],"curies":[{"name":"wp","href":"https:\/\/api.w.org\/{rel}","templated":true}]}}