{"id":2394,"date":"2013-10-17T13:01:00","date_gmt":"2013-10-17T12:01:00","guid":{"rendered":"http:\/\/www.mszporoszlany.hu\/?p=2394"},"modified":"2013-10-27T16:50:20","modified_gmt":"2013-10-27T15:50:20","slug":"oroszlanyi-szemet-mutyi","status":"publish","type":"post","link":"https:\/\/www.mszporoszlany.hu\/?p=2394","title":{"rendered":"Oroszl\u00e1nyi szem\u00e9t mutyi?"},"content":{"rendered":"<p><img loading=\"lazy\" decoding=\"async\" class=\"alignleft size-full wp-image-2395\" alt=\"Szemetmutyi\" src=\"https:\/\/www.mszporoszlany.hu\/wp-content\/uploads\/2013\/10\/Szemetmutyi.png\" width=\"200\" height=\"120\" \/>A k\u00f6zmeghallgat\u00e1son &#8222;egy v\u00e1laszt\u00f3polg\u00e1r&#8221; sz\u00f3v\u00e1 tette, hogy a v\u00e1ros tulajdon\u00e1ba ker\u00fclt Remondisb\u00f3l gr\u00fcndolt OK\u00d6 Zrt fel\u00fcgyel\u0151bizotts\u00e1g\u00e1ban \u00e9s igazgat\u00f3s\u00e1g\u00e1ban mi\u00e9rt nincsenek a Fideszen k\u00edv\u00fcli emberek. Persze a k\u00e9rd\u00e9s sok ember sz\u00e1m\u00e1ra s\u00e9rt\u0151 volt, de adtak r\u00e1 v\u00e1laszt is.<\/p>\n<p>A v\u00e1lasz a k\u00f6vetkez\u0151 volt: a MSZP az\u00e9rt nem deleg\u00e1lhatott embereket a fenn eml\u00edtett bizotts\u00e1gokba, mert nem \u00fagy \u00e1llt a v\u00e9telhez \u00e9s k\u00f6r\u00fclm\u00e9nyeihez, ahogy azt a helyi Fidesz \u00e9l\u00e9n Tak\u00e1cs K\u00e1rollyal \u00e9s Papp P\u00e9terrel elk\u00e9pzelte. Vagyis nem \u00e9rte el a Fideszben megszokott h\u0171b\u00e9ri szintet. Erre ma ak\u00e1r b\u00fcszk\u00e9k is lehetn\u00e9nk!<\/p>\n<p><!--more--><\/p>\n<p>Viszont nyugtat\u00e1sk\u00e9ppen Tak\u00e1cs K\u00e1roly, v\u00e1rosunk els\u0151 \u00e9s egyetlen g\u00e9niusza, elmondta, hogy janu\u00e1rban visszat\u00e9rnek a k\u00e9rd\u00e9shez. Mi\u00e9rt pont janu\u00e1rban? Ha ilyen k\u00e9szs\u00e9gesen \u00e1llnak a k\u00e9rd\u00e9shez, akkor mi\u00e9rt nem holnap?<\/p>\n<p>A v\u00e1rosnak december m\u00e1sodik\u00e1ig rendezni kell a korm\u00e1nyt\u00f3l kapott 576 milli\u00f3 forint sors\u00e1t. Ez ugyanis nem t\u00e1mogat\u00e1s volt, hanem korm\u00e1nyzati k\u00f6lcs\u00f6n. (Vagy esetleg valami m\u00e1s?) Vagyis nem tudni mind a mai napig, hogy vissza kell-e fizetni a v\u00e1rosnak a korm\u00e1ny r\u00e9sz\u00e9re a p\u00e9nzt? Vagy m\u00e9gis t\u00e1mogat\u00e1sk\u00e9nt kapta? Vagy esetleg \u00e1truh\u00e1zza majd a v\u00e1ros a r\u00e9szv\u00e9nyeit az \u00e1llamra, \u00e9s a v\u00e1rosi c\u00e9gb\u0151l \u00e1llami c\u00e9g lesz? Sok k\u00e9rd\u00e9s van, mire egy igazgat\u00f3s\u00e1gi tag vagy egy fel\u00fcgyel\u0151-bizotts\u00e1gi tag v\u00e1laszt kaphat, vagy legal\u00e1bbis t\u00f6bbet megtudhatna az adott k\u00e9rd\u00e9sr\u0151l, mint egy k\u00edv\u00fcl\u00e1ll\u00f3. Jelenleg a Fideszen k\u00edv\u00fcl mindenki m\u00e1s k\u00edv\u00fcl\u00e1ll\u00f3, vagyis egyed\u00fcl csak \u0151k tudj\u00e1k, hogy a v\u00e1ros hogyan fog az 576 milli\u00f3 forinttal elsz\u00e1molni.<\/p>\n<p>\u00c9s ez a l\u00e9nyeg: mivel a v\u00e1ros p\u00e9nz\u00e9vel (\u00e9ves k\u00f6lts\u00e9gvet\u00e9s\u00e9nek 1\/8-val), a v\u00e1ros j\u00f6v\u0151j\u00e9vel j\u00e1tszanak, ez\u00e9rt mindenkinek ott kellene lennie, ahol a d\u00f6nt\u00e9sek sz\u00fcletnek, ahol a v\u00e1ros j\u00f6v\u0151je eld\u0151l. Ez\u00e9rt nincs demokr\u00e1cia Oroszl\u00e1nyban!<\/p>\n<p>A legfontosabb k\u00e9rd\u00e9s azonban az, hogy mit takargat a Fidesz, amir\u0151l 2014-ig senki sem tudhat? Egy \u00fajabb mutyi k\u00e9sz\u00fcl hullad\u00e9ksz\u00e1ll\u00edt\u00e1s \u00e9s \u2013kezel\u00e9s \u00fcgyben? Mi lesz a v\u00e1ros\/orsz\u00e1g 576 milli\u00f3 forintj\u00e1val?<\/p>\n<p>(A rendez\u00e9sre adott 2013. augusztus havi hat\u00e1rid\u0151 a rendez\u00e9s megold\u00e1s\u00e1ra m\u00e1r t\u00f6bb, mint egy h\u00f3napja lej\u00e1rt! \u2013 szerkeszt\u0151s\u00e9gi megjegyz\u00e9s)<\/p>\n","protected":false},"excerpt":{"rendered":"<p>A k\u00f6zmeghallgat\u00e1son &#8222;egy v\u00e1laszt\u00f3polg\u00e1r&#8221; sz\u00f3v\u00e1 tette, hogy a v\u00e1ros tulajdon\u00e1ba ker\u00fclt Remondisb\u00f3l gr\u00fcndolt OK\u00d6 Zrt fel\u00fcgyel\u0151bizotts\u00e1g\u00e1ban \u00e9s igazgat\u00f3s\u00e1g\u00e1ban mi\u00e9rt nincsenek a Fideszen k\u00edv\u00fcli emberek. Persze a k\u00e9rd\u00e9s sok ember sz\u00e1m\u00e1ra s\u00e9rt\u0151 volt, de adtak r\u00e1 v\u00e1laszt is. <a href=\"https:\/\/www.mszporoszlany.hu\/?p=2394\">Egy kattint\u00e1s ide a folytat\u00e1shoz&#8230;. <span class=\"meta-nav\">&rarr;<\/span><\/a><\/p>\n","protected":false},"author":35,"featured_media":0,"comment_status":"open","ping_status":"closed","sticky":false,"template":"","format":"standard","meta":{"footnotes":""},"categories":[194],"tags":[1583,60,1582,1621,1763,1622,56,9],"class_list":["post-2394","post","type-post","status-publish","format-standard","hentry","category-oroszlany","tag-felugyelo-bizottsag","tag-fidesz","tag-igazgatosag","tag-kozmeghallgatas","tag-mszp","tag-oko-zrt","tag-papp-peter","tag-takacs-karoly"],"_links":{"self":[{"href":"https:\/\/www.mszporoszlany.hu\/index.php?rest_route=\/wp\/v2\/posts\/2394","targetHints":{"allow":["GET"]}}],"collection":[{"href":"https:\/\/www.mszporoszlany.hu\/index.php?rest_route=\/wp\/v2\/posts"}],"about":[{"href":"https:\/\/www.mszporoszlany.hu\/index.php?rest_route=\/wp\/v2\/types\/post"}],"author":[{"embeddable":true,"href":"https:\/\/www.mszporoszlany.hu\/index.php?rest_route=\/wp\/v2\/users\/35"}],"replies":[{"embeddable":true,"href":"https:\/\/www.mszporoszlany.hu\/index.php?rest_route=%2Fwp%2Fv2%2Fcomments&post=2394"}],"version-history":[{"count":0,"href":"https:\/\/www.mszporoszlany.hu\/index.php?rest_route=\/wp\/v2\/posts\/2394\/revisions"}],"wp:attachment":[{"href":"https:\/\/www.mszporoszlany.hu\/index.php?rest_route=%2Fwp%2Fv2%2Fmedia&parent=2394"}],"wp:term":[{"taxonomy":"category","embeddable":true,"href":"https:\/\/www.mszporoszlany.hu\/index.php?rest_route=%2Fwp%2Fv2%2Fcategories&post=2394"},{"taxonomy":"post_tag","embeddable":true,"href":"https:\/\/www.mszporoszlany.hu\/index.php?rest_route=%2Fwp%2Fv2%2Ftags&post=2394"}],"curies":[{"name":"wp","href":"https:\/\/api.w.org\/{rel}","templated":true}]}}