{"id":2399,"date":"2013-10-27T12:07:17","date_gmt":"2013-10-27T11:07:17","guid":{"rendered":"http:\/\/www.mszporoszlany.hu\/?p=2399"},"modified":"2013-11-13T06:17:28","modified_gmt":"2013-11-13T05:17:28","slug":"oroszlanyi-legek","status":"publish","type":"post","link":"https:\/\/www.mszporoszlany.hu\/?p=2399","title":{"rendered":"Oroszl\u00e1nyi legek"},"content":{"rendered":"<p><img loading=\"lazy\" decoding=\"async\" class=\"alignleft size-full wp-image-2400\" alt=\"LegLegLeg\" src=\"https:\/\/www.mszporoszlany.hu\/wp-content\/uploads\/2013\/10\/LegLegLeg.png\" width=\"200\" height=\"120\" \/>Kis v\u00e1rosunk a V\u00e9rtes t\u00f6v\u00e9ben igazi legek v\u00e1rosa. Sok tekintetben rendelkezik Oroszl\u00e1ny olyan adotts\u00e1gokkal, amelyekkel m\u00e9lt\u00e1n teszik orsz\u00e1gos vagy vil\u00e1gh\u00edr\u0171v\u00e9. Azonban a t\u00e9nyeket vizsg\u00e1lva arra lett\u00fcnk figyelmesek, hogy v\u00e1rosunk vezet\u0151i is sok tekintetben rekorderek a maguk ter\u00fclet\u00e9n.<\/p>\n<p><!--more--><\/p>\n<p>Els\u0151 k\u00f6rben itt van a mi b\u00f6lcs polg\u00e1rmester\u00fcnk, a mindig felk\u00e9sz\u00fclt, igazi polihisztori adotts\u00e1gokkal rendelkez\u0151 Tak\u00e1cs K\u00e1roly. Tak\u00e1cs \u00far a ciklusa elej\u00e9n 8 milli\u00f3 forint\u00e9rt v\u00e1s\u00e1rolt egy \u00faj hivatali aut\u00f3t, amelynek fut\u00e1steljes\u00edtm\u00e9nye m\u00e9g K\u00f6v\u00e9r &#8222;Pl\u00fcssmack\u00f3&#8221; L\u00e1szl\u00f3ra is r\u00e1ver. Bizony-bizony, a mi b\u00f6lcs Marco Polonk m\u00e9g a h\u00e1zeln\u00f6kn\u00e9l is t\u00f6bbet utazik, hol V\u00e9rtessoml\u00f3 fel\u00e9, hol Budapestre, persze Paksi kit\u00e9r\u0151kkel.<\/p>\n<p>Am\u00edg Tak\u00e1cs K\u00e1roly az utakat r\u00f3ja, \u00e9s szorgalmasan gy\u0171jti a tankol\u00e1s\u00e9rt j\u00e1r\u00f3 pontokat (lehet ebb\u0151l lesz majd meg a sportcsarnok \u00f6nereje), addig Papp P\u00e9ter v\u00e1rosunk m\u00e1sodik els\u0151 sz\u00e1m\u00fa vezet\u0151je \u00e9s Czunyin\u00e9 dr. Bertalan Judit egy eg\u00e9szen saj\u00e1ts\u00e1gos h\u00e1zi versenybe kezdtek. Tett\u00e9k ezt minden bizonnyal az\u00e9rt, mert az orsz\u00e1g, a v\u00e1ros jobban teljes\u00edt, legal\u00e1bbis ezt hallani mindenhonnan. Az \u0151 h\u00e1zi verseny\u00fck nem sz\u00f3l m\u00e1sr\u00f3l, mint a poz\u00edci\u00f3halmoz\u00e1sr\u00f3l. A Fidesz \u00e1ltal l\u00e9trehozott torz vil\u00e1gban teljesen term\u00e9szetes, hogy egy ember t\u00f6bb olyan poz\u00edci\u00f3t birtokol ami\u00e9rt, ha nem is j\u00e1r direkt d\u00edjaz\u00e1s, a befoly\u00e1s az\u00e9rt sz\u00e1mottev\u0151.<\/p>\n<p>Kezdj\u00fck a sort Czunyin\u00e9 dr. Bertalan Judittal. Egy kor\u00e1bbi <a title=\"Cikk megnyit\u00e1sa\" href=\"https:\/\/www.mszporoszlany.hu\/?p=2331\" target=\"_blank\">cikk\u00fcnkben <\/a>megjegyezt\u00fck m\u00e1r hogy, ha minden posztot becs\u00fclettel el szeretne l\u00e1tni, akkor egy napnak nem 24 hanem legal\u00e1bb 48 \u00f3r\u00e1b\u00f3l kellene \u00e1llnia, m\u00e9g akkor is, ha \u00e1llam \u00e1ltal biztos\u00edtott aut\u00f3 furik\u00e1zza A-b\u00f3l B-be, term\u00e9szetesen sof\u0151rrel.<\/p>\n<p>Papp P\u00e9ter igyekezett felz\u00e1rk\u00f3zni a mez\u0151nyh\u00f6z, \u00e9s telep\u00fcl\u00e9si k\u00e9pvisel\u0151i mand\u00e1tuma mell\u00e9 m\u00e1r a ciklus indul\u00e1s\u00e1n\u00e1l begy\u0171jt\u00f6tt egy alpolg\u00e1rmesteri c\u00edmet. K\u00e9s\u0151bb ezt megfejelte az OK\u00d6 Zrt fel\u00fcgyel\u0151 bizotts\u00e1gi eln\u00f6ki posztj\u00e1val, de P\u00e9ter itt nem \u00e1llt meg. T\u00f6bben mondt\u00e1k, hogy sz\u00e9p teljes\u00edtm\u00e9ny volt, de nem akart leszakadni az \u00e9lmez\u0151nyt\u0151l, \u00edgy \u0151 lett a Nemzeti \u00c9rt\u00e9kt\u00e1r Bizotts\u00e1g eln\u00f6ke, \u00e9s \u0151 vezeti a 60 \u00e9ves a v\u00e1rosunk rendezv\u00e9nysorozatot el\u0151k\u00e9sz\u00edt\u0151 bizotts\u00e1got is. P\u00e9ter a helyi FIDESZ csoport eln\u00f6ke \u00e9s a frakci\u00f3 vezet\u0151je is. Emellett m\u00e9g van term\u00e9szetesen civil szerepv\u00e1llal\u00e1sa is, az \u00d6nk\u00e9ntes T\u0171zolt\u00f3s\u00e1g eln\u00f6ki posztj\u00e1t is \u0151 t\u00f6lti be. Ugyanakkor \u00e9tterem vezet\u0151 \u00e9s trafiktulajdonos is egy szem\u00e9lyben.<\/p>\n<p>Ezek alapj\u00e1n kijelenthetj\u00fck, hogy v\u00e1rosunkat \u00e9s k\u00f6rzet\u00fcnket igaz\u00e1n szerte\u00e1gaz\u00f3, m\u00e9ly szak\u00e9rt\u0151i tehets\u00e9ggel meg\u00e1ldott emberek vezetik, k\u00e9pviselik MINDENHOL. Bizony mindenhol! \u2013 hiszen \u0151k mindenhol ott vannak.<\/p>\n<p>Ha \u00d6n, kedves olvas\u00f3 esetleg nem gondolja \u00fagy, hogy egy ember el tud l\u00e1tni ennyi feladatot, \u00e9s esetlegesen a hatalom megszerz\u00e9s\u00e9nek \u00e9s birtokol\u00e1s\u00e1nak beteges k\u00e9nyszer\u00e9r\u0151l van sz\u00f3, akkor egy dolgot tehet: El kell d\u00f6ntenie, hogy 2014-ben milyen d\u00f6nt\u00e9st hoz!<\/p>\n","protected":false},"excerpt":{"rendered":"<p>Kis v\u00e1rosunk a V\u00e9rtes t\u00f6v\u00e9ben igazi legek v\u00e1rosa. Sok tekintetben rendelkezik Oroszl\u00e1ny olyan adotts\u00e1gokkal, amelyekkel m\u00e9lt\u00e1n teszik orsz\u00e1gos vagy vil\u00e1gh\u00edr\u0171v\u00e9. Azonban a t\u00e9nyeket vizsg\u00e1lva arra lett\u00fcnk figyelmesek, hogy v\u00e1rosunk vezet\u0151i is sok tekintetben rekorderek a maguk ter\u00fclet\u00e9n. <a href=\"https:\/\/www.mszporoszlany.hu\/?p=2399\">Egy kattint\u00e1s ide a folytat\u00e1shoz&#8230;. <span class=\"meta-nav\">&rarr;<\/span><\/a><\/p>\n","protected":false},"author":35,"featured_media":0,"comment_status":"open","ping_status":"closed","sticky":false,"template":"","format":"standard","meta":{"footnotes":""},"categories":[194],"tags":[93,60,1626,564,1764,56,9],"class_list":["post-2399","post","type-post","status-publish","format-standard","hentry","category-oroszlany","tag-czunyine-dr-bertalan-judit","tag-fidesz","tag-kover-plussmacko-laszlo","tag-marco-polo","tag-oroszlany","tag-papp-peter","tag-takacs-karoly"],"_links":{"self":[{"href":"https:\/\/www.mszporoszlany.hu\/index.php?rest_route=\/wp\/v2\/posts\/2399","targetHints":{"allow":["GET"]}}],"collection":[{"href":"https:\/\/www.mszporoszlany.hu\/index.php?rest_route=\/wp\/v2\/posts"}],"about":[{"href":"https:\/\/www.mszporoszlany.hu\/index.php?rest_route=\/wp\/v2\/types\/post"}],"author":[{"embeddable":true,"href":"https:\/\/www.mszporoszlany.hu\/index.php?rest_route=\/wp\/v2\/users\/35"}],"replies":[{"embeddable":true,"href":"https:\/\/www.mszporoszlany.hu\/index.php?rest_route=%2Fwp%2Fv2%2Fcomments&post=2399"}],"version-history":[{"count":0,"href":"https:\/\/www.mszporoszlany.hu\/index.php?rest_route=\/wp\/v2\/posts\/2399\/revisions"}],"wp:attachment":[{"href":"https:\/\/www.mszporoszlany.hu\/index.php?rest_route=%2Fwp%2Fv2%2Fmedia&parent=2399"}],"wp:term":[{"taxonomy":"category","embeddable":true,"href":"https:\/\/www.mszporoszlany.hu\/index.php?rest_route=%2Fwp%2Fv2%2Fcategories&post=2399"},{"taxonomy":"post_tag","embeddable":true,"href":"https:\/\/www.mszporoszlany.hu\/index.php?rest_route=%2Fwp%2Fv2%2Ftags&post=2399"}],"curies":[{"name":"wp","href":"https:\/\/api.w.org\/{rel}","templated":true}]}}