{"id":2402,"date":"2013-10-27T16:42:10","date_gmt":"2013-10-27T15:42:10","guid":{"rendered":"http:\/\/www.mszporoszlany.hu\/?p=2402"},"modified":"2013-11-13T06:18:04","modified_gmt":"2013-11-13T05:18:04","slug":"kettos-merce","status":"publish","type":"post","link":"https:\/\/www.mszporoszlany.hu\/?p=2402","title":{"rendered":"Kett\u0151s m\u00e9rce"},"content":{"rendered":"<p><img loading=\"lazy\" decoding=\"async\" class=\"alignleft size-full wp-image-2405\" alt=\"KettosMerce\" src=\"https:\/\/www.mszporoszlany.hu\/wp-content\/uploads\/2013\/10\/KettosMerce.jpg\" width=\"200\" height=\"120\" \/>Bajnai Gordont, az Egy\u00fctt-PM vezet\u0151j\u00e9t \u00e9s a Magyar Szolidarit\u00e1s Mozgalmat eln\u00e9z\u00e9sk\u00e9r\u00e9sre felsz\u00f3l\u00edt\u00f3 ny\u00edlt lev\u00e9l jelent meg n\u00e9gy orsz\u00e1gos napilapban a k\u00f6zelm\u00faltban. A lev\u00e9l al\u00e1\u00edr\u00f3i szerint a Szolidarit\u00e1s szeptember 29-ei szobord\u00f6nt\u00e9se sokkolta a magyar t\u00e1rsadalom j\u00f3zan t\u00f6bbs\u00e9g\u00e9t. &#8222;Ami a Bajnai Gordon nev\u00e9hez k\u00f6thet\u0151 esem\u00e9nyen lezajlott, az civiliz\u00e1lt orsz\u00e1gban elfogadhatatlan&#8221; &#8211; \u00e1ll a ny\u00edlt lev\u00e9lben, amelyet m\u0171v\u00e9szek, politol\u00f3gusok, politikusok, tud\u00f3sok \u00edrtak al\u00e1.<\/p>\n<p><!--more--><\/p>\n<p>Eddig a h\u00edr, s megmondom \u0151szint\u00e9n, t\u0151lem is idegen az ellenz\u00e9ki el\u00e9gedetlens\u00e9g ilyet\u00e9n megnyilv\u00e1nul\u00e1sa, mint ahogyan okt\u00f3ber 23-a sz\u00e1momra az 1956-os forradalom m\u00e1rt\u00edrjaira val\u00f3 eml\u00e9kez\u00e9s napja, s nem holmi &#8222;B\u00e9kemenet&#8221; happening \u2013 de ez legyen mag\u00e1nv\u00e9lem\u00e9ny.<\/p>\n<p>Azonban maradjunk m\u00e9g kicsit a szobord\u00f6nt\u00e9sn\u00e9l. Alig h\u00e9t \u00e9vvel ezel\u0151tt, 2006 szeptember\u00e9ben sz\u00e1molt be a <a title=\"Cikk megnyit\u00e1sa\" href=\"http:\/\/www.nyugat.hu\/tartalom\/cikk\/23878\" target=\"_blank\">nyugat.hu<\/a> port\u00e1l a &#8222;b\u00e9k\u00e9s&#8221; szombathelyi \u00e9s k\u00f6rmendi esem\u00e9nyekr\u0151l. T\u00f6bbek k\u00f6z\u00f6tt ez olvashat\u00f3 az ut\u00f3bbi telep\u00fcl\u00e9sr\u0151l sz\u00f3l\u00f3 tud\u00f3s\u00edt\u00e1sban:<\/p>\n<p><em>&#8222;<strong>Valahonnan el\u0151ker\u00fclt egy \u00e9letnagys\u00e1g\u00fa Gyurcs\u00e1ny-b\u00e1bu<\/strong><\/em><br \/>\n<em> \u00c1ll\u00edt\u00f3lag Budapesten nagy balh\u00e9 van! Forradalom van Magyarorsz\u00e1gon \u00e9rkezett az \u00fajabb h\u00edrad\u00e1s, mire a t\u00f6meg tapsviharban t\u00f6rt ki. \u00c9ljen a forradalom! &#8211; kiab\u00e1lt\u00e1k n\u00e9h\u00e1nyan, majd Fegyverbe! Fegyverbe! &#8211; felki\u00e1lt\u00e1ssal folytatt\u00e1k a vonul\u00e1st a 8-as \u00fat melletti lak\u00f3telepen. A hajnali \u00f3r\u00e1kban sokakat fel\u00e9bresztett a hangos demonstr\u00e1ci\u00f3, sok b\u00e1tortalan kikukucsk\u00e1l\u00f3t l\u00e1ttunk. Az egyik szocialista k\u00e9pvisel\u0151jel\u00f6lt ablaka alatt Megd\u00f6gletek kommunist\u00e1k! &#8211; hangork\u00e1nnal k\u00edv\u00e1ntak sz\u00e9p \u00e1lmokat a t\u00fcntet\u0151k. A 300-as t\u00f6meg minden \u00fatba es\u0151 italm\u00e9r\u00e9sn\u00e9l apadt valamennyit, mivel a magyar\u00e1zat szerint ott lehetett k\u00f6vetni a H\u00edr Tv k\u00f6zvet\u00edt\u00e9s\u00e9t. Valahonnan el\u0151ker\u00fclt egy \u00e9letnagys\u00e1g\u00fa Gyurcs\u00e1ny-b\u00e1bu is, amit hamarosan l\u00e1ngba bor\u00edtott a forradalom eszm\u00e9je.<\/em><br \/>\n<em> A kedves gyerekdal morbid \u00e1tirat\u00e1ra \u2013 miszerint: \u00c9g a Gyurcs\u00e1ny, \u00e9g! El ne aludj\u00e9k! &#8211; n\u00e9h\u00e1ny zsid\u00f3 viccet is els\u00fct\u00f6ttek gyorsan a jelenl\u00e9v\u0151k, t\u00f6bbek k\u00f6z\u00f6tt felemlegetve a h\u00edrhedt hal\u00e1lt\u00e1bort is, ahol hasonl\u00f3 m\u00f3don v\u00e9gezt\u00e9k a n\u00e9p ellens\u00e9gei (sic!).\u201d<\/em><\/p>\n<div style=\"width: 590px\" class=\"wp-caption aligncenter\"><img loading=\"lazy\" decoding=\"async\" alt=\"\" src=\"http:\/\/mork.nyugat.hu\/Scopes\/nyugat\/var\/\/improxy\/NyugatBigPicture\/19235.jpg\" width=\"580\" height=\"386\" \/><p class=\"wp-caption-text\">Forr\u00e1s: http:\/\/www.nyugat.hu\/tartalom\/cikk\/23878<\/p><\/div>\n<p>Ennyit a jobboldal kult\u00farm\u0171sor\u00e1r\u00f3l. De, hogy kis haz\u00e1nk se maradjon ki, eml\u00e9keztetn\u00e9k Bajnai Gordon tavalyi, oroszl\u00e1nyi l\u00e1togat\u00e1s\u00e1ra, amikor is: Akiket a Jobbik propagand\u00e1ja elb\u00f3d\u00edt, azok saj\u00e1t neh\u00e9zs\u00e9geikre m\u00e1sban tal\u00e1lj\u00e1k meg a hib\u00e1t, ezt minden politikusnak fegyelmezetten tudom\u00e1sul kell vennie &#8211; mondta Bajnai Gordon volt korm\u00e1nyf\u0151 oroszl\u00e1nyi sajt\u00f3t\u00e1j\u00e9koztat\u00f3j\u00e1n, arra reag\u00e1lva, hogy pap\u00edrb\u00f3l kiv\u00e1gott lib\u00e1kkal \u00e9s akaszt\u00f3f\u00e1val v\u00e1rta mintegy k\u00e9ttucatnyi Jobbik-tag \u00e9s -szimpatiz\u00e1ns a lakoss\u00e1gi f\u00f3rum\u00e1nak helyet ad\u00f3 \u00e9p\u00fclet el\u0151tt \u2013 olvashat\u00f3 az MTI \u00e1ltal kiadott anyagban.<\/p>\n<p style=\"text-align: center;\"><img loading=\"lazy\" decoding=\"async\" class=\"size-full wp-image-2403 aligncenter\" alt=\"JobbikAkasztas\" src=\"https:\/\/www.mszporoszlany.hu\/wp-content\/uploads\/2013\/10\/JobbikAkasztas.jpg\" width=\"600\" height=\"375\" srcset=\"https:\/\/www.mszporoszlany.hu\/wp-content\/uploads\/2013\/10\/JobbikAkasztas.jpg 600w, https:\/\/www.mszporoszlany.hu\/wp-content\/uploads\/2013\/10\/JobbikAkasztas-320x200.jpg 320w\" sizes=\"auto, (max-width: 600px) 100vw, 600px\" \/><\/p>\n<p>\u00c9s a tanuls\u00e1g? Hogyne lenne: egyetlen id\u00e9zett esetben sem sz\u00fcletett ny\u00edlt lev\u00e9l, amelyet m\u0171v\u00e9szek, politol\u00f3gusok, politikusok, tud\u00f3sok \u00edrtak volna al\u00e1.<\/p>\n","protected":false},"excerpt":{"rendered":"<p>Bajnai Gordont, az Egy\u00fctt-PM vezet\u0151j\u00e9t \u00e9s a Magyar Szolidarit\u00e1s Mozgalmat eln\u00e9z\u00e9sk\u00e9r\u00e9sre felsz\u00f3l\u00edt\u00f3 ny\u00edlt lev\u00e9l jelent meg n\u00e9gy orsz\u00e1gos napilapban a k\u00f6zelm\u00faltban. A lev\u00e9l al\u00e1\u00edr\u00f3i szerint a Szolidarit\u00e1s szeptember 29-ei szobord\u00f6nt\u00e9se sokkolta a magyar t\u00e1rsadalom j\u00f3zan t\u00f6bbs\u00e9g\u00e9t. &#8222;Ami a Bajnai Gordon nev\u00e9hez k\u00f6thet\u0151 esem\u00e9nyen lezajlott, az civiliz\u00e1lt orsz\u00e1gban elfogadhatatlan&#8221; &#8211; \u00e1ll a ny\u00edlt lev\u00e9lben, amelyet m\u0171v\u00e9szek, politol\u00f3gusok, politikusok, tud\u00f3sok \u00edrtak al\u00e1.<br \/>\n <a href=\"https:\/\/www.mszporoszlany.hu\/?p=2402\">Egy kattint\u00e1s ide a folytat\u00e1shoz&#8230;. <span class=\"meta-nav\">&rarr;<\/span><\/a><\/p>\n","protected":false},"author":35,"featured_media":0,"comment_status":"open","ping_status":"closed","sticky":false,"template":"","format":"standard","meta":{"footnotes":""},"categories":[196,194],"tags":[1056,1624,1623,1625,1107],"class_list":["post-2402","post","type-post","status-publish","format-standard","hentry","category-magyarorszag","category-oroszlany","tag-bajnai-gordon","tag-bekemenet","tag-egyutt-pm","tag-gyurcsany-babu","tag-magyar-szolidaritas-mozgalom"],"_links":{"self":[{"href":"https:\/\/www.mszporoszlany.hu\/index.php?rest_route=\/wp\/v2\/posts\/2402","targetHints":{"allow":["GET"]}}],"collection":[{"href":"https:\/\/www.mszporoszlany.hu\/index.php?rest_route=\/wp\/v2\/posts"}],"about":[{"href":"https:\/\/www.mszporoszlany.hu\/index.php?rest_route=\/wp\/v2\/types\/post"}],"author":[{"embeddable":true,"href":"https:\/\/www.mszporoszlany.hu\/index.php?rest_route=\/wp\/v2\/users\/35"}],"replies":[{"embeddable":true,"href":"https:\/\/www.mszporoszlany.hu\/index.php?rest_route=%2Fwp%2Fv2%2Fcomments&post=2402"}],"version-history":[{"count":0,"href":"https:\/\/www.mszporoszlany.hu\/index.php?rest_route=\/wp\/v2\/posts\/2402\/revisions"}],"wp:attachment":[{"href":"https:\/\/www.mszporoszlany.hu\/index.php?rest_route=%2Fwp%2Fv2%2Fmedia&parent=2402"}],"wp:term":[{"taxonomy":"category","embeddable":true,"href":"https:\/\/www.mszporoszlany.hu\/index.php?rest_route=%2Fwp%2Fv2%2Fcategories&post=2402"},{"taxonomy":"post_tag","embeddable":true,"href":"https:\/\/www.mszporoszlany.hu\/index.php?rest_route=%2Fwp%2Fv2%2Ftags&post=2402"}],"curies":[{"name":"wp","href":"https:\/\/api.w.org\/{rel}","templated":true}]}}