{"id":241,"date":"2011-11-07T11:44:27","date_gmt":"2011-11-07T10:44:27","guid":{"rendered":"http:\/\/www.mszporoszlany.hu\/?p=241"},"modified":"2012-04-06T20:30:14","modified_gmt":"2012-04-06T19:30:14","slug":"a-varosi-vagyon-elvesztese","status":"publish","type":"post","link":"https:\/\/www.mszporoszlany.hu\/?p=241","title":{"rendered":"A v\u00e1rosi vagyon elveszt\u00e9se"},"content":{"rendered":"<p>Tisztelt Polg\u00e1rmester \u00dar!<\/p>\n<p>Bizony\u00e1ra \u00d6n is \u00e9rtes\u00fclt arr\u00f3l, hogy a v\u00edzik\u00f6zm\u0171t\u00f6rv\u00e9ny decemberben kihirdetend\u0151 m\u00f3dos\u00edt\u00e1sa nagyon komolyan \u00e9rinti Oroszl\u00e1ny v\u00e1ros\u00e1t, \u00e9s az Oroszl\u00e1nyi Szolg\u00e1ltat\u00f3 Zrt-t is. Rem\u00e9lhet\u0151leg azt is tudja a Polg\u00e1rmester \u00dar, hogy az oroszl\u00e1nyi szennyv\u00edztiszt\u00edt\u00f3 telep 2003-2004 \u00e9vi mintegy 800 milli\u00f3 forintos fel\u00faj\u00edt\u00e1sa t\u00f6bb sz\u00e1zmilli\u00f3 forintos \u00f6nkorm\u00e1nyzati \u00e1ldozatv\u00e1llal\u00e1s mellett t\u00f6rt\u00e9nt.<\/p>\n<p><!--more--><\/p>\n<p>A beruh\u00e1z\u00e1snak k\u00f6sz\u00f6nhet\u0151en Oroszl\u00e1ny v\u00e1rosa K\u00f6z\u00e9p-Kelet Eur\u00f3pa egyik legkorszer\u0171bb szennyv\u00edztiszt\u00edt\u00f3 telep\u00e9nek b\u00fcszke tulajdonos\u00e1v\u00e1 v\u00e1lt.T\u00f6bbek k\u00f6z\u00f6tt a modern telepnek k\u00f6sz\u00f6nhet\u0151, hogy az ipari park ilyen \u00fctemben fejl\u0151dhetett, \u00e9s fejl\u0151dhet tov\u00e1bb, valamint pl. az is, hogy az \u00c1ltal-\u00e9r Oroszl\u00e1ny-Kecsk\u00e9d k\u00f6z\u00f6tti szakasza \u00fajra \u00e9l\u0151 v\u00edzz\u00e9 v\u00e1lt. A befektet\u00e9s emellett m\u00e1ra term\u0151re fordult, \u00e9s a szennyv\u00edzkezel\u00e9sb\u0151l sz\u00e1rmaz\u00f3 bev\u00e9telek a c\u00e9gen kereszt\u00fcl a telep\u00fcl\u00e9st gazdag\u00edtj\u00e1k.<\/p>\n<p>H\u00f3napok \u00f3ta tudni lehet, hogy a t\u00f6rv\u00e9nym\u00f3dos\u00edt\u00e1s Oroszl\u00e1nyt nagyon neh\u00e9z helyzetbe fogja hozni, \u00e9s ha \u00e9letbe l\u00e9p a t\u00f6rv\u00e9ny, akkor a szennyv\u00edzvagyont a region\u00e1lis vizik\u00f6zm\u0171c\u00e9gnek hamarosan <strong>t\u00e9r\u00edt\u00e9smentesen <\/strong>\u00e1t kell adni. \u00d6nt\u0151l m\u00e9gsem kaptunk semmilyen t\u00e1j\u00e9koztat\u00e1st sem test\u00fcleti, sem bizotts\u00e1gi \u00fcl\u00e9sen ezzel kapcsolatban.<\/p>\n<p>Ennek k\u00e9t oka lehet:<\/p>\n<ul>\n<li>vagy nem tudott r\u00f3la, ami nehezen elk\u00e9pzelhet\u0151<\/li>\n<li>vagy g\u0151zer\u0151vel dolgozott azon, hogy kiharcolja v\u00e1ros szempontj\u00e1b\u00f3l a lehet\u0151 legjobb poz\u00edci\u00f3kat.<\/li>\n<\/ul>\n<p><span style=\"font-size: 15px; line-height: 26px;\">B\u00edzunk benne, hogy ez ut\u00f3bbi t\u00f6rt\u00e9nt, ez\u00e9rt k\u00e9rj\u00fck \u00d6nt, hogy nyugtasson meg minket azzal, hogy v\u00e1laszol a k\u00e9rd\u00e9seinkre.<\/span><\/p>\n<ul>\n<li>Milyen l\u00e9p\u00e9seket tett annak \u00e9rdek\u00e9ben, hogy a mintegy 1,5 milli\u00e1rdos szennyv\u00edzvagyon a v\u00e1ros tulajdon\u00e1ban \u00e9s az OSzZrt. \u00fczemeltet\u00e9s\u00e9ben maradjon?<\/li>\n<li>Sikeresek voltak-e ezek a l\u00e9p\u00e9sek?<\/li>\n<li>Ha nem voltak sikeresek, akkor milyen l\u00e9p\u00e9seket tett annak \u00e9rdek\u00e9ben, hogy az \u00f6nkorm\u00e1nyzat legal\u00e1bb alkupoz\u00edci\u00f3ba ker\u00fclhessen?<\/li>\n<li>Amennyiben nem j\u00e1rt sikerrel, \u00e9s \u00e1t kell adni t\u00e9r\u00edt\u00e9smentesen a v\u00e1ros nagy \u00e1ldozatv\u00e1llal\u00e1sa \u00e1r\u00e1n fel\u00faj\u00edtott szennyv\u00edzvagyont, milyen elk\u00e9pzel\u00e9seik vannak a v\u00e1ros milli\u00e1rdos \u00e9rt\u00e9k\u0171 c\u00e9g\u00e9nek, az OSzZrt-nek a j\u00f6v\u0151j\u00e9vel kapcsolatban?<\/li>\n<li>Milyen \u00faj tev\u00e9kenys\u00e9gi k\u00f6r\u00f6kkel sz\u00e1nd\u00e9koznak az \u00edgy kies\u0151 t\u00f6bb sz\u00e1zmilli\u00f3 Ft-os bev\u00e9telt p\u00f3tolni?<\/li>\n<li>Vagy ha erre nincs kidolgozott koncepci\u00f3juk, milyen m\u00f3don k\u00edv\u00e1nj\u00e1k a c\u00e9g \u00e9s \u00edgy a v\u00e1ros cs\u0151dj\u00e9t elker\u00fclni?<\/li>\n<\/ul>\n<p><span style=\"font-size: 15px; line-height: 26px;\">\u0150szinte, alapos \u00e9s kimer\u00edt\u0151 v\u00e1lasz\u00e1t el\u0151re is k\u00f6sz\u00f6nj\u00fck:<\/span><\/p>\n<p>MSZP oroszl\u00e1nyi szervezete\/frakci\u00f3ja<\/p>\n","protected":false},"excerpt":{"rendered":"<p>Bizony\u00e1ra \u00d6n is \u00e9rtes\u00fclt arr\u00f3l, hogy a v\u00edzik\u00f6zm\u0171t\u00f6rv\u00e9ny decemberben kihirdetend\u0151 m\u00f3dos\u00edt\u00e1sa nagyon komolyan \u00e9rinti Oroszl\u00e1ny v\u00e1ros\u00e1t, \u00e9s az Oroszl\u00e1nyi Szolg\u00e1ltat\u00f3 Zrt-t is. Rem\u00e9lhet\u0151leg azt is tudja a Polg\u00e1rmester \u00dar, hogy az oroszl\u00e1nyi szennyv\u00edztiszt\u00edt\u00f3 telep 2003-2004 \u00e9vi mintegy 800 milli\u00f3 forintos fel\u00faj\u00edt\u00e1sa t\u00f6bb sz\u00e1zmilli\u00f3 forintos \u00f6nkorm\u00e1nyzati \u00e1ldozatv\u00e1llal\u00e1s mellett t\u00f6rt\u00e9nt. <a href=\"https:\/\/www.mszporoszlany.hu\/?p=241\">Egy kattint\u00e1s ide a folytat\u00e1shoz&#8230;. <span class=\"meta-nav\">&rarr;<\/span><\/a><\/p>\n","protected":false},"author":35,"featured_media":0,"comment_status":"open","ping_status":"closed","sticky":false,"template":"","format":"standard","meta":{"footnotes":""},"categories":[194],"tags":[136,1763,131,135,134,9,133,132],"class_list":["post-241","post","type-post","status-publish","format-standard","hentry","category-oroszlany","tag-bevetel-kieses","tag-mszp","tag-oroszlanyi-szolgaltato-zrt","tag-szennyviz-kezeles","tag-szennyvizvagyon","tag-takacs-karoly","tag-teritesmentes","tag-vizikozmu"],"_links":{"self":[{"href":"https:\/\/www.mszporoszlany.hu\/index.php?rest_route=\/wp\/v2\/posts\/241","targetHints":{"allow":["GET"]}}],"collection":[{"href":"https:\/\/www.mszporoszlany.hu\/index.php?rest_route=\/wp\/v2\/posts"}],"about":[{"href":"https:\/\/www.mszporoszlany.hu\/index.php?rest_route=\/wp\/v2\/types\/post"}],"author":[{"embeddable":true,"href":"https:\/\/www.mszporoszlany.hu\/index.php?rest_route=\/wp\/v2\/users\/35"}],"replies":[{"embeddable":true,"href":"https:\/\/www.mszporoszlany.hu\/index.php?rest_route=%2Fwp%2Fv2%2Fcomments&post=241"}],"version-history":[{"count":0,"href":"https:\/\/www.mszporoszlany.hu\/index.php?rest_route=\/wp\/v2\/posts\/241\/revisions"}],"wp:attachment":[{"href":"https:\/\/www.mszporoszlany.hu\/index.php?rest_route=%2Fwp%2Fv2%2Fmedia&parent=241"}],"wp:term":[{"taxonomy":"category","embeddable":true,"href":"https:\/\/www.mszporoszlany.hu\/index.php?rest_route=%2Fwp%2Fv2%2Fcategories&post=241"},{"taxonomy":"post_tag","embeddable":true,"href":"https:\/\/www.mszporoszlany.hu\/index.php?rest_route=%2Fwp%2Fv2%2Ftags&post=241"}],"curies":[{"name":"wp","href":"https:\/\/api.w.org\/{rel}","templated":true}]}}