{"id":2410,"date":"2013-11-07T15:07:46","date_gmt":"2013-11-07T14:07:46","guid":{"rendered":"http:\/\/www.mszporoszlany.hu\/?p=2410"},"modified":"2014-01-13T23:58:01","modified_gmt":"2014-01-13T22:58:01","slug":"nemzethy-gondolkodo-leszek","status":"publish","type":"post","link":"https:\/\/www.mszporoszlany.hu\/?p=2410","title":{"rendered":"Nemzethy gondolkod\u00f3 leszek!"},"content":{"rendered":"<p><img loading=\"lazy\" decoding=\"async\" class=\"alignleft size-full wp-image-2411\" alt=\"Nemzethy\" src=\"https:\/\/www.mszporoszlany.hu\/wp-content\/uploads\/2013\/11\/Nemzethy.png\" width=\"200\" height=\"120\" \/>El\u0151l-h\u00e1tul 4 sz\u00edn\u0171 szita nyomattal, 100% pamutb\u00f3l k\u00e9sz\u00fcl, \u00e9s \u201eNemzethy gondolkod\u00f3\u201d feliratot visel az a p\u00f3l\u00f3, amit b\u00e1rki megv\u00e1s\u00e1rolhat mostant\u00f3l a <a title=\"Shop Line megnyit\u00e1sa\" href=\"http:\/\/shopline.hu\/sortlist\/sortlist.action?id=15226&amp;ca=DISPLAY%3A3161\" target=\"_blank\">shopline<\/a> weboldal\u00e1n. Mint l\u00e1that\u00f3 a ruhadarab a Nemzeti Doh\u00e1nyboltok vil\u00e1g\u00e1ra hajaz, de ami\u00e9rt billenty\u0171t ragadtam, csak perif\u00e9ri\u00e1san kapcsol\u00f3dik a divathoz, ann\u00e1l ink\u00e1bb a leny\u00fal\u00e1shoz.<\/p>\n<p><!--more--><\/p>\n<p>Mint az kishaz\u00e1nkban az ut\u00f3bbi id\u0151ben imm\u00e1r napn\u00e1l is vil\u00e1gosabb, a hatalom a rendszer cs\u00f3kosainak a legk\u00fcl\u00f6nb\u00f6z\u0151bb m\u00f3don pr\u00f3b\u00e1lja megh\u00e1l\u00e1lni h\u0171s\u00e9g\u00fcket, hogy csak a f\u00f6ldmutyir\u00f3l, a beruh\u00e1z\u00e1si mutyir\u00f3l \u00e9s a hirdet\u00e9si mutyir\u00f3l tegyek eml\u00edt\u00e9st, s persze a hossz\u00fa sorb\u00f3l nem maradhat ki a trafikmutyi sem.<\/p>\n<p>Mint arr\u00f3l port\u00e1lunkon m\u00e1r t\u00f6bb alkalommal besz\u00e1moltunk, Oroszl\u00e1nyban is \u2013 mi\u00e9rt is lenne kiv\u00e9tel \u2013 j\u00f3 p\u00e1r rendszercs\u00f3kos kapott lehet\u0151s\u00e9get a nemzet doh\u00e1nyboltj\u00e1nak \u00fczemeltet\u00e9s\u00e9re. Ezzel kapcsolatban augusztusban azon &#8222;f\u00fcst\u00f6l\u00f6gtem&#8221;, hogy az addig 800 forintba ker\u00fcl\u0151 kedvenc cigim alatt m\u00e1r 820 Ft d\u00edszeleg a polcon, alig p\u00e1r h\u00e9t m\u00falva 860, majd ism\u00e9t kis id\u0151 m\u00falva 900 Ft.<\/p>\n<p>B\u00e1r a trafik alkalmazottja azzal v\u00edgasztalt, hogy lesz ez m\u00e9g dr\u00e1g\u00e1bb is, nem hittem neki \u2013 eg\u00e9szen a mai napig. M\u00e1t\u00f3l 960 forint\u00e9rt m\u00e9rik a f\u00fcst\u00f6lnival\u00f3mat. F\u00e9l \u00e9v alatt 20%-os emel\u00e9s az\u00e9rt, hogy \u00e9n finansz\u00edrozzam p\u00e9ld\u00e1ul Papp P\u00e9ter alpolg\u00e1rmester-frakci\u00f3vezet\u0151-k\u00e9pvisel\u0151-OK\u00d6 Zrt fel\u00fcgyel\u0151 bizotts\u00e1gi eln\u00f6k-FIDESZ csoport eln\u00f6k-Nemzeti \u00c9rt\u00e9kt\u00e1r Bizotts\u00e1gi eln\u00f6k-kocsm\u00e1ros-trafiktulajdonos gondtalan j\u00f6v\u0151be vetett hit\u00e9t, h\u00e1t az\u00e9rt ez m\u00e1r h\u00faz\u00f3s!<\/p>\n<p>Azt hiszem k\u00e9t dolgot mindenk\u00e9ppen meg kell tennem: val\u00f3di \u201eNemzethy gondolkod\u00f3\u201d-v\u00e1 kell v\u00e1lnom, s kem\u00e9nyen elgondolkodni a doh\u00e1nyz\u00e1sr\u00f3l val\u00f3 leszok\u00e1sr\u00f3l az eg\u00e9szs\u00e9ges \u00e9letm\u00f3d jegy\u00e9ben.<\/p>\n","protected":false},"excerpt":{"rendered":"<p>El\u0151l-h\u00e1tul 4 sz\u00edn\u0171 szita nyomattal, 100% pamutb\u00f3l k\u00e9sz\u00fcl, \u00e9s \u201eNemzethy gondolkod\u00f3\u201d feliratot visel az a p\u00f3l\u00f3, amit b\u00e1rki megv\u00e1s\u00e1rolhat mostant\u00f3l a shopline weboldal\u00e1n. Mint l\u00e1that\u00f3 a ruhadarab a Nemzeti Doh\u00e1nyboltok vil\u00e1g\u00e1ra hajaz, de ami\u00e9rt billenty\u0171t ragadtam, csak perif\u00e9ri\u00e1san kapcsol\u00f3dik a divathoz, ann\u00e1l ink\u00e1bb a leny\u00fal\u00e1shoz. <a href=\"https:\/\/www.mszporoszlany.hu\/?p=2410\">Egy kattint\u00e1s ide a folytat\u00e1shoz&#8230;. <span class=\"meta-nav\">&rarr;<\/span><\/a><\/p>\n","protected":false},"author":35,"featured_media":0,"comment_status":"open","ping_status":"closed","sticky":false,"template":"","format":"standard","meta":{"footnotes":""},"categories":[196,194],"tags":[412,1631,1637,1630,1634,1632,1635,1639,1629,1462,1627,1533,1638,1636,56,1628,1633,1640],"class_list":["post-2410","post","type-post","status-publish","format-standard","hentry","category-magyarorszag","category-oroszlany","tag-alpolgarmester","tag-beruhazasmutyi","tag-fidesz-csoport-elnok","tag-foldmutyi","tag-frakciovezeto","tag-hirdetesmutyi","tag-kepviselo","tag-kocsmaros","tag-lenyulas","tag-mutyi","tag-nemzethy-gondolkodo","tag-nemzeti-dohanybolt","tag-nemzeti-ertektar-bizottsagi-elnok","tag-oko-zrt-felugyelo-bizottsagi-elnok","tag-papp-peter","tag-shopline","tag-trafikmutyi","tag-trafiktulajdonos"],"_links":{"self":[{"href":"https:\/\/www.mszporoszlany.hu\/index.php?rest_route=\/wp\/v2\/posts\/2410","targetHints":{"allow":["GET"]}}],"collection":[{"href":"https:\/\/www.mszporoszlany.hu\/index.php?rest_route=\/wp\/v2\/posts"}],"about":[{"href":"https:\/\/www.mszporoszlany.hu\/index.php?rest_route=\/wp\/v2\/types\/post"}],"author":[{"embeddable":true,"href":"https:\/\/www.mszporoszlany.hu\/index.php?rest_route=\/wp\/v2\/users\/35"}],"replies":[{"embeddable":true,"href":"https:\/\/www.mszporoszlany.hu\/index.php?rest_route=%2Fwp%2Fv2%2Fcomments&post=2410"}],"version-history":[{"count":0,"href":"https:\/\/www.mszporoszlany.hu\/index.php?rest_route=\/wp\/v2\/posts\/2410\/revisions"}],"wp:attachment":[{"href":"https:\/\/www.mszporoszlany.hu\/index.php?rest_route=%2Fwp%2Fv2%2Fmedia&parent=2410"}],"wp:term":[{"taxonomy":"category","embeddable":true,"href":"https:\/\/www.mszporoszlany.hu\/index.php?rest_route=%2Fwp%2Fv2%2Fcategories&post=2410"},{"taxonomy":"post_tag","embeddable":true,"href":"https:\/\/www.mszporoszlany.hu\/index.php?rest_route=%2Fwp%2Fv2%2Ftags&post=2410"}],"curies":[{"name":"wp","href":"https:\/\/api.w.org\/{rel}","templated":true}]}}