{"id":2414,"date":"2013-11-11T09:17:09","date_gmt":"2013-11-11T08:17:09","guid":{"rendered":"http:\/\/www.mszporoszlany.hu\/?p=2414"},"modified":"2013-12-20T21:29:19","modified_gmt":"2013-12-20T20:29:19","slug":"esely-es-lehetoseg","status":"publish","type":"post","link":"https:\/\/www.mszporoszlany.hu\/?p=2414","title":{"rendered":"Es\u00e9ly \u00e9s lehet\u0151s\u00e9g"},"content":{"rendered":"<p><img loading=\"lazy\" decoding=\"async\" class=\"alignleft size-full wp-image-2415\" alt=\"Esely\" src=\"https:\/\/www.mszporoszlany.hu\/wp-content\/uploads\/2013\/11\/Esely.png\" width=\"200\" height=\"120\" \/>Az ember \u00e9let\u00e9ben tal\u00e1n nincs is fontosabb a tervezhet\u0151s\u00e9gn\u00e9l, a kisz\u00e1m\u00edthat\u00f3s\u00e1gn\u00e1l. Annak ismeret\u00e9n\u00e9l, hogy mit kell tenni a boldogul\u00e1shoz. A bizonytalans\u00e1g \u0171zi el sokszor azokat innen, akik \u00fagy \u00e9rzik, van benn\u00fck valami, amivel \u00f6tr\u0151l a hatra tudn\u00e1nak jutni, de nem l\u00e1tnak r\u00e1 es\u00e9lyt, hogy ezt megval\u00f3s\u00edts\u00e1k. Az \u00e1llam legfontosabb feladatai k\u00f6z\u00e9 tartozna ki\u00e9p\u00edteni azokat az utakat, amelyek k\u00f6z\u00fcl v\u00e1lasztani lehet. Azokat az utakat, amelyek k\u00f6z\u00fcl valamelyiken &#8211; ki-ki k\u00e9pess\u00e9ge, tehets\u00e9ge, ig\u00e9nye szerint &#8211; elindulhatna az \u00e9letben. Az \u00e1llam m\u00e1sik feladata lenne felk\u00e9sz\u00edteni mindenkit a v\u00e1laszt\u00e1sra. Lehet\u0151s\u00e9g, es\u00e9ly mindenkinek. Ez lehetne a k\u00f6zponti v\u00e1laszt\u00e1si \u00fczenete annak a politikai er\u0151nek, amely nem csak a tehet\u0151sekre, nem csak a haverokra figyel. Mert lehet\u0151s\u00e9g, es\u00e9ly kell a csecsem\u0151nek, a feln\u0151ttnek, az \u00f6regnek a tisztess\u00e9ges \u00e9lethez. Lehet\u0151s\u00e9g, es\u00e9ly a tisztes indul\u00e1shoz, a tisztes \u00e9rkez\u00e9shez \u00e9s a tisztes z\u00e1r\u00e1shoz. Lehet\u0151s\u00e9g, es\u00e9ly ak\u00e1r v\u00e1rosban, ak\u00e1r faluban sz\u00fcletett valaki, ak\u00e1r m\u00f3dos csal\u00e1dban, ak\u00e1r szeg\u00e9nyben j\u00f6tt a vil\u00e1gra, ak\u00e1r magyark\u00e9nt, ak\u00e1r cig\u00e1nyk\u00e9nt l\u00e1tta meg a napvil\u00e1got.<\/p>\n<p><!--more--><\/p>\n<p>Az igazs\u00e1g az, hogy e c\u00e9l megval\u00f3s\u00edt\u00e1s\u00e1hoz t\u00e1rsadalmi \u00f6sszefog\u00e1sra lenne sz\u00fcks\u00e9g. Annak felismer\u00e9s\u00e9re, annak elfogad\u00e1s\u00e1ra, hogy akinek rosszabbak az es\u00e9lyei, az jogosan tart ig\u00e9nyt nagyobb odafigyel\u00e9sre, t\u00f6bb t\u00e1mogat\u00e1sra, nagyobb seg\u00edts\u00e9gre az eg\u00e9sz t\u00e1rsadalom r\u00e9sz\u00e9r\u0151l. Az eg\u00e9sz t\u00e1rsadalom r\u00e9sz\u00e9r\u0151l, mert a lehet\u0151s\u00e9g, az es\u00e9ly megteremt\u00e9se \u00e1ldozatot k\u00edv\u00e1nhat mindenkit\u0151l. Ez az \u00e1ldozat azonban megt\u00e9r\u00fcl, mert a szeg\u00e9nys\u00e9g, az elesetts\u00e9g, a kitasz\u00edtotts\u00e1g terjed, ha nem \u00e1llnak az \u00fatj\u00e1ba. Terjed \u00e9s megfert\u0151zi a leveg\u0151t. Ahogy n\u0151 a szeg\u00e9nyek, az elesettek, a kitasz\u00edtottak sz\u00e1ma, \u00fagy cs\u00f6kken a nyugodt \u00e9let lehet\u0151s\u00e9ge mindenki sz\u00e1m\u00e1ra.<\/p>\n<p><!--more--><\/p>\n<p>Elmaradt azonban a k\u00f6zmegegyez\u00e9s ezekben a k\u00e9rd\u00e9sben. Tal\u00e1n ez a rendszerv\u00e1lt\u00e1s legnagyobb b\u0171ne. A munkak\u00e9nyszer \u00e9s tervgazdas\u00e1g megsz\u0171n\u00e9s\u00e9nek k\u00e1rvallottjai nem seg\u00edts\u00e9get, hanem elutas\u00edt\u00e1st, j\u00f3 esetben k\u00f6z\u00f6mb\u00f6s v\u00e1llr\u00e1nd\u00edt\u00e1st kaptak. Ha egy orsz\u00e1got az jellemez, ahogy az elesettjeivel b\u00e1nik, akkor az \u00e9hez\u0151, rongyos gyermekek, a k\u00f6zmunk\u00e1ba k\u00e9nyszer\u00edtett rokkantak, az alulj\u00e1r\u00f3kb\u00f3l \u00e9s a parkokb\u00f3l el\u0171z\u00f6tt hajl\u00e9ktalanok, a csirkel\u00e1b levesen \u00e9l\u0151 nyugd\u00edjasok, a megvetett, kitasz\u00edtott cig\u00e1ny csal\u00e1dok, a t\u00e1mogat\u00e1st\u00f3l megfosztott mened\u00e9kk\u00e9r\u0151k rem\u00e9nytelens\u00e9gt\u0151l, megal\u00e1zotts\u00e1gt\u00f3l, k\u00e9ts\u00e9gbees\u00e9st\u0151l megt\u00f6rt szeme a t\u00fck\u00f6r mindny\u00e1junknak.<\/p>\n<p>V\u00e1laszt\u00e1s el\u0151tt \u00e1ll az orsz\u00e1g. V\u00e1laszthatnak-e az elesettek, a kisemmizettek, a megal\u00e1zottak? Meg lehet-e magyar\u00e1zni az elesettnek, a kisemmizettnek, a megal\u00e1zottnak, hogy neki most mi\u00e9rt rossz? Vajon \u00fagy \u00e9rzi-e az elesett, a kisemmizett, a megal\u00e1zott, hogy neki most rosszabb, mint kor\u00e1bban volt? Vajon b\u00edzik-e az elesett, a kisemmizett, a megal\u00e1zott abban, hogy sorsa jobbra fordulhat?<\/p>\n<p>A hatalom csillog\u00e1sa elk\u00e1pr\u00e1ztat. A hatalom ez\u00e9rt vak, nem n\u00e9z t\u00fck\u00f6rbe, s nem is akar t\u00fck\u00f6rbe n\u00e9zni. S\u0151t! Orsz\u00e1gunkban a jog uralm\u00e1t felv\u00e1ltotta a parancsuralom, a t\u00e1rsadalmi szolidarit\u00e1st az \u00f6nz\u00e9s. Ki\u00e9p\u00fclt a hatalomt\u00f3l f\u00fcgg\u0151k sz\u00e9les t\u00e1bora. A rendszerv\u00e1lt\u00e1s ut\u00e1n ugyanis maradt minden a r\u00e9giben. Az jut el\u0151re, aki a gy\u0151ztes p\u00e1rt szeker\u00e9t tolja. Miut\u00e1n ennek \u00e9vsz\u00e1zados hagyom\u00e1nya van haz\u00e1nkban, a magyarok legfontosabb k\u00e9pess\u00e9g\u00e9v\u00e9 v\u00e1lt a politikai sz\u00e9lj\u00e1r\u00e1s gyors felismer\u00e9se, az aktu\u00e1lis ideol\u00f3gia minden kritika n\u00e9lk\u00fcli elfogad\u00e1sa. Ez\u00e9rt lehet ki\u00e9p\u00edteni igen gyorsan a hatalmon l\u00e9v\u0151ket felt\u00e9tlen kiszolg\u00e1l\u00f3 klient\u00far\u00e1t.<\/p>\n<p>Vajon kap-e m\u00e9g egyszer es\u00e9lyt, lehet\u0151s\u00e9get arra ez az orsz\u00e1g, hogy es\u00e9lyt \u00e9s lehet\u0151s\u00e9get teremtsen mindenkinek? Vajon lesz-e \u00f6sszefog\u00e1s azok k\u00f6z\u00f6tt, akik \u00e9rzik, tudj\u00e1k, hogy a hatalom hazug sz\u00f3vir\u00e1gai, hamis statisztik\u00e1i, harci jelszavai nem az orsz\u00e1g, csak a hatalomban l\u00e9v\u0151k \u00e9rdekeit szolg\u00e1lj\u00e1k? Vajon elegen lesznek-e azok, akik felismerik, hogy a ma hatalmon l\u00e9v\u0151k \u00fajabb v\u00e1laszt\u00e1si gy\u0151zelme, felhatalmaz\u00e1st jelent sz\u00e1mukra a dzsentri vil\u00e1g visszahozatal\u00e1ra? Ma m\u00e9g \u00fagy t\u0171nik, hogy nem. Ma m\u00e9g \u00fagy t\u0171nik gy\u0151zni lehet guly\u00e1s\u00e1gy\u00faval, t\u0171zif\u00e1val, a gazdagoknak aj\u00e1nd\u00e9k, a szeg\u00e9nyeknek alamizsna rezsics\u00f6kkent\u00e9ssel. Ma m\u00e9g \u00fagy t\u0171nik, az elesettek, a kisemmizettek, a megal\u00e1zottak hangja nem jut messzire. Ma m\u00e9g!<\/p>\n<p>Sz\u00fcdi J\u00e1nos<\/p>\n","protected":false},"excerpt":{"rendered":"<p>Az ember \u00e9let\u00e9ben tal\u00e1n nincs is fontosabb a tervezhet\u0151s\u00e9gn\u00e9l, a kisz\u00e1m\u00edthat\u00f3s\u00e1gn\u00e1l. Annak ismeret\u00e9n\u00e9l, hogy mit kell tenni a boldogul\u00e1shoz. A bizonytalans\u00e1g \u0171zi el sokszor azokat innen, akik \u00fagy \u00e9rzik, van benn\u00fck valami, amivel \u00f6tr\u0151l a hatra tudn\u00e1nak jutni, de nem &hellip; <a href=\"https:\/\/www.mszporoszlany.hu\/?p=2414\">Egy kattint\u00e1s ide a folytat\u00e1shoz&#8230;. <span class=\"meta-nav\">&rarr;<\/span><\/a><\/p>\n","protected":false},"author":35,"featured_media":0,"comment_status":"open","ping_status":"closed","sticky":false,"template":"","format":"standard","meta":{"footnotes":""},"categories":[1,848],"tags":[],"class_list":["post-2414","post","type-post","status-publish","format-standard","hentry","category-egyeb","category-jegyzetek"],"_links":{"self":[{"href":"https:\/\/www.mszporoszlany.hu\/index.php?rest_route=\/wp\/v2\/posts\/2414","targetHints":{"allow":["GET"]}}],"collection":[{"href":"https:\/\/www.mszporoszlany.hu\/index.php?rest_route=\/wp\/v2\/posts"}],"about":[{"href":"https:\/\/www.mszporoszlany.hu\/index.php?rest_route=\/wp\/v2\/types\/post"}],"author":[{"embeddable":true,"href":"https:\/\/www.mszporoszlany.hu\/index.php?rest_route=\/wp\/v2\/users\/35"}],"replies":[{"embeddable":true,"href":"https:\/\/www.mszporoszlany.hu\/index.php?rest_route=%2Fwp%2Fv2%2Fcomments&post=2414"}],"version-history":[{"count":0,"href":"https:\/\/www.mszporoszlany.hu\/index.php?rest_route=\/wp\/v2\/posts\/2414\/revisions"}],"wp:attachment":[{"href":"https:\/\/www.mszporoszlany.hu\/index.php?rest_route=%2Fwp%2Fv2%2Fmedia&parent=2414"}],"wp:term":[{"taxonomy":"category","embeddable":true,"href":"https:\/\/www.mszporoszlany.hu\/index.php?rest_route=%2Fwp%2Fv2%2Fcategories&post=2414"},{"taxonomy":"post_tag","embeddable":true,"href":"https:\/\/www.mszporoszlany.hu\/index.php?rest_route=%2Fwp%2Fv2%2Ftags&post=2414"}],"curies":[{"name":"wp","href":"https:\/\/api.w.org\/{rel}","templated":true}]}}