{"id":2423,"date":"2013-11-30T09:54:05","date_gmt":"2013-11-30T08:54:05","guid":{"rendered":"http:\/\/www.mszporoszlany.hu\/?p=2423"},"modified":"2014-01-13T23:57:51","modified_gmt":"2014-01-13T22:57:51","slug":"a-semmisegi-torveny","status":"publish","type":"post","link":"https:\/\/www.mszporoszlany.hu\/?p=2423","title":{"rendered":"A semmis\u00e9gi t\u00f6rv\u00e9ny"},"content":{"rendered":"<p><img loading=\"lazy\" decoding=\"async\" class=\"alignleft size-full wp-image-2424\" alt=\"Alkotmany\" src=\"https:\/\/www.mszporoszlany.hu\/wp-content\/uploads\/2013\/11\/Alkotmany.png\" width=\"200\" height=\"120\" \/>Az Alapt\u00f6rv\u00e9ny legfontosabb rendelkez\u00e9se a nemzeti hitvall\u00e1sban tal\u00e1lhat\u00f3: &#8222;Alapt\u00f6rv\u00e9ny\u00fcnk, jogrend\u00fcnk alapja: szerz\u0151d\u00e9s a m\u00falt, a jelen \u00e9s a j\u00f6v\u0151 magyarjai k\u00f6z\u00f6tt.&#8221; Ennek a szerz\u0151d\u00e9snek azonban van egy nagy hib\u00e1ja, hogy nem j\u00f6tt l\u00e9tre, mivel csak az egyik f\u00e9l, a hatalom k\u00e9pvisel\u0151i \u00edrt\u00e1k al\u00e1. Ehhez k\u00e9ts\u00e9g sem f\u00e9rhet, hiszen a holtakkal \u00e9s a meg sem fogantakkal kiz\u00e1rt dolog b\u00e1rmilyen meg\u00e1llapod\u00e1st k\u00f6tni, nev\u00fckben \u00e9s helyett\u00fck nem lehet nyilatkozatot tenni. A ma \u00e9l\u0151k pedig akkor tudt\u00e1k volna szentes\u00edteni az okiratot, ha n\u00e9pszavaz\u00e1sra bocs\u00e1tj\u00e1k azt. Miut\u00e1n pedig ez nem t\u00f6rt\u00e9nt meg, ki lehet jelenteni, hogy ez a szerz\u0151d\u00e9s nem l\u00e9tezik, mivel a szerz\u0151d\u00e9s l\u00e9trej\u00f6tt\u00e9hez a polg\u00e1ri jog \u00e1ltal\u00e1nos elvei szerint a felek akarat\u00e1nak k\u00f6lcs\u00f6n\u00f6s \u00e9s egybehangz\u00f3 kifejez\u00e9s\u00e9re van sz\u00fcks\u00e9g.<\/p>\n<p><!--more--><\/p>\n<p>Ezt a szerz\u0151d\u00e9st egy\u00e9bk\u00e9nt akkor sem lehetne l\u00e9tez\u0151nek elfogadni, ha eltekinten\u00e9nk a l\u00e9trej\u00f6tte k\u00f6r\u00fcli ellentmond\u00e1sokt\u00f3l. Ez a szerz\u0151d\u00e9s ugyanis l\u00e9trej\u00f6tte eset\u00e9n is semmis szerz\u0151d\u00e9s lenne. Semmis az a szerz\u0151d\u00e9s, amelyik jogszab\u00e1lyba \u00fctk\u00f6zik, vagy amelyet jogszab\u00e1ly megker\u00fcl\u00e9s\u00e9vel k\u00f6t\u00f6ttek. Ennek a szerz\u0151d\u00e9snek az elk\u00e9sz\u00edt\u00e9sekor pedig megszegt\u00e9k az Alkotm\u00e1ny t\u00f6bb rendelkez\u00e9s\u00e9t, \u00edgy p\u00e9ld\u00e1ul azt az el\u0151\u00edr\u00e1st, hogy az el\u0151k\u00e9sz\u00edt\u0151 elj\u00e1r\u00e1sban a t\u00e1rsadalmi szervezetekkel egyeztetni kell. Az Orsz\u00e1ggy\u0171l\u00e9s a gyakorlatban olyan t\u00f6rv\u00e9nyt fogadott el, amelynek orsz\u00e1ggy\u0171l\u00e9si vit\u00e1ja nem zajlott le, ez\u00e1ltal s\u00e9r\u00fclt az Alkotm\u00e1nynak az a rendelkez\u00e9se, miszerint az Orsz\u00e1ggy\u0171l\u00e9s alkotja a t\u00f6rv\u00e9nyeket. Az Alapt\u00f6rv\u00e9ny elfogad\u00e1sakor ugyanis z\u00e1r\u00f3szavaz\u00e1s el\u0151tti m\u00f3dos\u00edt\u00f3 javaslatokkal sz\u00e1mos l\u00e9nyeges k\u00e9rd\u00e9sben megv\u00e1ltoztatt\u00e1k az Orsz\u00e1ggy\u0171l\u00e9s \u00e1ltal m\u00e1r megvitatott \u00e9s elfogadott sz\u00f6veget. A z\u00e1r\u00f3szavaz\u00e1st pedig nem el\u0151zi meg orsz\u00e1ggy\u0171l\u00e9si vita. Nem tartott\u00e1k meg a jogszab\u00e1lyok el\u0151k\u00e9sz\u00edt\u00e9s\u00e9re vonatkoz\u00f3 rendelkez\u00e9seket sem, nem k\u00e9sz\u00fcltek hat\u00e1svizsg\u00e1latok, nem biztos\u00edtott\u00e1k a sz\u00e9lesk\u00f6r\u0171 t\u00e1rsadalmi r\u00e9szv\u00e9tel lehet\u0151s\u00e9g\u00e9t az el\u0151k\u00e9sz\u00edt\u00e9s sor\u00e1n. Nemcsak ezen okokn\u00e1l fogva semmis ez a szerz\u0151d\u00e9s, hanem az\u00e9rt is, mivel a val\u00f3s\u00e1gos tartalma rejtve maradt. Az alapt\u00f6rv\u00e9ny l\u00e1tsz\u00f3lag a hatalommegoszt\u00e1sra \u00e9p\u00fcl\u0151 jog\u00e1llam kereteit szab\u00e1lyozza. Val\u00f3j\u00e1ban a titkolt, a sz\u00ednlelt c\u00e9l a hatalomkoncentr\u00e1ci\u00f3 egy p\u00e1rtsz\u00f6vets\u00e9g kez\u00e9ben. L\u00e1tsz\u00f3lag minden kell\u00e9k adott, ami kell egy demokratikus orsz\u00e1g m\u0171k\u00f6d\u00e9s\u00e9het. Val\u00f3j\u00e1ban az alapt\u00f6rv\u00e9ny megteremtette a lehet\u0151s\u00e9get ahhoz, hogy sarkalatosnak elnevezett t\u00f6rv\u00e9nyekkel felsz\u00e1moljanak minden f\u00e9ket \u00e9s ellens\u00falyt. Ez\u00e9rt ez egy sz\u00ednlelt szerz\u0151d\u00e9s, amely semmis.<\/p>\n<p>A semmiss\u00e9ghez s\u00falyos jogk\u00f6vetkezm\u00e9ny kapcsol\u00f3dik az \u00e9rv\u00e9nytelens\u00e9g. A semmis szerz\u0151d\u00e9s \u00e9rv\u00e9nytelens\u00e9g\u00e9re b\u00e1rki hat\u00e1rid\u0151 n\u00e9lk\u00fcl hivatkozhat. A semmiss\u00e9g meg\u00e1llap\u00edt\u00e1s\u00e1hoz k\u00fcl\u00f6n elj\u00e1r\u00e1sra nincs sz\u00fcks\u00e9g. \u00c9rv\u00e9nytelen szerz\u0151d\u00e9s eset\u00e9ben a szerz\u0151d\u00e9sk\u00f6t\u00e9s el\u0151tt fenn\u00e1llott helyzetet kell vissza\u00e1ll\u00edtani.<\/p>\n<p>A k\u00f6vetkez\u0151 Orsz\u00e1ggy\u0171l\u00e9s a v\u00e1laszt\u00f3kt\u00f3l kapott felhatalmaz\u00e1st alapj\u00e1n, \u00fagy tudja helyre\u00e1ll\u00edtani az eredeti \u00e1llapotot, hogy megalkotja a semmiss\u00e9gi t\u00f6rv\u00e9nyt. Ennek a t\u00f6rv\u00e9nynek a l\u00e9nyege, hogy meg\u00e1llap\u00edtja az Alapt\u00f6rv\u00e9ny \u00e9s a sarkalatos t\u00f6rv\u00e9nyek, valamint a r\u00e1juk \u00e9p\u00fcl\u0151 kinevez\u00e9sek \u00e9rv\u00e9nytelens\u00e9g\u00e9t, tov\u00e1bb\u00e1 a nem l\u00e9tez\u0151 t\u00f6rv\u00e9nyekkel hat\u00e1lyon k\u00edv\u00fcl helyezett Alkotm\u00e1ny \u00e9s m\u00e1s t\u00f6rv\u00e9nyek visszaemel\u00e9s\u00e9t a jogrendbe.<\/p>\n<p>Az orb\u00e1ni J\u00f3 \u00c1llam lebont\u00e1s\u00e1hoz a korm\u00e1nyr\u00fad megragad\u00e1sa kev\u00e9s. Ez ma m\u00e9g jobban l\u00e1tszik, mint 2012. febru\u00e1rj\u00e1ban, amikor ezt a \u00edr\u00e1st az &#8222;\u00c9S&#8221; el\u0151sz\u00f6r k\u00f6z\u00f6lte. A k\u00f6zt\u00e1rsas\u00e1gi eln\u00f6k p\u00e9ld\u00e1ul a t\u00f6rv\u00e9nyeket rendre megk\u00fcldheti az Alkotm\u00e1nyb\u00edr\u00f3s\u00e1gnak. Ha a K\u00f6lts\u00e9gvet\u00e9si Tan\u00e1cs &#8222;\u00fagy akarja&#8221; az Orsz\u00e1ggy\u0171l\u00e9s nem tudja elfogadni az \u00e9ves k\u00f6lts\u00e9gvet\u00e9sr\u0151l sz\u00f3l\u00f3 t\u00f6rv\u00e9nyt, &#8211; mivel nem adja meg hozz\u00e1 az el\u0151zetes hozz\u00e1j\u00e1rul\u00e1st. A k\u00f6zt\u00e1rsas\u00e1gi eln\u00f6k pedig feloszlathatja az Orsz\u00e1ggy\u0171l\u00e9st. A jog\u00e1llam helyre\u00e1ll\u00edt\u00e1s\u00e1hoz ez\u00e9rt elengedhetetlen a semmis t\u00f6rv\u00e9nyek kiemel\u00e9se a jogrendb\u0151l.<\/p>\n<p>Sz\u00fcdi J\u00e1nos<\/p>\n","protected":false},"excerpt":{"rendered":"<p>Az Alapt\u00f6rv\u00e9ny legfontosabb rendelkez\u00e9se a nemzeti hitvall\u00e1sban tal\u00e1lhat\u00f3: &#8222;Alapt\u00f6rv\u00e9ny\u00fcnk, jogrend\u00fcnk alapja: szerz\u0151d\u00e9s a m\u00falt, a jelen \u00e9s a j\u00f6v\u0151 magyarjai k\u00f6z\u00f6tt.&#8221; Ennek a szerz\u0151d\u00e9snek azonban van egy nagy hib\u00e1ja, hogy nem j\u00f6tt l\u00e9tre, mivel csak az egyik f\u00e9l, a hatalom &hellip; <a href=\"https:\/\/www.mszporoszlany.hu\/?p=2423\">Egy kattint\u00e1s ide a folytat\u00e1shoz&#8230;. <span class=\"meta-nav\">&rarr;<\/span><\/a><\/p>\n","protected":false},"author":35,"featured_media":0,"comment_status":"open","ping_status":"closed","sticky":false,"template":"","format":"standard","meta":{"footnotes":""},"categories":[196],"tags":[950,17,1650,1653,416,1652,1651,1654],"class_list":["post-2423","post","type-post","status-publish","format-standard","hentry","category-magyarorszag","tag-alaptorveny","tag-alkotmany","tag-hitvallas","tag-nepszavazas","tag-orszaggyules","tag-polgari-jog","tag-szerzodes","tag-szinlelt-szerzodes"],"_links":{"self":[{"href":"https:\/\/www.mszporoszlany.hu\/index.php?rest_route=\/wp\/v2\/posts\/2423","targetHints":{"allow":["GET"]}}],"collection":[{"href":"https:\/\/www.mszporoszlany.hu\/index.php?rest_route=\/wp\/v2\/posts"}],"about":[{"href":"https:\/\/www.mszporoszlany.hu\/index.php?rest_route=\/wp\/v2\/types\/post"}],"author":[{"embeddable":true,"href":"https:\/\/www.mszporoszlany.hu\/index.php?rest_route=\/wp\/v2\/users\/35"}],"replies":[{"embeddable":true,"href":"https:\/\/www.mszporoszlany.hu\/index.php?rest_route=%2Fwp%2Fv2%2Fcomments&post=2423"}],"version-history":[{"count":0,"href":"https:\/\/www.mszporoszlany.hu\/index.php?rest_route=\/wp\/v2\/posts\/2423\/revisions"}],"wp:attachment":[{"href":"https:\/\/www.mszporoszlany.hu\/index.php?rest_route=%2Fwp%2Fv2%2Fmedia&parent=2423"}],"wp:term":[{"taxonomy":"category","embeddable":true,"href":"https:\/\/www.mszporoszlany.hu\/index.php?rest_route=%2Fwp%2Fv2%2Fcategories&post=2423"},{"taxonomy":"post_tag","embeddable":true,"href":"https:\/\/www.mszporoszlany.hu\/index.php?rest_route=%2Fwp%2Fv2%2Ftags&post=2423"}],"curies":[{"name":"wp","href":"https:\/\/api.w.org\/{rel}","templated":true}]}}