{"id":2439,"date":"2013-12-20T21:52:12","date_gmt":"2013-12-20T20:52:12","guid":{"rendered":"http:\/\/www.mszporoszlany.hu\/?p=2439"},"modified":"2014-01-13T23:57:40","modified_gmt":"2014-01-13T22:57:40","slug":"megalazo-ajandek","status":"publish","type":"post","link":"https:\/\/www.mszporoszlany.hu\/?p=2439","title":{"rendered":"Megal\u00e1z\u00f3 aj\u00e1nd\u00e9k"},"content":{"rendered":"<p><img loading=\"lazy\" decoding=\"async\" class=\"alignleft size-full wp-image-2429\" alt=\"KEMKH\" src=\"https:\/\/www.mszporoszlany.hu\/wp-content\/uploads\/2013\/12\/KEMKH.png\" width=\"200\" height=\"120\" \/>T\u00f6bb \u00e9rintett is megkereste az MSZP k\u00e9pvisel\u0151it, hogy bemutass\u00e1k, milyen megal\u00e1z\u00f3 aj\u00e1nd\u00e9kkal kedveskedett az oroszl\u00e1nyi j\u00e1r\u00e1si hivatal dolgoz\u00f3inak kar\u00e1csonyra a megyei korm\u00e1nyhivatal.<\/p>\n<p><!--more--><\/p>\n<p>M\u00edg az \u00f6nkorm\u00e1nyzatokn\u00e1l \u2013m\u00e1r amelyiket nem siker\u00fclt eddig a t\u00f6nk sz\u00e9l\u00e9re juttatni\u2013 megpr\u00f3b\u00e1lj\u00e1k n\u00e9mi p\u00e9nzjutalommal kompenz\u00e1lni, hogy az elm\u00falt 10 \u00e9vben egyetlen komolyabb b\u00e9remel\u00e9s sem volt a szektorban, addig sz\u0171kebb p\u00e1tri\u00e1nk korm\u00e1nyhivatala 1 db nyakkend\u0151vel\/s\u00e1llal, 2 db szaloncukorral \u00e9s 1 db semmire sem j\u00f3 gyerty\u00e1val k\u00edv\u00e1nt boldog \u00fcnnepeket \u2013 term\u00e9szetesen &#8222;\u00edzl\u00e9ses&#8221; pap\u00edrzacsk\u00f3ba csomagolva.<\/p>\n<p>&#8222;Most megmutatt\u00e1k, hogy mi m\u00e9g ezt is a pof\u00e1tokba merj\u00fck tolni&#8221; \u2013 mondta a rendhagy\u00f3 kis csomagr\u00f3l az egyik f\u00e9rfi \u00fcgyint\u00e9z\u0151, aki att\u00f3l elz\u00e1rk\u00f3zott, hogy &#8222;kedvenc&#8221; nyakkend\u0151j\u00e9t lefot\u00f3zzuk.<\/p>\n<div id=\"attachment_2431\" style=\"width: 510px\" class=\"wp-caption aligncenter\"><img loading=\"lazy\" decoding=\"async\" aria-describedby=\"caption-attachment-2431\" class=\"size-full wp-image-2431\" alt=\"\" src=\"https:\/\/www.mszporoszlany.hu\/wp-content\/uploads\/2013\/12\/KEMKH-2013.png\" width=\"500\" height=\"650\" srcset=\"https:\/\/www.mszporoszlany.hu\/wp-content\/uploads\/2013\/12\/KEMKH-2013.png 500w, https:\/\/www.mszporoszlany.hu\/wp-content\/uploads\/2013\/12\/KEMKH-2013-184x240.png 184w, https:\/\/www.mszporoszlany.hu\/wp-content\/uploads\/2013\/12\/KEMKH-2013-346x450.png 346w\" sizes=\"auto, (max-width: 500px) 100vw, 500px\" \/><p id=\"caption-attachment-2431\" class=\"wp-caption-text\">&#8222;Kedves&#8221;, nagyvonal\u00fa aj\u00e1nd\u00e9k<\/p><\/div>\n","protected":false},"excerpt":{"rendered":"<p>T\u00f6bb \u00e9rintett is megkereste az MSZP k\u00e9pvisel\u0151it, hogy bemutass\u00e1k, milyen megal\u00e1z\u00f3 aj\u00e1nd\u00e9kkal kedveskedett az oroszl\u00e1nyi j\u00e1r\u00e1si hivatal dolgoz\u00f3inak kar\u00e1csonyra a megyei korm\u00e1nyhivatal.<\/p>\n","protected":false},"author":35,"featured_media":0,"comment_status":"open","ping_status":"closed","sticky":false,"template":"","format":"standard","meta":{"footnotes":""},"categories":[195,194],"tags":[1655,1032],"class_list":["post-2439","post","type-post","status-publish","format-standard","hentry","category-komarom-esztergom-megye","category-oroszlany","tag-karacsony","tag-kormanyhivatal"],"_links":{"self":[{"href":"https:\/\/www.mszporoszlany.hu\/index.php?rest_route=\/wp\/v2\/posts\/2439","targetHints":{"allow":["GET"]}}],"collection":[{"href":"https:\/\/www.mszporoszlany.hu\/index.php?rest_route=\/wp\/v2\/posts"}],"about":[{"href":"https:\/\/www.mszporoszlany.hu\/index.php?rest_route=\/wp\/v2\/types\/post"}],"author":[{"embeddable":true,"href":"https:\/\/www.mszporoszlany.hu\/index.php?rest_route=\/wp\/v2\/users\/35"}],"replies":[{"embeddable":true,"href":"https:\/\/www.mszporoszlany.hu\/index.php?rest_route=%2Fwp%2Fv2%2Fcomments&post=2439"}],"version-history":[{"count":0,"href":"https:\/\/www.mszporoszlany.hu\/index.php?rest_route=\/wp\/v2\/posts\/2439\/revisions"}],"wp:attachment":[{"href":"https:\/\/www.mszporoszlany.hu\/index.php?rest_route=%2Fwp%2Fv2%2Fmedia&parent=2439"}],"wp:term":[{"taxonomy":"category","embeddable":true,"href":"https:\/\/www.mszporoszlany.hu\/index.php?rest_route=%2Fwp%2Fv2%2Fcategories&post=2439"},{"taxonomy":"post_tag","embeddable":true,"href":"https:\/\/www.mszporoszlany.hu\/index.php?rest_route=%2Fwp%2Fv2%2Ftags&post=2439"}],"curies":[{"name":"wp","href":"https:\/\/api.w.org\/{rel}","templated":true}]}}