{"id":244,"date":"2011-10-12T11:55:22","date_gmt":"2011-10-12T10:55:22","guid":{"rendered":"http:\/\/www.mszporoszlany.hu\/?p=244"},"modified":"2012-04-06T20:30:52","modified_gmt":"2012-04-06T19:30:52","slug":"fulkeforradalom-utan-falkaforradalom","status":"publish","type":"post","link":"https:\/\/www.mszporoszlany.hu\/?p=244","title":{"rendered":"F\u00fclkeforradalom ut\u00e1n falkaforradalom?"},"content":{"rendered":"<p><img loading=\"lazy\" decoding=\"async\" class=\"alignleft size-full wp-image-245\" title=\"vadaszat\" src=\"https:\/\/www.mszporoszlany.hu\/wp-content\/uploads\/2012\/03\/vadaszat.jpg\" alt=\"\" width=\"200\" height=\"120\" \/>A megszerzett t\u00f6bbs\u00e9g biztos tudat\u00e1ban falk\u00e1ba t\u00f6m\u00f6r\u00fcltek \u00e9s vad\u00e1szatba kezdtek. Ahogyan az egyik p\u00e1rtvez\u00e9r\u00fck mondta: &#8222;egyenk\u00e9nt fogunk levad\u00e1szni benneteket!&#8221;<\/p>\n<p><!--more--><\/p>\n<p>A vad\u00e1szat elkezd\u0151d\u00f6tt Oroszl\u00e1nyban is. A polg\u00e1rmester a v\u00e1ros p\u00e9nz\u00e9n megrendelt egy akkor m\u00e9g p\u00e9nz\u00fcgyi vizsg\u00e1latnak nevezett tanulm\u00e1nyt. Azt \u00e1ll\u00edtotta, hogy az elm\u00falt 12 \u00e9vet vizsg\u00e1lj\u00e1k, tanuls\u00e1gok levon\u00e1sa v\u00e9gett. \u00c1m a vizsg\u00e1lat eredm\u00e9nye nem azt mutatta, hogy k\u00edv\u00e1ncsiak lenn\u00e9nek a v\u00e1rosi k\u00f6lts\u00e9gvet\u00e9s alakul\u00e1s\u00e1ra, az elk\u00f6lt\u00f6tt p\u00e9nzek \u00e9s megszerzett bev\u00e9telek felhaszn\u00e1l\u00e1s\u00e1ra, a p\u00e9nz\u00fcgyi rendszer m\u0171k\u00f6d\u00e9s\u00e9re, a hivatal \u00e9s az int\u00e9zm\u00e9nyek gazd\u00e1lkod\u00e1s\u00e1ra. Pedig ezek val\u00f3di k\u00e9pet adhatn\u00e1nak a v\u00e1ros p\u00e9nz\u00fcgyeir\u0151l. Nem! Kiemeltek n\u00e9h\u00e1ny \u00fcgyet, amivel be akart\u00e1k bizony\u00edtani, micsoda k\u00e1rt okoztak itt az el\u0151z\u0151 vezet\u00e9s emberei! A vizsg\u00e1lathoz \u0151k adt\u00e1k az adatokat, dokumentumokat, h\u00e1tha siker\u00fcl ezeket olyan sz\u00ednben felt\u00fcntetni, mintha m\u00e1r csak al\u00e1 kellene t\u00e1masztani vel\u00fck az \u00edt\u00e9letet.<\/p>\n<p>F\u00e9lre\u00e9rtett\u00e9k A tan\u00fa c\u00edm\u0171 filmet. Azt nem receptk\u00f6nyvnek sz\u00e1nta Bacs\u00f3 P\u00e9ter. \u0150k m\u00e9gis ebb\u0151l tanultak. K\u00e9sz az \u00edt\u00e9let, m\u00e1r csak meg kell alkotni az \u00fcgyet!<\/p>\n<p>Mi\u00e9rt van erre sz\u00fcks\u00e9g? Mert az ellenfelet csak k\u00e9t m\u00f3don lehet legy\u0151zni: vagy jobban kell teljes\u00edteni, vagy el kell g\u00e1ncsolni. Az els\u0151 m\u00f3dszer neh\u00e9z \u00e9s bizonytalan, sok munk\u00e1val j\u00e1r. A m\u00e1sodikn\u00e1l elegend\u0151 a bej\u00e1ratott g\u00e9pezetet elind\u00edtani. Bele kell keverni valamilyen \u00fcgybe a politikai ellenfelet, be kell s\u00e1rozni valamivel, lehet\u0151leg eljuttatni a b\u00edr\u00f3s\u00e1gig, hogy mindenki azt gondolhassa, nem z\u00f6r\u00f6g a haraszt, ha\u2026 Az elj\u00e1r\u00e1s v\u00e9g\u00e9re m\u00e1r senki nem k\u00edv\u00e1ncsi. Ahogy a g\u00e1t\u0151r l\u00e1nya mondta a filmben &#8222;\u2026 az a l\u00e9nyeg, hogy p\u00e9ld\u00e1t kell statu\u00e1lni&#8221;.<\/p>\n<p>Hogy mindez aljas \u00e9s sunyi m\u00f3don megy v\u00e9gbe? Term\u00e9szetesen. M\u00e1shogy nem is lehets\u00e9ges. Meg kellett v\u00e1rni, am\u00edg nyeregben \u00e9rezhett\u00e9k magukat. K\u00fcl\u00f6nben mi\u00e9rt nem akkor tettek feljelent\u00e9st, amikor benne voltak minden test\u00fcletben, fel\u00fcgyel\u0151 bizotts\u00e1gban, igazgat\u00f3s\u00e1gban? Vagy nem az\u00e9rt kapt\u00e1k a megb\u00edz\u00e1st \u00e9s a tiszteletd\u00edjat, hogy \u0151rk\u00f6djenek a v\u00e1ros vagyon\u00e1n?<\/p>\n<p>Valami b\u0171zlik ebben az \u00fcgyben. Erk\u00f6lcsi tisztas\u00e1gr\u00f3l besz\u00e9lnek. Vajon mikor tisztultak meg? A f\u00fclkeforradalomban? A polg\u00e1rmester nyilatkozat\u00e1ban a jogszab\u00e1lyok k\u00f6vet\u00e9s\u00e9r\u0151l, a hat\u00f3s\u00e1gokkal t\u00f6rt\u00e9n\u0151 egy\u00fcttm\u0171k\u00f6d\u00e9sr\u0151l besz\u00e9lt. Ha k\u00f6vetik, akkor mi\u00e9rt \u00edt\u00e9lkeztek m\u00e1r el\u0151re arr\u00f3l, akit lemondattak k\u00e9pvisel\u0151i megb\u00edz\u00e1s\u00e1r\u00f3l, vagy arr\u00f3l, akinek megsz\u00fcntett\u00e9k a szerz\u0151d\u00e9s\u00e9t? \u0150ket mi\u00e9rt nem illeti meg az \u00e1rtatlans\u00e1g v\u00e9lelme? Csak nem az\u00e9rt, mert m\u00e1r r\u00e9gen elk\u00e9sz\u00fclt az \u00edt\u00e9let \u201ea \u2019la Vir\u00e1g elvt\u00e1rs\u201d?<\/p>\n","protected":false},"excerpt":{"rendered":"<p>A megszerzett t\u00f6bbs\u00e9g biztos tudat\u00e1ban falk\u00e1ba t\u00f6m\u00f6r\u00fcltek \u00e9s vad\u00e1szatba kezdtek. Ahogyan az egyik p\u00e1rtvez\u00e9r\u00fck mondta: &#8222;egyenk\u00e9nt fogunk levad\u00e1szni benneteket!&#8221; <a href=\"https:\/\/www.mszporoszlany.hu\/?p=244\">Egy kattint\u00e1s ide a folytat\u00e1shoz&#8230;. <span class=\"meta-nav\">&rarr;<\/span><\/a><\/p>\n","protected":false},"author":35,"featured_media":0,"comment_status":"open","ping_status":"closed","sticky":false,"template":"","format":"standard","meta":{"footnotes":""},"categories":[194],"tags":[138,137,70,139],"class_list":["post-244","post","type-post","status-publish","format-standard","hentry","category-oroszlany","tag-bacso-peter","tag-penzugyi-vizsgalat","tag-polgarmester","tag-virag-elvtars"],"_links":{"self":[{"href":"https:\/\/www.mszporoszlany.hu\/index.php?rest_route=\/wp\/v2\/posts\/244","targetHints":{"allow":["GET"]}}],"collection":[{"href":"https:\/\/www.mszporoszlany.hu\/index.php?rest_route=\/wp\/v2\/posts"}],"about":[{"href":"https:\/\/www.mszporoszlany.hu\/index.php?rest_route=\/wp\/v2\/types\/post"}],"author":[{"embeddable":true,"href":"https:\/\/www.mszporoszlany.hu\/index.php?rest_route=\/wp\/v2\/users\/35"}],"replies":[{"embeddable":true,"href":"https:\/\/www.mszporoszlany.hu\/index.php?rest_route=%2Fwp%2Fv2%2Fcomments&post=244"}],"version-history":[{"count":0,"href":"https:\/\/www.mszporoszlany.hu\/index.php?rest_route=\/wp\/v2\/posts\/244\/revisions"}],"wp:attachment":[{"href":"https:\/\/www.mszporoszlany.hu\/index.php?rest_route=%2Fwp%2Fv2%2Fmedia&parent=244"}],"wp:term":[{"taxonomy":"category","embeddable":true,"href":"https:\/\/www.mszporoszlany.hu\/index.php?rest_route=%2Fwp%2Fv2%2Fcategories&post=244"},{"taxonomy":"post_tag","embeddable":true,"href":"https:\/\/www.mszporoszlany.hu\/index.php?rest_route=%2Fwp%2Fv2%2Ftags&post=244"}],"curies":[{"name":"wp","href":"https:\/\/api.w.org\/{rel}","templated":true}]}}