{"id":2448,"date":"2013-12-19T00:00:00","date_gmt":"2013-12-18T23:00:00","guid":{"rendered":"http:\/\/www.mszporoszlany.hu\/?p=2448"},"modified":"2014-01-13T23:56:22","modified_gmt":"2014-01-13T22:56:22","slug":"adomany-a-raszorultaknak","status":"publish","type":"post","link":"https:\/\/www.mszporoszlany.hu\/?p=2448","title":{"rendered":"Adom\u00e1ny a r\u00e1szorultaknak"},"content":{"rendered":"<p><img loading=\"lazy\" decoding=\"async\" class=\"alignleft size-full wp-image-2449\" alt=\"LazokZoltan\" src=\"https:\/\/www.mszporoszlany.hu\/wp-content\/uploads\/2014\/01\/LazokZoltan.png\" width=\"200\" height=\"120\" \/>K\u00f6zel k\u00e9tsz\u00e1zezer forintnyi adom\u00e1nyt gy\u0171jt\u00f6ttek \u00f6ssze az elm\u00falt napokban az oroszl\u00e1nyi K\u00f6z\u00e9leti Klub aktivist\u00e1i. A kar\u00e1csonyra sz\u00e1nt aj\u00e1nd\u00e9kokat Torma Lajos telep\u00fcl\u00e9si k\u00e9pvisel\u0151, valamint Laz\u00f3k Zolt\u00e1n, az OSZ Zrt. volt vez\u00e9rigazgat\u00f3ja adta \u00e1t cs\u00fct\u00f6rt\u00f6k\u00f6n k\u00e9t v\u00e1rosi int\u00e9zm\u00e9ny els\u0151 ember\u00e9nek.<\/p>\n<p><!--more--><\/p>\n<p>M\u00e1tics Katalin a szoci\u00e1lis szolg\u00e1lat vezet\u0151jek\u00e9nt az \u00e1ltaluk gondozottak \u00e9s ell\u00e1tottak nev\u00e9ben k\u00f6sz\u00f6nte meg az els\u0151sorban t\u00e9li ruh\u00e1zatot \u00e9s l\u00e1bbeliket tartalmaz\u00f3 csomagokat, amik tartalm\u00e1t a v\u00e1logat\u00e1st k\u00f6vet\u0151en osztanak ki a r\u00e1szorultaknak.<\/p>\n<div id=\"attachment_2450\" style=\"width: 510px\" class=\"wp-caption aligncenter\"><img loading=\"lazy\" decoding=\"async\" aria-describedby=\"caption-attachment-2450\" class=\"size-full wp-image-2450\" alt=\"M\u00e1tics Katalin \u00e9s az adom\u00e1ny \u00e1tad\u00f3k\" src=\"https:\/\/www.mszporoszlany.hu\/wp-content\/uploads\/2014\/01\/KKAdomany1.png\" width=\"500\" height=\"350\" srcset=\"https:\/\/www.mszporoszlany.hu\/wp-content\/uploads\/2014\/01\/KKAdomany1.png 500w, https:\/\/www.mszporoszlany.hu\/wp-content\/uploads\/2014\/01\/KKAdomany1-320x224.png 320w\" sizes=\"auto, (max-width: 500px) 100vw, 500px\" \/><p id=\"caption-attachment-2450\" class=\"wp-caption-text\">M\u00e1tics Katalin \u00e9s az adom\u00e1ny \u00e1tad\u00f3k<\/p><\/div>\n<p>A Brunszvik \u00f3vod\u00e1ban Benyiczki \u00c1gota a v\u00e1rosi gyermekint\u00e9zm\u00e9nyek vezet\u0151je fogadta a k\u00e9ttag\u00fa k\u00fcld\u00f6tts\u00e9get. Ide a sok-sok j\u00e1t\u00e9k mellett mesek\u00f6nyveket \u00e9s m\u0171soros CD lemezeket vittek az aj\u00e1nd\u00e9koz\u00f3k.<\/p>\n<div id=\"attachment_2451\" style=\"width: 510px\" class=\"wp-caption aligncenter\"><img loading=\"lazy\" decoding=\"async\" aria-describedby=\"caption-attachment-2451\" class=\"size-full wp-image-2451\" alt=\"Benyiczki \u00c1gota \u00e9s az adom\u00e1ny &quot;sz\u00e1ll\u00edt\u00f3k&quot;\" src=\"https:\/\/www.mszporoszlany.hu\/wp-content\/uploads\/2014\/01\/KKAdomany2.png\" width=\"500\" height=\"350\" srcset=\"https:\/\/www.mszporoszlany.hu\/wp-content\/uploads\/2014\/01\/KKAdomany2.png 500w, https:\/\/www.mszporoszlany.hu\/wp-content\/uploads\/2014\/01\/KKAdomany2-320x224.png 320w\" sizes=\"auto, (max-width: 500px) 100vw, 500px\" \/><p id=\"caption-attachment-2451\" class=\"wp-caption-text\">Benyiczki \u00c1gota \u00e9s az adom\u00e1ny &#8222;sz\u00e1ll\u00edt\u00f3k&#8221;<\/p><\/div>\n<p>Mint azt Laz\u00f3k Zolt\u00e1n elmondta: kar\u00e1csony k\u00f6zeledt\u00e9vel civil \u00e9s t\u00e1rsadalmi szervezetek sokas\u00e1ga kezd adom\u00e1nygy\u0171jt\u00e9sbe, hogy megk\u00f6nny\u00edts\u00e9k a r\u00e1szorul\u00f3 csal\u00e1dok, valamint szeg\u00e9nysorban teng\u0151d\u0151 embert\u00e1rsaik \u00e9let\u00e9t az \u00fcnnepek idej\u00e9n, azonban a K\u00f6z\u00e9leti Klub aktivist\u00e1i nemcsak ilyenkor k\u00edv\u00e1nnak kamp\u00e1nygy\u0171jt\u00e9seket szervezni, hanem rendszeress\u00e9, folyamatoss\u00e1 k\u00edv\u00e1nj\u00e1k tenni a seg\u00edts\u00e9gny\u00fajt\u00e1st.<\/p>\n","protected":false},"excerpt":{"rendered":"<p>K\u00f6zel k\u00e9tsz\u00e1zezer forintnyi adom\u00e1nyt gy\u0171jt\u00f6ttek \u00f6ssze az elm\u00falt napokban az oroszl\u00e1nyi K\u00f6z\u00e9leti Klub aktivist\u00e1i. A kar\u00e1csonyra sz\u00e1nt aj\u00e1nd\u00e9kokat Torma Lajos telep\u00fcl\u00e9si k\u00e9pvisel\u0151, valamint Laz\u00f3k Zolt\u00e1n, az OSZ Zrt. volt vez\u00e9rigazgat\u00f3ja adta \u00e1t cs\u00fct\u00f6rt\u00f6k\u00f6n k\u00e9t v\u00e1rosi int\u00e9zm\u00e9ny els\u0151 ember\u00e9nek. <a href=\"https:\/\/www.mszporoszlany.hu\/?p=2448\">Egy kattint\u00e1s ide a folytat\u00e1shoz&#8230;. <span class=\"meta-nav\">&rarr;<\/span><\/a><\/p>\n","protected":false},"author":35,"featured_media":0,"comment_status":"open","ping_status":"closed","sticky":false,"template":"","format":"standard","meta":{"footnotes":""},"categories":[194],"tags":[1663,1138,65,1662,1422,1661,1664],"class_list":["post-2448","post","type-post","status-publish","format-standard","hentry","category-oroszlany","tag-benyiczki-agota","tag-kozeleti-klub","tag-lazok-zoltan","tag-matics-katalin","tag-szocialis-szolgalat","tag-torma-lajos","tag-varosi-gyermekintezmenyek"],"_links":{"self":[{"href":"https:\/\/www.mszporoszlany.hu\/index.php?rest_route=\/wp\/v2\/posts\/2448","targetHints":{"allow":["GET"]}}],"collection":[{"href":"https:\/\/www.mszporoszlany.hu\/index.php?rest_route=\/wp\/v2\/posts"}],"about":[{"href":"https:\/\/www.mszporoszlany.hu\/index.php?rest_route=\/wp\/v2\/types\/post"}],"author":[{"embeddable":true,"href":"https:\/\/www.mszporoszlany.hu\/index.php?rest_route=\/wp\/v2\/users\/35"}],"replies":[{"embeddable":true,"href":"https:\/\/www.mszporoszlany.hu\/index.php?rest_route=%2Fwp%2Fv2%2Fcomments&post=2448"}],"version-history":[{"count":0,"href":"https:\/\/www.mszporoszlany.hu\/index.php?rest_route=\/wp\/v2\/posts\/2448\/revisions"}],"wp:attachment":[{"href":"https:\/\/www.mszporoszlany.hu\/index.php?rest_route=%2Fwp%2Fv2%2Fmedia&parent=2448"}],"wp:term":[{"taxonomy":"category","embeddable":true,"href":"https:\/\/www.mszporoszlany.hu\/index.php?rest_route=%2Fwp%2Fv2%2Fcategories&post=2448"},{"taxonomy":"post_tag","embeddable":true,"href":"https:\/\/www.mszporoszlany.hu\/index.php?rest_route=%2Fwp%2Fv2%2Ftags&post=2448"}],"curies":[{"name":"wp","href":"https:\/\/api.w.org\/{rel}","templated":true}]}}